{"id":76849,"date":"2021-03-26T00:28:06","date_gmt":"2021-03-26T03:28:06","guid":{"rendered":"http:\/\/infoecos.com.ar\/?p=76849"},"modified":"2021-03-26T12:18:36","modified_gmt":"2021-03-26T15:18:36","slug":"no-hubo-acuerdo-entre-el-gobierno-bonaerense-y-los-judiciales","status":"publish","type":"post","link":"https:\/\/infoecos.com.ar\/index.php\/no-hubo-acuerdo-entre-el-gobierno-bonaerense-y-los-judiciales\/","title":{"rendered":"No hubo acuerdo entre el gobierno bonaerense y los judiciales"},"content":{"rendered":"\n<p class=\"wp-block-paragraph\">En la reuni\u00f3n de este jueves el Gobierno bonaerense efectu\u00f3 una propuesta consistente en 12% de incremento a partir del 1 de marzo, 9% a partir del 1 de julio y 11% a partir del 1 de septiembre sobre los haberes de diciembre 2020 lo que acumula un 32% de aumento para los primeros nueve meses del a\u00f1o, a los Judiciales de la provincia. No hubo acuerdo en la paritaria con Provincia&nbsp;porque la propuesta fue considerada \u201cinsuficiente\u201d e inferior a la de otros trabajadores estatales.<\/p>\n\n\n\n<div class=\"wp-block-image\"><figure class=\"aligncenter size-large\"><img decoding=\"async\" src=\"http:\/\/infoecos.com.ar\/wp-content\/uploads\/unnamed-184.jpg\" alt=\"\" class=\"wp-image-55927\"\/><figcaption>Judiciales<\/figcaption><\/figure><\/div>\n\n\n\n<p class=\"wp-block-paragraph\">La AJB reiter\u00f3 el pedido de eliminaci\u00f3n de los niveles 8 y 9 para mejorar el piso salarial, la restituci\u00f3n del 3% de antig\u00fcedad respecto de los per\u00edodos que se liquidan por debajo de ese porcentaje, y la devoluci\u00f3n de los descuentos que hizo la ex gobernadora&nbsp;Mar\u00eda Eugenia Vidal&nbsp;por las medidas de fuerza en 2018 y 2019.<\/p>\n\n\n\n<p class=\"wp-block-paragraph\">A la finalizaci\u00f3n de la reuni\u00f3n, desde Provincia manifestaron que realizaran una nueva convocatoria en los pr\u00f3ximos d\u00edas.<\/p>\n","protected":false},"excerpt":{"rendered":"<p>A la finalizaci\u00f3n de la reuni\u00f3n, desde Provincia manifestaron que realizaran una nueva convocatoria en los pr\u00f3ximos d\u00edas<\/p>\n","protected":false},"author":2,"featured_media":55927,"comment_status":"closed","ping_status":"open","sticky":false,"template":"","format":"standard","meta":{"footnotes":""},"categories":[198],"tags":[3435],"class_list":["post-76849","post","type-post","status-publish","format-standard","has-post-thumbnail","hentry","category-c1nota5","tag-la-propuesta-oficial-considerada-insuficiente"],"featured_image_urls":{"full":"","thumbnail":"","medium":"","medium_large":"","large":"","1536x1536":"","2048x2048":"","covernews-slider-full":"","covernews-slider-center":"","covernews-featured":"","covernews-medium":"","covernews-medium-square":""},"author_info":{"info":["Jorge Matheus"]},"category_info":"<a href=\"https:\/\/infoecos.com.ar\/index.php\/category\/c1nota5\/\" rel=\"category tag\">C1 nota 5<\/a>","tag_info":"C1 nota 5","comment_count":"0","_links":{"self":[{"href":"https:\/\/infoecos.com.ar\/index.php\/wp-json\/wp\/v2\/posts\/76849","targetHints":{"allow":["GET"]}}],"collection":[{"href":"https:\/\/infoecos.com.ar\/index.php\/wp-json\/wp\/v2\/posts"}],"about":[{"href":"https:\/\/infoecos.com.ar\/index.php\/wp-json\/wp\/v2\/types\/post"}],"author":[{"embeddable":true,"href":"https:\/\/infoecos.com.ar\/index.php\/wp-json\/wp\/v2\/users\/2"}],"replies":[{"embeddable":true,"href":"https:\/\/infoecos.com.ar\/index.php\/wp-json\/wp\/v2\/comments?post=76849"}],"version-history":[{"count":2,"href":"https:\/\/infoecos.com.ar\/index.php\/wp-json\/wp\/v2\/posts\/76849\/revisions"}],"predecessor-version":[{"id":76898,"href":"https:\/\/infoecos.com.ar\/index.php\/wp-json\/wp\/v2\/posts\/76849\/revisions\/76898"}],"wp:attachment":[{"href":"https:\/\/infoecos.com.ar\/index.php\/wp-json\/wp\/v2\/media?parent=76849"}],"wp:term":[{"taxonomy":"category","embeddable":true,"href":"https:\/\/infoecos.com.ar\/index.php\/wp-json\/wp\/v2\/categories?post=76849"},{"taxonomy":"post_tag","embeddable":true,"href":"https:\/\/infoecos.com.ar\/index.php\/wp-json\/wp\/v2\/tags?post=76849"}],"curies":[{"name":"wp","href":"https:\/\/api.w.org\/{rel}","templated":true}]}}