{"id":76853,"date":"2021-03-26T00:49:31","date_gmt":"2021-03-26T03:49:31","guid":{"rendered":"http:\/\/infoecos.com.ar\/?p=76853"},"modified":"2021-03-29T02:38:42","modified_gmt":"2021-03-29T05:38:42","slug":"se-autorizo-la-aplicacion-de-la-vacuna-sinopharm-a-mayores-de-60-anos","status":"publish","type":"post","link":"https:\/\/infoecos.com.ar\/index.php\/se-autorizo-la-aplicacion-de-la-vacuna-sinopharm-a-mayores-de-60-anos\/","title":{"rendered":"Se autoriz\u00f3 la aplicaci\u00f3n de la vacuna Sinopharm a mayores de 60 a\u00f1os"},"content":{"rendered":"\n<p class=\"wp-block-paragraph\">La ministra de Salud, Carla Vizzotti, anunci\u00f3 que la Administraci\u00f3n Nacional de Medicamentos y Tecnolog\u00eda M\u00e9dica (Anmat) recomend\u00f3 a la cartera a su cargo autorizar el uso de emergencia de la vacuna Sinopharm contra el coronavirus en el grupo de mayores de 60 a\u00f1os.<\/p>\n\n\n\n<p class=\"wp-block-paragraph\"><strong>De esta forma, la vacuna provista por el Beijing Institute of Biological Products, podr\u00e1 utilizarse en nuestro pa\u00eds para avanzar en la inmunizaci\u00f3n de este grupo de riesgo.<\/strong><\/p>\n\n\n\n<div class=\"wp-block-image\"><figure class=\"aligncenter size-medium\"><img loading=\"lazy\" decoding=\"async\" width=\"460\" height=\"258\" src=\"http:\/\/infoecos.com.ar\/wp-content\/uploads\/2021\/03\/VIZZOTTICARLA-460x258.jpg\" alt=\"\" class=\"wp-image-76854\" srcset=\"https:\/\/infoecos.com.ar\/wp-content\/uploads\/2021\/03\/VIZZOTTICARLA-460x258.jpg 460w, https:\/\/infoecos.com.ar\/wp-content\/uploads\/2021\/03\/VIZZOTTICARLA-920x517.jpg 920w, https:\/\/infoecos.com.ar\/wp-content\/uploads\/2021\/03\/VIZZOTTICARLA-768x431.jpg 768w, https:\/\/infoecos.com.ar\/wp-content\/uploads\/2021\/03\/VIZZOTTICARLA.jpg 1004w\" sizes=\"auto, (max-width: 460px) 100vw, 460px\" \/><\/figure><\/div>\n\n\n\n<p class=\"wp-block-paragraph\">La Anmat indic\u00f3 que&nbsp;<strong>\u00abla seguridad analizada en el ensayo de Fase III entre el grupo de vacunados y el grupo placebo, resulta con un perfil aceptable y hasta el momento del an\u00e1lisis no hubo eventos adversos inesperados o graves relacionados al producto\u00bb<\/strong>.<\/p>\n\n\n\n<p class=\"wp-block-paragraph\">La inmunogenicidad correspondiente al grupo etario de mayores de 60 a\u00f1os presenta una cantidad de anticuerpos neutralizantes compatible con el de menores de 59 a\u00f1os.<\/p>\n\n\n\n<p class=\"wp-block-paragraph\">De acuerdo con el cronograma de vacunaci\u00f3n de la cartera sanitaria, el total de adultos que son mayores de 60 a\u00f1os o viven en geri\u00e1tricos asciende aproximadamente a 7.375.000, y ocupan el tercer lugar de prioridad detr\u00e1s de los mayores de 70 a\u00f1os y el personal de establecimientos de salud p\u00fablico y privado, que suman cerca de 763 mil trabajadores.<\/p>\n\n\n\n<p class=\"wp-block-paragraph\"><strong>Seg\u00fan el an\u00e1lisis interino, la eficacia de la vacuna Sinopharm determinada en el ensayo cl\u00ednico en el que participaron 25.730 voluntarios es 78,89%.<\/strong><\/p>\n\n\n\n<figure class=\"wp-block-embed is-type-video is-provider-youtube wp-block-embed-youtube wp-embed-aspect-16-9 wp-has-aspect-ratio\"><div class=\"wp-block-embed__wrapper\">\n<iframe loading=\"lazy\" title=\"Anuncian la autorizaci\u00f3n de emergencia de la vacuna Sinopharm para adultos mayores de 60 a\u00f1os\" width=\"640\" height=\"360\" src=\"https:\/\/www.youtube.com\/embed\/QfGv-UDjY-o?start=1&#038;feature=oembed\" frameborder=\"0\" allow=\"accelerometer; autoplay; clipboard-write; encrypted-media; gyroscope; picture-in-picture; web-share\" referrerpolicy=\"strict-origin-when-cross-origin\" allowfullscreen><\/iframe>\n<\/div><\/figure>\n","protected":false},"excerpt":{"rendered":"<p>Seg\u00fan el an\u00e1lisis interino, la eficacia de la vacuna Sinopharm determinada en el ensayo cl\u00ednico en el que participaron 25.730 voluntarios es 78,89%<\/p>\n","protected":false},"author":2,"featured_media":76855,"comment_status":"closed","ping_status":"open","sticky":false,"template":"","format":"standard","meta":{"footnotes":""},"categories":[1327,1333,1328],"tags":[3437],"class_list":["post-76853","post","type-post","status-publish","format-standard","has-post-thumbnail","hentry","category-audio","category-inferior13","category-video","tag-lo-decidio-la-anmat-y-lo-anuncio-vizzotti"],"featured_image_urls":{"full":["https:\/\/infoecos.com.ar\/wp-content\/uploads\/2021\/03\/SINOPHARM.jpg",300,168,false],"thumbnail":["https:\/\/infoecos.com.ar\/wp-content\/uploads\/2021\/03\/SINOPHARM-150x150.jpg",150,150,true],"medium":["https:\/\/infoecos.com.ar\/wp-content\/uploads\/2021\/03\/SINOPHARM.jpg",300,168,false],"medium_large":["https:\/\/infoecos.com.ar\/wp-content\/uploads\/2021\/03\/SINOPHARM.jpg",300,168,false],"large":["https:\/\/infoecos.com.ar\/wp-content\/uploads\/2021\/03\/SINOPHARM.jpg",300,168,false],"1536x1536":["https:\/\/infoecos.com.ar\/wp-content\/uploads\/2021\/03\/SINOPHARM.jpg",300,168,false],"2048x2048":["https:\/\/infoecos.com.ar\/wp-content\/uploads\/2021\/03\/SINOPHARM.jpg",300,168,false],"covernews-slider-full":["https:\/\/infoecos.com.ar\/wp-content\/uploads\/2021\/03\/SINOPHARM.jpg",300,168,false],"covernews-slider-center":["https:\/\/infoecos.com.ar\/wp-content\/uploads\/2021\/03\/SINOPHARM.jpg",300,168,false],"covernews-featured":["https:\/\/infoecos.com.ar\/wp-content\/uploads\/2021\/03\/SINOPHARM.jpg",300,168,false],"covernews-medium":["https:\/\/infoecos.com.ar\/wp-content\/uploads\/2021\/03\/SINOPHARM.jpg",300,168,false],"covernews-medium-square":["https:\/\/infoecos.com.ar\/wp-content\/uploads\/2021\/03\/SINOPHARM.jpg",300,168,false]},"author_info":{"info":["Jorge Matheus"]},"category_info":"<a href=\"https:\/\/infoecos.com.ar\/index.php\/category\/audio\/\" rel=\"category tag\">Audio<\/a> <a href=\"https:\/\/infoecos.com.ar\/index.php\/category\/inferior13\/\" rel=\"category tag\">Bloque inferior - 13<\/a> <a href=\"https:\/\/infoecos.com.ar\/index.php\/category\/video\/\" rel=\"category tag\">Video<\/a>","tag_info":"Video","comment_count":"0","_links":{"self":[{"href":"https:\/\/infoecos.com.ar\/index.php\/wp-json\/wp\/v2\/posts\/76853","targetHints":{"allow":["GET"]}}],"collection":[{"href":"https:\/\/infoecos.com.ar\/index.php\/wp-json\/wp\/v2\/posts"}],"about":[{"href":"https:\/\/infoecos.com.ar\/index.php\/wp-json\/wp\/v2\/types\/post"}],"author":[{"embeddable":true,"href":"https:\/\/infoecos.com.ar\/index.php\/wp-json\/wp\/v2\/users\/2"}],"replies":[{"embeddable":true,"href":"https:\/\/infoecos.com.ar\/index.php\/wp-json\/wp\/v2\/comments?post=76853"}],"version-history":[{"count":1,"href":"https:\/\/infoecos.com.ar\/index.php\/wp-json\/wp\/v2\/posts\/76853\/revisions"}],"predecessor-version":[{"id":76856,"href":"https:\/\/infoecos.com.ar\/index.php\/wp-json\/wp\/v2\/posts\/76853\/revisions\/76856"}],"wp:featuredmedia":[{"embeddable":true,"href":"https:\/\/infoecos.com.ar\/index.php\/wp-json\/wp\/v2\/media\/76855"}],"wp:attachment":[{"href":"https:\/\/infoecos.com.ar\/index.php\/wp-json\/wp\/v2\/media?parent=76853"}],"wp:term":[{"taxonomy":"category","embeddable":true,"href":"https:\/\/infoecos.com.ar\/index.php\/wp-json\/wp\/v2\/categories?post=76853"},{"taxonomy":"post_tag","embeddable":true,"href":"https:\/\/infoecos.com.ar\/index.php\/wp-json\/wp\/v2\/tags?post=76853"}],"curies":[{"name":"wp","href":"https:\/\/api.w.org\/{rel}","templated":true}]}}