{"id":76857,"date":"2021-03-26T01:06:24","date_gmt":"2021-03-26T04:06:24","guid":{"rendered":"http:\/\/infoecos.com.ar\/?p=76857"},"modified":"2021-03-29T02:11:24","modified_gmt":"2021-03-29T05:11:24","slug":"el-instituto-de-prevision-social-de-buenos-aires-informo-las-fechas-de-pago-de-este-mes","status":"publish","type":"post","link":"https:\/\/infoecos.com.ar\/index.php\/el-instituto-de-prevision-social-de-buenos-aires-informo-las-fechas-de-pago-de-este-mes\/","title":{"rendered":"El Instituto de Previsi\u00f3n Social de Buenos Aires inform\u00f3 las fechas de pago de este mes"},"content":{"rendered":"\n<p class=\"wp-block-paragraph\">El Instituto de Previsi\u00f3n Social Bonaerense (IPS) informa que los jubilados y pensionados de la Provincia de Buenos Aires percibir\u00e1n los haberes del mes de marzo entre los d\u00edas martes 30 y mi\u00e9rcoles 31 del corriente, seg\u00fan cronograma que se detalla a continuaci\u00f3n.<\/p>\n\n\n\n<div class=\"wp-block-image\"><figure class=\"aligncenter size-medium\"><img loading=\"lazy\" decoding=\"async\" width=\"460\" height=\"306\" src=\"http:\/\/infoecos.com.ar\/wp-content\/uploads\/2021\/02\/ips-460x306.jpeg\" alt=\"\" class=\"wp-image-74484\" srcset=\"https:\/\/infoecos.com.ar\/wp-content\/uploads\/2021\/02\/ips-460x306.jpeg 460w, https:\/\/infoecos.com.ar\/wp-content\/uploads\/2021\/02\/ips-675x450.jpeg 675w, https:\/\/infoecos.com.ar\/wp-content\/uploads\/2021\/02\/ips.jpeg 680w\" sizes=\"auto, (max-width: 460px) 100vw, 460px\" \/><\/figure><\/div>\n\n\n\n<p class=\"wp-block-paragraph\"><strong>Martes 30:&nbsp;<\/strong>pensiones sociales y beneficios con documentos terminados en 0, 1, 2, y 3.<\/p>\n\n\n\n<p class=\"wp-block-paragraph\"><strong>Mi\u00e9rcoles 31:&nbsp;<\/strong>documentos terminados en 4, 5, 6, 7, 8, y 9.<\/p>\n\n\n\n<p class=\"wp-block-paragraph\">Junto con la informaci\u00f3n del cronograma de pagos de febrero, el IPS recuerda que:<\/p>\n\n\n\n<p class=\"wp-block-paragraph\">&#8211; Todos los tr\u00e1mites del IPS se realizan de forma online. Si los interesados a\u00fan no obtuvieron su turno, deber\u00e1n acceder a http:\/\/www.ips.gba.gob.ar\/tramites_remotos.html y solicitar un turno de atenci\u00f3n No presencial en Sede de Inicio La Plata o bien en cualquier Centro de Atenci\u00f3n Previsional habilitado en el interior de la Provincia.<\/p>\n","protected":false},"excerpt":{"rendered":"<p>Junto con la informaci\u00f3n del cronograma de pagos de febrero, el IPS recuerda que todos los tr\u00e1mites del IPS se realizan de forma online<\/p>\n","protected":false},"author":2,"featured_media":76858,"comment_status":"closed","ping_status":"open","sticky":false,"template":"","format":"standard","meta":{"footnotes":""},"categories":[1326],"tags":[3438],"class_list":["post-76857","post","type-post","status-publish","format-standard","has-post-thumbnail","hentry","category-c2nota6","tag-martes-30-y-miercoles-31"],"featured_image_urls":{"full":["https:\/\/infoecos.com.ar\/wp-content\/uploads\/2021\/03\/CronoMarzo21.jpg",450,450,false],"thumbnail":["https:\/\/infoecos.com.ar\/wp-content\/uploads\/2021\/03\/CronoMarzo21-150x150.jpg",150,150,true],"medium":["https:\/\/infoecos.com.ar\/wp-content\/uploads\/2021\/03\/CronoMarzo21.jpg",450,450,false],"medium_large":["https:\/\/infoecos.com.ar\/wp-content\/uploads\/2021\/03\/CronoMarzo21.jpg",450,450,false],"large":["https:\/\/infoecos.com.ar\/wp-content\/uploads\/2021\/03\/CronoMarzo21.jpg",450,450,false],"1536x1536":["https:\/\/infoecos.com.ar\/wp-content\/uploads\/2021\/03\/CronoMarzo21.jpg",450,450,false],"2048x2048":["https:\/\/infoecos.com.ar\/wp-content\/uploads\/2021\/03\/CronoMarzo21.jpg",450,450,false],"covernews-slider-full":["https:\/\/infoecos.com.ar\/wp-content\/uploads\/2021\/03\/CronoMarzo21.jpg",450,450,false],"covernews-slider-center":["https:\/\/infoecos.com.ar\/wp-content\/uploads\/2021\/03\/CronoMarzo21.jpg",450,450,false],"covernews-featured":["https:\/\/infoecos.com.ar\/wp-content\/uploads\/2021\/03\/CronoMarzo21.jpg",450,450,false],"covernews-medium":["https:\/\/infoecos.com.ar\/wp-content\/uploads\/2021\/03\/CronoMarzo21-450x380.jpg",403,340,true],"covernews-medium-square":["https:\/\/infoecos.com.ar\/wp-content\/uploads\/2021\/03\/CronoMarzo21.jpg",250,250,false]},"author_info":{"info":["Jorge Matheus"]},"category_info":"<a href=\"https:\/\/infoecos.com.ar\/index.php\/category\/c2nota6\/\" rel=\"category tag\">C2 N6<\/a>","tag_info":"C2 N6","comment_count":"0","_links":{"self":[{"href":"https:\/\/infoecos.com.ar\/index.php\/wp-json\/wp\/v2\/posts\/76857","targetHints":{"allow":["GET"]}}],"collection":[{"href":"https:\/\/infoecos.com.ar\/index.php\/wp-json\/wp\/v2\/posts"}],"about":[{"href":"https:\/\/infoecos.com.ar\/index.php\/wp-json\/wp\/v2\/types\/post"}],"author":[{"embeddable":true,"href":"https:\/\/infoecos.com.ar\/index.php\/wp-json\/wp\/v2\/users\/2"}],"replies":[{"embeddable":true,"href":"https:\/\/infoecos.com.ar\/index.php\/wp-json\/wp\/v2\/comments?post=76857"}],"version-history":[{"count":1,"href":"https:\/\/infoecos.com.ar\/index.php\/wp-json\/wp\/v2\/posts\/76857\/revisions"}],"predecessor-version":[{"id":76859,"href":"https:\/\/infoecos.com.ar\/index.php\/wp-json\/wp\/v2\/posts\/76857\/revisions\/76859"}],"wp:featuredmedia":[{"embeddable":true,"href":"https:\/\/infoecos.com.ar\/index.php\/wp-json\/wp\/v2\/media\/76858"}],"wp:attachment":[{"href":"https:\/\/infoecos.com.ar\/index.php\/wp-json\/wp\/v2\/media?parent=76857"}],"wp:term":[{"taxonomy":"category","embeddable":true,"href":"https:\/\/infoecos.com.ar\/index.php\/wp-json\/wp\/v2\/categories?post=76857"},{"taxonomy":"post_tag","embeddable":true,"href":"https:\/\/infoecos.com.ar\/index.php\/wp-json\/wp\/v2\/tags?post=76857"}],"curies":[{"name":"wp","href":"https:\/\/api.w.org\/{rel}","templated":true}]}}