{"id":76863,"date":"2021-03-26T01:25:28","date_gmt":"2021-03-26T04:25:28","guid":{"rendered":"http:\/\/infoecos.com.ar\/?p=76863"},"modified":"2021-03-27T03:25:57","modified_gmt":"2021-03-27T06:25:57","slug":"encuentro-de-actividades-fisicas-para-ninas-y-ninos-de-6-a-12-anos-en-la-escuela-tecnica-de-trenque-lauquen","status":"publish","type":"post","link":"https:\/\/infoecos.com.ar\/index.php\/encuentro-de-actividades-fisicas-para-ninas-y-ninos-de-6-a-12-anos-en-la-escuela-tecnica-de-trenque-lauquen\/","title":{"rendered":"Encuentro de Actividades F\u00edsicas para ni\u00f1as y ni\u00f1os de 6 a 12 a\u00f1os en la Escuela T\u00e9cnica de Trenque Lauquen"},"content":{"rendered":"\n<p class=\"wp-block-paragraph\">En el marco del Programa \u00danico de Atletismo (P\u00daA) y con el objetivo de promocionar el deporte en los barrios pensando en los m\u00e1s chicos, el s\u00e1bado 27 de abril tendr\u00e1 lugar un Encuentro de Actividades F\u00edsicas vinculadas al Deporte, a partir de las 14 horas en el gimnasio de la Escuela de Educaci\u00f3n T\u00e9cnica n\u00ba 1 de Trenque Lauquen, inform\u00f3 la direcci\u00f3n de Deportes del Municipio.<\/p>\n\n\n\n<div class=\"wp-block-image\"><figure class=\"aligncenter size-large\"><img loading=\"lazy\" decoding=\"async\" width=\"512\" height=\"384\" src=\"http:\/\/infoecos.com.ar\/wp-content\/uploads\/2021\/03\/escuelatectl.jpg\" alt=\"\" class=\"wp-image-76864\" srcset=\"https:\/\/infoecos.com.ar\/wp-content\/uploads\/2021\/03\/escuelatectl.jpg 512w, https:\/\/infoecos.com.ar\/wp-content\/uploads\/2021\/03\/escuelatectl-460x345.jpg 460w\" sizes=\"auto, (max-width: 512px) 100vw, 512px\" \/><\/figure><\/div>\n\n\n\n<p class=\"wp-block-paragraph\">La propuesta est\u00e1 destinada a ni\u00f1os y ni\u00f1as de 6 a 12 a\u00f1os de edad y la inscripci\u00f3n, que es libre y gratuita, podr\u00e1 realizarse en el mismo lugar.<\/p>\n\n\n\n<p class=\"wp-block-paragraph\">Las disciplinas en las que los chicos\/as podr\u00e1n participar son las siguientes:<\/p>\n\n\n\n<p class=\"wp-block-paragraph\">. <strong>Atletismo<\/strong> (40- 60- 80 y 100 metros)<\/p>\n\n\n\n<p class=\"wp-block-paragraph\">. <strong>Bala<\/strong><\/p>\n\n\n\n<p class=\"wp-block-paragraph\">. <strong>Salto en largo<\/strong><\/p>\n\n\n\n<p class=\"wp-block-paragraph\">. <strong>Lanzamiento de pelota de softball<\/strong><\/p>\n\n\n\n<p class=\"wp-block-paragraph\">*<strong>REGLAMENTO<\/strong><\/p>\n\n\n\n<p class=\"wp-block-paragraph\">. Podr\u00e1n participar ni\u00f1os y ni\u00f1as desde los 6 a los 12 a\u00f1os.<\/p>\n\n\n\n<p class=\"wp-block-paragraph\">. Saltos y lanzamientos: tendr\u00e1n tres intentos en forma consecutiva<\/p>\n\n\n\n<p class=\"wp-block-paragraph\">. Una vez que terminen de realizar cada salto o lanzamiento, los chicos y chicas, se retirar\u00e1n del lugar de competencia.<\/p>\n","protected":false},"excerpt":{"rendered":"<p>A partir de las 14 horas en el gimnasio de la Escuela de Educaci\u00f3n T\u00e9cnica n\u00ba 1 de Trenque Lauquen, inform\u00f3 la direcci\u00f3n de Deportes del Municipio<\/p>\n","protected":false},"author":2,"featured_media":76864,"comment_status":"closed","ping_status":"open","sticky":false,"template":"","format":"standard","meta":{"footnotes":""},"categories":[1323],"tags":[3440],"class_list":["post-76863","post","type-post","status-publish","format-standard","has-post-thumbnail","hentry","category-c2nota5","tag-el-sabado-27-de-marzo"],"featured_image_urls":{"full":["https:\/\/infoecos.com.ar\/wp-content\/uploads\/2021\/03\/escuelatectl.jpg",512,384,false],"thumbnail":["https:\/\/infoecos.com.ar\/wp-content\/uploads\/2021\/03\/escuelatectl-150x150.jpg",150,150,true],"medium":["https:\/\/infoecos.com.ar\/wp-content\/uploads\/2021\/03\/escuelatectl-460x345.jpg",460,345,true],"medium_large":["https:\/\/infoecos.com.ar\/wp-content\/uploads\/2021\/03\/escuelatectl.jpg",512,384,false],"large":["https:\/\/infoecos.com.ar\/wp-content\/uploads\/2021\/03\/escuelatectl.jpg",512,384,false],"1536x1536":["https:\/\/infoecos.com.ar\/wp-content\/uploads\/2021\/03\/escuelatectl.jpg",512,384,false],"2048x2048":["https:\/\/infoecos.com.ar\/wp-content\/uploads\/2021\/03\/escuelatectl.jpg",512,384,false],"covernews-slider-full":["https:\/\/infoecos.com.ar\/wp-content\/uploads\/2021\/03\/escuelatectl.jpg",512,384,false],"covernews-slider-center":["https:\/\/infoecos.com.ar\/wp-content\/uploads\/2021\/03\/escuelatectl.jpg",512,384,false],"covernews-featured":["https:\/\/infoecos.com.ar\/wp-content\/uploads\/2021\/03\/escuelatectl.jpg",512,384,false],"covernews-medium":["https:\/\/infoecos.com.ar\/wp-content\/uploads\/2021\/03\/escuelatectl-512x380.jpg",458,340,true],"covernews-medium-square":["https:\/\/infoecos.com.ar\/wp-content\/uploads\/2021\/03\/escuelatectl.jpg",333,250,false]},"author_info":{"info":["Jorge Matheus"]},"category_info":"<a href=\"https:\/\/infoecos.com.ar\/index.php\/category\/c2nota5\/\" rel=\"category tag\">C2 N5<\/a>","tag_info":"C2 N5","comment_count":"0","_links":{"self":[{"href":"https:\/\/infoecos.com.ar\/index.php\/wp-json\/wp\/v2\/posts\/76863","targetHints":{"allow":["GET"]}}],"collection":[{"href":"https:\/\/infoecos.com.ar\/index.php\/wp-json\/wp\/v2\/posts"}],"about":[{"href":"https:\/\/infoecos.com.ar\/index.php\/wp-json\/wp\/v2\/types\/post"}],"author":[{"embeddable":true,"href":"https:\/\/infoecos.com.ar\/index.php\/wp-json\/wp\/v2\/users\/2"}],"replies":[{"embeddable":true,"href":"https:\/\/infoecos.com.ar\/index.php\/wp-json\/wp\/v2\/comments?post=76863"}],"version-history":[{"count":1,"href":"https:\/\/infoecos.com.ar\/index.php\/wp-json\/wp\/v2\/posts\/76863\/revisions"}],"predecessor-version":[{"id":76865,"href":"https:\/\/infoecos.com.ar\/index.php\/wp-json\/wp\/v2\/posts\/76863\/revisions\/76865"}],"wp:featuredmedia":[{"embeddable":true,"href":"https:\/\/infoecos.com.ar\/index.php\/wp-json\/wp\/v2\/media\/76864"}],"wp:attachment":[{"href":"https:\/\/infoecos.com.ar\/index.php\/wp-json\/wp\/v2\/media?parent=76863"}],"wp:term":[{"taxonomy":"category","embeddable":true,"href":"https:\/\/infoecos.com.ar\/index.php\/wp-json\/wp\/v2\/categories?post=76863"},{"taxonomy":"post_tag","embeddable":true,"href":"https:\/\/infoecos.com.ar\/index.php\/wp-json\/wp\/v2\/tags?post=76863"}],"curies":[{"name":"wp","href":"https:\/\/api.w.org\/{rel}","templated":true}]}}