{"id":76874,"date":"2021-03-26T01:55:10","date_gmt":"2021-03-26T04:55:10","guid":{"rendered":"http:\/\/infoecos.com.ar\/?p=76874"},"modified":"2021-03-29T02:18:57","modified_gmt":"2021-03-29T05:18:57","slug":"campeonato-del-sudoeste-rural-bike-lago-epecuen-carhue","status":"publish","type":"post","link":"https:\/\/infoecos.com.ar\/index.php\/campeonato-del-sudoeste-rural-bike-lago-epecuen-carhue\/","title":{"rendered":"Campeonato del Sudoeste \u00abRural Bike Lago Epecu\u00e9n Carhu\u00e9\u00bb"},"content":{"rendered":"\n<p class=\"wp-block-paragraph\">El 18 de abril se llevar\u00e1 a cabo en Carhu\u00e9 (en camping municipal La Chacra) la Carrera de preparaci\u00f3n para el Campeonato del Sudoeste \u00abRural Bike Lago Epecu\u00e9n Carhu\u00e9\u00bb.<\/p>\n\n\n\n<p class=\"wp-block-paragraph\"><strong>Promocional Largada:<\/strong> 10:30 horas distancia 29 km<\/p>\n\n\n\n<p class=\"wp-block-paragraph\"><strong>Competitiva<\/strong> 12:30 horas 55 km<\/p>\n\n\n\n<p class=\"wp-block-paragraph\"><strong>Categor\u00edas: <\/strong>Competitiva Damas A y B; Sub 23; Elite; Master A1,A2, B1, B2, C1, C2, D1y D2. Promocional Damas Ay B; Sub 18. Caballeros A, B y C<\/p>\n\n\n\n<p class=\"wp-block-paragraph\">Se tendr\u00e1n en cuenta todos los protocolos sanitarios.<\/p>\n\n\n\n<p class=\"wp-block-paragraph\">La inscripci\u00f3n tiene un valor &nbsp;de $ 1.100.- e &nbsp;incluye kit de corredor, seguro y clasificaci\u00f3n por chip.<\/p>\n\n\n\n<p class=\"wp-block-paragraph\">Los interesados en participar deben enviar mensaje por Facebook a: Clemar Litre<\/p>\n\n\n\n<p class=\"wp-block-paragraph\"><strong>Premiaci\u00f3n<\/strong>: Trofeos para el Primero, Segundo y Tercer puestos.<\/p>\n\n\n\n<p class=\"wp-block-paragraph\">Premiaci\u00f3n para el primer puesto de la categor\u00eda general de damas y de la de caballeros.<\/p>\n","protected":false},"excerpt":{"rendered":"<p>Categor\u00edas: Competitiva Damas A y B; Sub 23; Elite; Master A1,A2, B1, B2, C1, C2, D1y D2. Promocional Damas Ay B; Sub 18. Caballeros A, B y C<\/p>\n","protected":false},"author":2,"featured_media":27829,"comment_status":"closed","ping_status":"open","sticky":false,"template":"","format":"standard","meta":{"footnotes":""},"categories":[44],"tags":[3444],"class_list":["post-76874","post","type-post","status-publish","format-standard","has-post-thumbnail","hentry","category-inferior5","tag-cicllismo-el-18-de-abril"],"featured_image_urls":{"full":"","thumbnail":"","medium":"","medium_large":"","large":"","1536x1536":"","2048x2048":"","covernews-slider-full":"","covernews-slider-center":"","covernews-featured":"","covernews-medium":"","covernews-medium-square":""},"author_info":{"info":["Jorge Matheus"]},"category_info":"<a href=\"https:\/\/infoecos.com.ar\/index.php\/category\/inferior5\/\" rel=\"category tag\">Bloque inferior - 5<\/a>","tag_info":"Bloque inferior - 5","comment_count":"0","_links":{"self":[{"href":"https:\/\/infoecos.com.ar\/index.php\/wp-json\/wp\/v2\/posts\/76874","targetHints":{"allow":["GET"]}}],"collection":[{"href":"https:\/\/infoecos.com.ar\/index.php\/wp-json\/wp\/v2\/posts"}],"about":[{"href":"https:\/\/infoecos.com.ar\/index.php\/wp-json\/wp\/v2\/types\/post"}],"author":[{"embeddable":true,"href":"https:\/\/infoecos.com.ar\/index.php\/wp-json\/wp\/v2\/users\/2"}],"replies":[{"embeddable":true,"href":"https:\/\/infoecos.com.ar\/index.php\/wp-json\/wp\/v2\/comments?post=76874"}],"version-history":[{"count":1,"href":"https:\/\/infoecos.com.ar\/index.php\/wp-json\/wp\/v2\/posts\/76874\/revisions"}],"predecessor-version":[{"id":76875,"href":"https:\/\/infoecos.com.ar\/index.php\/wp-json\/wp\/v2\/posts\/76874\/revisions\/76875"}],"wp:attachment":[{"href":"https:\/\/infoecos.com.ar\/index.php\/wp-json\/wp\/v2\/media?parent=76874"}],"wp:term":[{"taxonomy":"category","embeddable":true,"href":"https:\/\/infoecos.com.ar\/index.php\/wp-json\/wp\/v2\/categories?post=76874"},{"taxonomy":"post_tag","embeddable":true,"href":"https:\/\/infoecos.com.ar\/index.php\/wp-json\/wp\/v2\/tags?post=76874"}],"curies":[{"name":"wp","href":"https:\/\/api.w.org\/{rel}","templated":true}]}}