{"id":76885,"date":"2021-03-26T10:53:06","date_gmt":"2021-03-26T13:53:06","guid":{"rendered":"http:\/\/infoecos.com.ar\/?p=76885"},"modified":"2021-03-29T02:15:49","modified_gmt":"2021-03-29T05:15:49","slug":"sufrio-un-infarto-de-miocardio-el-intendente-de-trenque-lauquen-y-a-partir-de-hoy-por-quince-dias-lo-reemplazara-esteban-vidal","status":"publish","type":"post","link":"https:\/\/infoecos.com.ar\/index.php\/sufrio-un-infarto-de-miocardio-el-intendente-de-trenque-lauquen-y-a-partir-de-hoy-por-quince-dias-lo-reemplazara-esteban-vidal\/","title":{"rendered":"Sufri\u00f3 un infarto de miocardio el intendente de Trenque Lauquen y a partir de este s\u00e1bado por quince d\u00edas lo reemplaza Esteban Vidal"},"content":{"rendered":"\n<p class=\"wp-block-paragraph\">El intendente municipal de Trenque Lauquen, doctor Miguel Fern\u00e1ndez, sufri\u00f3 un infarto de miocardio en las primeras horas de este viernes y debi\u00f3 ser sometido a una angioplast\u00eda, mediante el implante de un stent.<\/p>\n\n\n\n<div class=\"wp-block-image\"><figure class=\"aligncenter size-medium\"><img loading=\"lazy\" decoding=\"async\" width=\"460\" height=\"259\" src=\"http:\/\/infoecos.com.ar\/wp-content\/uploads\/2021\/01\/144048706_10158754904258211_8774052318945234962_n-460x259.jpg\" alt=\"\" class=\"wp-image-73604\" srcset=\"https:\/\/infoecos.com.ar\/wp-content\/uploads\/2021\/01\/144048706_10158754904258211_8774052318945234962_n-460x259.jpg 460w, https:\/\/infoecos.com.ar\/wp-content\/uploads\/2021\/01\/144048706_10158754904258211_8774052318945234962_n-920x518.jpg 920w, https:\/\/infoecos.com.ar\/wp-content\/uploads\/2021\/01\/144048706_10158754904258211_8774052318945234962_n-768x432.jpg 768w, https:\/\/infoecos.com.ar\/wp-content\/uploads\/2021\/01\/144048706_10158754904258211_8774052318945234962_n.jpg 960w\" sizes=\"auto, (max-width: 460px) 100vw, 460px\" \/><\/figure><\/div>\n\n\n\n<p class=\"wp-block-paragraph\">La informaci\u00f3n oficial dada a conocer consigna, en el primer parte m\u00e9dico, que \u201cel paciente Miguel Fern\u00e1ndez ingres\u00f3 a la noche madrugada al servicio de Guardia del Hospital donde se constat\u00f3 un infarto de miocardio en curso, ya sea por cl\u00ednica y electrocardiograma, motivo por el cual se activ\u00f3 la urgencia a nuestro servicio de Hemodinamia, siendo estudiado en el momento, donde se constat\u00f3 la oclusi\u00f3n de la arteria principal.<\/p>\n\n\n\n<p class=\"wp-block-paragraph\">Paso seguido se logr\u00f3 recanalizar la misma (procedimiento que se conoce como angioplast\u00eda) y mediante el implante de un stent se restaur\u00f3 la circulaci\u00f3n coronaria. El paciente mejor\u00f3 su estado y pas\u00f3 a Unidad Coronaria a cursar su evoluci\u00f3n. Como es norma en estos cuadros coronarios agudos la estad\u00eda m\u00ednima para prever alguna complicaci\u00f3n que pudiera ocurrir es de cinco (5) d\u00edas\u00bb.<\/p>\n\n\n\n<p class=\"wp-block-paragraph\">A media ma\u00f1ana se conoci\u00f3 el llamado a Sesi\u00f3n Extraordinaria del Concejo Deliberante para considerar el otorgamiento de licencia al intendente por el t\u00e9rmino de quince d\u00edas, a partir del d\u00eda de la fecha. Ser\u00e1 reemplazado por Esteban Vidal, en su car\u00e1cter de primer candidato a la lista de Concejales que lo consagr\u00f3 conjuntamente con Fern\u00e1ndez. <\/p>\n\n\n\n<figure class=\"wp-block-audio\"><audio controls src=\"blob:http:\/\/infoecos.com.ar\/fe6ffa2d-b7c7-4cbd-96d8-6de74088ff22\"><\/audio><\/figure>\n","protected":false},"excerpt":{"rendered":"<p>A media ma\u00f1ana se conoci\u00f3 el llamado a Sesi\u00f3n Extraordinaria del Concejo Deliberante para considerar el otorgamiento de licencia al intendente por el t\u00e9rmino de quince d\u00edas, a partir del d\u00eda de la fecha. Ser\u00e1 reemplazado por Esteban Vidal, en su car\u00e1cter de primer candidato a la lista de Concejales que hubiera sido consagrado conjuntamente con Fern\u00e1ndez<\/p>\n","protected":false},"author":2,"featured_media":51743,"comment_status":"closed","ping_status":"open","sticky":false,"template":"","format":"standard","meta":{"footnotes":""},"categories":[40],"tags":[3445],"class_list":["post-76885","post","type-post","status-publish","format-standard","has-post-thumbnail","hentry","category-inferior1","tag-se-le-realizo-una-angioplastia"],"featured_image_urls":{"full":"","thumbnail":"","medium":"","medium_large":"","large":"","1536x1536":"","2048x2048":"","covernews-slider-full":"","covernews-slider-center":"","covernews-featured":"","covernews-medium":"","covernews-medium-square":""},"author_info":{"info":["Jorge Matheus"]},"category_info":"<a href=\"https:\/\/infoecos.com.ar\/index.php\/category\/inferior1\/\" rel=\"category tag\">Bloque inferior - 1<\/a>","tag_info":"Bloque inferior - 1","comment_count":"0","_links":{"self":[{"href":"https:\/\/infoecos.com.ar\/index.php\/wp-json\/wp\/v2\/posts\/76885","targetHints":{"allow":["GET"]}}],"collection":[{"href":"https:\/\/infoecos.com.ar\/index.php\/wp-json\/wp\/v2\/posts"}],"about":[{"href":"https:\/\/infoecos.com.ar\/index.php\/wp-json\/wp\/v2\/types\/post"}],"author":[{"embeddable":true,"href":"https:\/\/infoecos.com.ar\/index.php\/wp-json\/wp\/v2\/users\/2"}],"replies":[{"embeddable":true,"href":"https:\/\/infoecos.com.ar\/index.php\/wp-json\/wp\/v2\/comments?post=76885"}],"version-history":[{"count":3,"href":"https:\/\/infoecos.com.ar\/index.php\/wp-json\/wp\/v2\/posts\/76885\/revisions"}],"predecessor-version":[{"id":76914,"href":"https:\/\/infoecos.com.ar\/index.php\/wp-json\/wp\/v2\/posts\/76885\/revisions\/76914"}],"wp:attachment":[{"href":"https:\/\/infoecos.com.ar\/index.php\/wp-json\/wp\/v2\/media?parent=76885"}],"wp:term":[{"taxonomy":"category","embeddable":true,"href":"https:\/\/infoecos.com.ar\/index.php\/wp-json\/wp\/v2\/categories?post=76885"},{"taxonomy":"post_tag","embeddable":true,"href":"https:\/\/infoecos.com.ar\/index.php\/wp-json\/wp\/v2\/tags?post=76885"}],"curies":[{"name":"wp","href":"https:\/\/api.w.org\/{rel}","templated":true}]}}