{"id":76892,"date":"2021-03-26T11:46:58","date_gmt":"2021-03-26T14:46:58","guid":{"rendered":"http:\/\/infoecos.com.ar\/?p=76892"},"modified":"2021-03-29T02:04:00","modified_gmt":"2021-03-29T05:04:00","slug":"aumentara-la-tarifa-electrica-en-la-provincia-de-buenos-aires-a-partir-de-abril","status":"publish","type":"post","link":"https:\/\/infoecos.com.ar\/index.php\/aumentara-la-tarifa-electrica-en-la-provincia-de-buenos-aires-a-partir-de-abril\/","title":{"rendered":"Aumentar\u00e1 la tarifa el\u00e9ctrica en la provincia de Buenos Aires a partir de Abril"},"content":{"rendered":"\n<p class=\"wp-block-paragraph\">El Gobierno de la provincia de Buenos Aires dio a conocer que a partir de abril habr\u00e1 un aumento en la tarifa el\u00e9ctrica y que en septiembre se evaluar\u00e1 la posibilidad de aplicar una nueva suba. El anuncio se realiz\u00f3 a trav\u00e9s de una conferencia de prensa que encabez\u00f3 el gobernador<strong>&nbsp;<\/strong>Axel Kicillof&nbsp;junto al ministro de Hacienda y Finanzas,&nbsp;Pablo L\u00f3pez, y el subsecretario de Energ\u00eda,&nbsp;Gast\u00f3n Ghioni.<\/p>\n\n\n\n<div class=\"wp-block-image\"><figure class=\"aligncenter size-medium\"><img loading=\"lazy\" decoding=\"async\" width=\"460\" height=\"258\" src=\"http:\/\/infoecos.com.ar\/wp-content\/uploads\/2021\/03\/kicillofaumentotarifas-460x258.jpg\" alt=\"\" class=\"wp-image-76893\" srcset=\"https:\/\/infoecos.com.ar\/wp-content\/uploads\/2021\/03\/kicillofaumentotarifas-460x258.jpg 460w, https:\/\/infoecos.com.ar\/wp-content\/uploads\/2021\/03\/kicillofaumentotarifas-768x431.jpg 768w, https:\/\/infoecos.com.ar\/wp-content\/uploads\/2021\/03\/kicillofaumentotarifas.jpg 887w\" sizes=\"auto, (max-width: 460px) 100vw, 460px\" \/><\/figure><\/div>\n\n\n\n<p class=\"wp-block-paragraph\">Adem\u00e1s de dar a conocer que la provincia de Buenos Aires se encuentra en default tras no resolver en tiempo y forma la reestructuraci\u00f3n de la deuda, el Gobierno bonaerense confirm\u00f3 que habr\u00e1 un aumento&nbsp;del 7% en la tarifa el\u00e9ctrica a partir de abril.<\/p>\n\n\n\n<p class=\"wp-block-paragraph\">Ghioni manifest\u00f3 que&nbsp;\u00abvamos a aumentar la tarifa un 7% en abril y empezar un periodo de negociaci\u00f3n para ver qu\u00e9 inversiones hay que hacer de ac\u00e1 en adelante, y garantizar que se realicen para garantizar la calidad del servicio.Sabemos la situaci\u00f3n cr\u00edtica en la que estamos en t\u00e9rminos sociales\u00bb.<\/p>\n\n\n\n<div class=\"wp-block-image\"><figure class=\"aligncenter size-medium\"><img loading=\"lazy\" decoding=\"async\" width=\"460\" height=\"253\" src=\"http:\/\/infoecos.com.ar\/wp-content\/uploads\/2021\/03\/ghioni-460x253.jpg\" alt=\"\" class=\"wp-image-76894\" srcset=\"https:\/\/infoecos.com.ar\/wp-content\/uploads\/2021\/03\/ghioni-460x253.jpg 460w, https:\/\/infoecos.com.ar\/wp-content\/uploads\/2021\/03\/ghioni-768x423.jpg 768w, https:\/\/infoecos.com.ar\/wp-content\/uploads\/2021\/03\/ghioni.jpg 887w\" sizes=\"auto, (max-width: 460px) 100vw, 460px\" \/><\/figure><\/div>\n\n\n\n<p class=\"wp-block-paragraph\">\u00abEste es el inicio de sentarnos con las cooperativas y transportadoras de generar un proceso de revisi\u00f3n. Esto es la continuidad de lo que ven\u00eda siendo la revisi\u00f3n anterior para llegar al a\u00f1o que viene en mejores condiciones habiendo sobrepasado la situaci\u00f3n de pandemia\u00bb, a\u00f1adi\u00f3.<\/p>\n\n\n\n<p class=\"wp-block-paragraph\"><\/p>\n","protected":false},"excerpt":{"rendered":"<p>Se realiz\u00f3 a trav\u00e9s de una conferencia de prensa que encabez\u00f3 el gobernador Axel Kicillof junto al ministro de Hacienda y Finanzas, Pablo L\u00f3pez, y el subsecretario de Energ\u00eda, Gast\u00f3n Ghioni<\/p>\n","protected":false},"author":2,"featured_media":76893,"comment_status":"closed","ping_status":"open","sticky":false,"template":"","format":"standard","meta":{"footnotes":""},"categories":[1323],"tags":[3446],"class_list":["post-76892","post","type-post","status-publish","format-standard","has-post-thumbnail","hentry","category-c2nota5","tag-anuncio-con-presencia-de-kicillof"],"featured_image_urls":{"full":["https:\/\/infoecos.com.ar\/wp-content\/uploads\/2021\/03\/kicillofaumentotarifas.jpg",887,498,false],"thumbnail":["https:\/\/infoecos.com.ar\/wp-content\/uploads\/2021\/03\/kicillofaumentotarifas-150x150.jpg",150,150,true],"medium":["https:\/\/infoecos.com.ar\/wp-content\/uploads\/2021\/03\/kicillofaumentotarifas-460x258.jpg",460,258,true],"medium_large":["https:\/\/infoecos.com.ar\/wp-content\/uploads\/2021\/03\/kicillofaumentotarifas-768x431.jpg",640,359,true],"large":["https:\/\/infoecos.com.ar\/wp-content\/uploads\/2021\/03\/kicillofaumentotarifas.jpg",640,359,false],"1536x1536":["https:\/\/infoecos.com.ar\/wp-content\/uploads\/2021\/03\/kicillofaumentotarifas.jpg",887,498,false],"2048x2048":["https:\/\/infoecos.com.ar\/wp-content\/uploads\/2021\/03\/kicillofaumentotarifas.jpg",887,498,false],"covernews-slider-full":["https:\/\/infoecos.com.ar\/wp-content\/uploads\/2021\/03\/kicillofaumentotarifas.jpg",887,498,false],"covernews-slider-center":["https:\/\/infoecos.com.ar\/wp-content\/uploads\/2021\/03\/kicillofaumentotarifas.jpg",800,449,false],"covernews-featured":["https:\/\/infoecos.com.ar\/wp-content\/uploads\/2021\/03\/kicillofaumentotarifas.jpg",887,498,false],"covernews-medium":["https:\/\/infoecos.com.ar\/wp-content\/uploads\/2021\/03\/kicillofaumentotarifas-720x380.jpg",540,285,true],"covernews-medium-square":["https:\/\/infoecos.com.ar\/wp-content\/uploads\/2021\/03\/kicillofaumentotarifas-675x450.jpg",375,250,true]},"author_info":{"info":["Jorge Matheus"]},"category_info":"<a href=\"https:\/\/infoecos.com.ar\/index.php\/category\/c2nota5\/\" rel=\"category tag\">C2 N5<\/a>","tag_info":"C2 N5","comment_count":"0","_links":{"self":[{"href":"https:\/\/infoecos.com.ar\/index.php\/wp-json\/wp\/v2\/posts\/76892","targetHints":{"allow":["GET"]}}],"collection":[{"href":"https:\/\/infoecos.com.ar\/index.php\/wp-json\/wp\/v2\/posts"}],"about":[{"href":"https:\/\/infoecos.com.ar\/index.php\/wp-json\/wp\/v2\/types\/post"}],"author":[{"embeddable":true,"href":"https:\/\/infoecos.com.ar\/index.php\/wp-json\/wp\/v2\/users\/2"}],"replies":[{"embeddable":true,"href":"https:\/\/infoecos.com.ar\/index.php\/wp-json\/wp\/v2\/comments?post=76892"}],"version-history":[{"count":2,"href":"https:\/\/infoecos.com.ar\/index.php\/wp-json\/wp\/v2\/posts\/76892\/revisions"}],"predecessor-version":[{"id":76915,"href":"https:\/\/infoecos.com.ar\/index.php\/wp-json\/wp\/v2\/posts\/76892\/revisions\/76915"}],"wp:featuredmedia":[{"embeddable":true,"href":"https:\/\/infoecos.com.ar\/index.php\/wp-json\/wp\/v2\/media\/76893"}],"wp:attachment":[{"href":"https:\/\/infoecos.com.ar\/index.php\/wp-json\/wp\/v2\/media?parent=76892"}],"wp:term":[{"taxonomy":"category","embeddable":true,"href":"https:\/\/infoecos.com.ar\/index.php\/wp-json\/wp\/v2\/categories?post=76892"},{"taxonomy":"post_tag","embeddable":true,"href":"https:\/\/infoecos.com.ar\/index.php\/wp-json\/wp\/v2\/tags?post=76892"}],"curies":[{"name":"wp","href":"https:\/\/api.w.org\/{rel}","templated":true}]}}