{"id":76928,"date":"2021-03-27T03:01:36","date_gmt":"2021-03-27T06:01:36","guid":{"rendered":"http:\/\/infoecos.com.ar\/?p=76928"},"modified":"2021-03-27T03:01:37","modified_gmt":"2021-03-27T06:01:37","slug":"cristina-fernandez-de-kirchner-recibio-a-pablo-zurro-en-su-despacho-del-senado","status":"publish","type":"post","link":"https:\/\/infoecos.com.ar\/index.php\/cristina-fernandez-de-kirchner-recibio-a-pablo-zurro-en-su-despacho-del-senado\/","title":{"rendered":"Cristina Fern\u00e1ndez de Kirchner recibi\u00f3 a Pablo Zurro en su despacho del Senado"},"content":{"rendered":"\n<p class=\"wp-block-paragraph\">El intendente municipal de Pehuaj\u00f3, Pablo Zurro, se reuni\u00f3 con la vicepresidenta de la Naci\u00f3n, Cristina Fern\u00e1ndez de Kirchner.<\/p>\n\n\n\n<p class=\"wp-block-paragraph\">La reuni\u00f3n de trabajo se concret\u00f3 en el Senado de la Naci\u00f3n y ambos conversaron sobre diferentes temas de actualidad, coyuntura nacional nacional e internacional.<\/p>\n\n\n\n<div class=\"wp-block-image\"><figure class=\"aligncenter size-large\"><img loading=\"lazy\" decoding=\"async\" width=\"720\" height=\"540\" src=\"http:\/\/infoecos.com.ar\/wp-content\/uploads\/2021\/03\/ZURROCONCFK.jpg\" alt=\"\" class=\"wp-image-76929\" srcset=\"https:\/\/infoecos.com.ar\/wp-content\/uploads\/2021\/03\/ZURROCONCFK.jpg 720w, https:\/\/infoecos.com.ar\/wp-content\/uploads\/2021\/03\/ZURROCONCFK-460x345.jpg 460w\" sizes=\"auto, (max-width: 720px) 100vw, 720px\" \/><\/figure><\/div>\n\n\n\n<p class=\"wp-block-paragraph\">La informaci\u00f3n proporcionada por el propio mandatario comunal en las redes sociales da cuenta que tambi\u00e9n se habl\u00f3 de cuestiones locales y regionales.<\/p>\n\n\n\n<p class=\"wp-block-paragraph\">Zurro expuso que \u00abes un orgullo y un honor formar parte del proyecto de pa\u00eds que construyeron junto a N\u00e9stor, y tantas otras mujeres y hombres en todo el pa\u00eds. El desaf\u00edo est\u00e1 en marcha y es volver a recuperar los \u00edndices de crecimiento logrados en el periodo 2003 &#8211; 2015\u00bb.<\/p>\n","protected":false},"excerpt":{"rendered":"<p>Conversaron sobre diferentes temas de actualidad, coyuntura nacional nacional e internacional.<\/p>\n","protected":false},"author":2,"featured_media":76929,"comment_status":"closed","ping_status":"open","sticky":false,"template":"","format":"standard","meta":{"footnotes":""},"categories":[50],"tags":[],"class_list":["post-76928","post","type-post","status-publish","format-standard","has-post-thumbnail","hentry","category-c1nota4"],"featured_image_urls":{"full":["https:\/\/infoecos.com.ar\/wp-content\/uploads\/2021\/03\/ZURROCONCFK.jpg",720,540,false],"thumbnail":["https:\/\/infoecos.com.ar\/wp-content\/uploads\/2021\/03\/ZURROCONCFK-150x150.jpg",150,150,true],"medium":["https:\/\/infoecos.com.ar\/wp-content\/uploads\/2021\/03\/ZURROCONCFK-460x345.jpg",460,345,true],"medium_large":["https:\/\/infoecos.com.ar\/wp-content\/uploads\/2021\/03\/ZURROCONCFK.jpg",640,480,false],"large":["https:\/\/infoecos.com.ar\/wp-content\/uploads\/2021\/03\/ZURROCONCFK.jpg",640,480,false],"1536x1536":["https:\/\/infoecos.com.ar\/wp-content\/uploads\/2021\/03\/ZURROCONCFK.jpg",720,540,false],"2048x2048":["https:\/\/infoecos.com.ar\/wp-content\/uploads\/2021\/03\/ZURROCONCFK.jpg",720,540,false],"covernews-slider-full":["https:\/\/infoecos.com.ar\/wp-content\/uploads\/2021\/03\/ZURROCONCFK.jpg",720,540,false],"covernews-slider-center":["https:\/\/infoecos.com.ar\/wp-content\/uploads\/2021\/03\/ZURROCONCFK.jpg",667,500,false],"covernews-featured":["https:\/\/infoecos.com.ar\/wp-content\/uploads\/2021\/03\/ZURROCONCFK.jpg",720,540,false],"covernews-medium":["https:\/\/infoecos.com.ar\/wp-content\/uploads\/2021\/03\/ZURROCONCFK-720x380.jpg",540,285,true],"covernews-medium-square":["https:\/\/infoecos.com.ar\/wp-content\/uploads\/2021\/03\/ZURROCONCFK-675x450.jpg",375,250,true]},"author_info":{"info":["Jorge Matheus"]},"category_info":"<a href=\"https:\/\/infoecos.com.ar\/index.php\/category\/c1nota4\/\" rel=\"category tag\">C1 N4<\/a>","tag_info":"C1 N4","comment_count":"0","_links":{"self":[{"href":"https:\/\/infoecos.com.ar\/index.php\/wp-json\/wp\/v2\/posts\/76928","targetHints":{"allow":["GET"]}}],"collection":[{"href":"https:\/\/infoecos.com.ar\/index.php\/wp-json\/wp\/v2\/posts"}],"about":[{"href":"https:\/\/infoecos.com.ar\/index.php\/wp-json\/wp\/v2\/types\/post"}],"author":[{"embeddable":true,"href":"https:\/\/infoecos.com.ar\/index.php\/wp-json\/wp\/v2\/users\/2"}],"replies":[{"embeddable":true,"href":"https:\/\/infoecos.com.ar\/index.php\/wp-json\/wp\/v2\/comments?post=76928"}],"version-history":[{"count":1,"href":"https:\/\/infoecos.com.ar\/index.php\/wp-json\/wp\/v2\/posts\/76928\/revisions"}],"predecessor-version":[{"id":76930,"href":"https:\/\/infoecos.com.ar\/index.php\/wp-json\/wp\/v2\/posts\/76928\/revisions\/76930"}],"wp:featuredmedia":[{"embeddable":true,"href":"https:\/\/infoecos.com.ar\/index.php\/wp-json\/wp\/v2\/media\/76929"}],"wp:attachment":[{"href":"https:\/\/infoecos.com.ar\/index.php\/wp-json\/wp\/v2\/media?parent=76928"}],"wp:term":[{"taxonomy":"category","embeddable":true,"href":"https:\/\/infoecos.com.ar\/index.php\/wp-json\/wp\/v2\/categories?post=76928"},{"taxonomy":"post_tag","embeddable":true,"href":"https:\/\/infoecos.com.ar\/index.php\/wp-json\/wp\/v2\/tags?post=76928"}],"curies":[{"name":"wp","href":"https:\/\/api.w.org\/{rel}","templated":true}]}}