{"id":76965,"date":"2021-03-28T13:12:44","date_gmt":"2021-03-28T16:12:44","guid":{"rendered":"http:\/\/infoecos.com.ar\/?p=76965"},"modified":"2021-03-28T13:12:48","modified_gmt":"2021-03-28T16:12:48","slug":"diputados-de-la-nacion-aprobo-la-reforma-del-impuesto-a-las-ganancias","status":"publish","type":"post","link":"https:\/\/infoecos.com.ar\/index.php\/diputados-de-la-nacion-aprobo-la-reforma-del-impuesto-a-las-ganancias\/","title":{"rendered":"Diputados de la Naci\u00f3n aprob\u00f3 la reforma del Impuesto a las Ganancias"},"content":{"rendered":"\n<p class=\"wp-block-paragraph\">La C\u00e1mara de Diputados de la Naci\u00f3n aprob\u00f3 y gir\u00f3 al Senado el proyecto de ley de reforma del impuesto a las Ganancias, que eximir\u00e1 de ese tributo a m\u00e1s de un mill\u00f3n de trabajadores.<\/p>\n\n\n\n<p class=\"wp-block-paragraph\">La iniciativa se aprob\u00f3 por 241 votos que fueron aportados por el Frente de Todos, Juntos por el Cambio, los interbloques Federal y Unidad para el Desarrollo, Acci\u00f3n Federal, Frente de Izquierda y el Movimiento Popular Neuquino.<\/p>\n\n\n\n<div class=\"wp-block-image\"><figure class=\"aligncenter size-medium\"><img loading=\"lazy\" decoding=\"async\" width=\"460\" height=\"259\" src=\"http:\/\/infoecos.com.ar\/wp-content\/uploads\/2021\/03\/DIPUTADOSGANANCIAS-460x259.jpg\" alt=\"\" class=\"wp-image-76966\" srcset=\"https:\/\/infoecos.com.ar\/wp-content\/uploads\/2021\/03\/DIPUTADOSGANANCIAS-460x259.jpg 460w, https:\/\/infoecos.com.ar\/wp-content\/uploads\/2021\/03\/DIPUTADOSGANANCIAS-920x518.jpg 920w, https:\/\/infoecos.com.ar\/wp-content\/uploads\/2021\/03\/DIPUTADOSGANANCIAS-768x432.jpg 768w, https:\/\/infoecos.com.ar\/wp-content\/uploads\/2021\/03\/DIPUTADOSGANANCIAS.jpg 1004w\" sizes=\"auto, (max-width: 460px) 100vw, 460px\" \/><\/figure><\/div>\n\n\n\n<p class=\"wp-block-paragraph\"><strong>Se abstuvieron tres diputados de Juntos por el Cambio<\/strong>: Luciano Laspina (PRO), Facundo S\u00faarez Lastra (UCR) y M\u00f3nica Frade (Coalici\u00f3n C\u00edvica).<\/p>\n\n\n\n<p class=\"wp-block-paragraph\">La votaci\u00f3n del proyecto presentado por el presidente de la C\u00e1mara de Diputados, Sergio Massa, se efectu\u00f3 en\u00a0<strong>una sesi\u00f3n que se extendi\u00f3 por casi 21 horas y en la cual el debate sobre Ganancias consumi\u00f3 unas nueve horas donde expusieron mas de 70 legisladores.<\/strong><\/p>\n\n\n\n<p class=\"wp-block-paragraph\">En forma previa, el plenario legislativo sancion\u00f3 los proyectos de reforma al monotributo, la inclusi\u00f3n de la educaci\u00f3n ambiental en todos los colegios p\u00fablicos y privados, y una actualizaci\u00f3n de la ley del dopaje en el deporte.<\/p>\n\n\n\n<p class=\"wp-block-paragraph\"><strong>El proyecto aprobado por Diputados exime a los trabajadores que cobran hasta $ 150.000 brutos y los jubilados hasta ocho haberes.<\/strong><\/p>\n\n\n\n<p class=\"wp-block-paragraph\">En base a los n\u00fameros informados por el oficialismo, la reforma de Ganancias beneficiar\u00e1 a alrededor de 1.267.000 personas, entre trabajadores y jubilados, con lo cual quedar\u00e1n exentos del pago de este tributo el 93% de los trabajadores.<\/p>\n\n\n\n<div class=\"wp-block-image\"><figure class=\"aligncenter size-medium\"><img loading=\"lazy\" decoding=\"async\" width=\"460\" height=\"259\" src=\"http:\/\/infoecos.com.ar\/wp-content\/uploads\/2021\/03\/IMPUESTOGANANCIAS1-460x259.jpg\" alt=\"\" class=\"wp-image-76967\" srcset=\"https:\/\/infoecos.com.ar\/wp-content\/uploads\/2021\/03\/IMPUESTOGANANCIAS1-460x259.jpg 460w, https:\/\/infoecos.com.ar\/wp-content\/uploads\/2021\/03\/IMPUESTOGANANCIAS1-920x518.jpg 920w, https:\/\/infoecos.com.ar\/wp-content\/uploads\/2021\/03\/IMPUESTOGANANCIAS1-768x432.jpg 768w, https:\/\/infoecos.com.ar\/wp-content\/uploads\/2021\/03\/IMPUESTOGANANCIAS1.jpg 1004w\" sizes=\"auto, (max-width: 460px) 100vw, 460px\" \/><\/figure><\/div>\n\n\n\n<ul class=\"wp-block-list\"><li>Los ex presidentes y vicepresidentes de la Naci\u00f3n pagar\u00e1n Ganancias sobre las asignaciones vitalicias.<\/li><\/ul>\n\n\n\n<p class=\"wp-block-paragraph\">\u2022 La ley tendr\u00e1 vigencia al 1\u00b0 de enero y el Gobierno devolver\u00e1 los descuentos realizados en los primeros meses del a\u00f1o.<\/p>\n\n\n\n<p class=\"wp-block-paragraph\">\u2022El aguinaldo de los sueldos de hasta $ 150.000 brutos no pagar\u00e1 impuesto a las Ganancias.<\/p>\n\n\n\n<p class=\"wp-block-paragraph\">\u2022El personal de salud seguir\u00e1 eximido hasta septiembre de pagar el gravamen por las guardias u horas extras.<\/p>\n\n\n\n<p class=\"wp-block-paragraph\">\u2022Los gastos de guarder\u00eda para ni\u00f1os y ni\u00f1as de hasta tres a\u00f1os no pagar\u00e1n Ganancias hasta un tope anual de $ 67.000.<\/p>\n\n\n\n<p class=\"wp-block-paragraph\">\u2022Se duplica la exenci\u00f3n por hija o hijo discapacitado, que en la actualidad es de $ 78.833, y se elimin\u00f3 el tope de edad.<\/p>\n\n\n\n<p class=\"wp-block-paragraph\">\u2022Los bonos productivos no pagar\u00e1n Ganancias hasta un tope del 40% de la ganancia.<\/p>\n\n\n\n<p class=\"wp-block-paragraph\">\u2022Los trabajadores de recolecci\u00f3n no pagar\u00e1n el impuesto por las horas extras.<\/p>\n\n\n\n<p class=\"wp-block-paragraph\">\u2022Se podr\u00e1 deducir de Ganancias la compra de herramientas educativas por parte de los trabajadores asalariados.<\/p>\n\n\n\n<p class=\"wp-block-paragraph\">\u2022Se permitir\u00e1 la deducci\u00f3n por concubino, cualquiera fuera su sexo.<\/p>\n\n\n\n<p class=\"wp-block-paragraph\">\u2022La provisi\u00f3n de ropa, equipamiento del trabajador para uso exclusivo de sus funciones o el otorgamiento de un pago por capacitaci\u00f3n, no pagar\u00e1 el impuesto a las Ganancias.<\/p>\n\n\n\n<p class=\"wp-block-paragraph\">\u2022Se mantiene el incremento del 22% del plus patag\u00f3nico en el gravamen para los trabajadores de la regi\u00f3n.<\/p>\n\n\n\n<p class=\"wp-block-paragraph\">\u2022Los trabajadores que cobren entre $ 150.000 y $ 173.000 pagar\u00e1n Ganancias, pero la AFIP establecer\u00e1 las deducciones a fin de evitar grandes diferencias entre quienes deben tributar y los que est\u00e1n exentos.<\/p>\n\n\n\n<p class=\"wp-block-paragraph\">\u2022La actualizaci\u00f3n del piso para estar exento de Ganancias se ajustar\u00e1 por el Ripte (promedio de variaci\u00f3n salarial, que elabora la de Secretar\u00eda de Seguridad Social).<\/p>\n\n\n\n<p class=\"wp-block-paragraph\">\u2022El personal de las Fuerzas Armadas no pagar\u00e1 Ganancias por los suplementos por t\u00edtulo, zona desfavorable o desarraigo.<\/p>\n","protected":false},"excerpt":{"rendered":"<p>La iniciativa se aprob\u00f3 por 241 votos que fueron aportados por el Frente de Todos, Juntos por el Cambio, los interbloques Federal y Unidad para el Desarrollo, Acci\u00f3n Federal, Frente de Izquierda y el Movimiento Popular Neuquino<\/p>\n","protected":false},"author":2,"featured_media":76968,"comment_status":"closed","ping_status":"open","sticky":false,"template":"","format":"standard","meta":{"footnotes":""},"categories":[28],"tags":[3462],"class_list":["post-76965","post","type-post","status-publish","format-standard","has-post-thumbnail","hentry","category-c1nota1","tag-mas-de-20-horas-de-sesion"],"featured_image_urls":{"full":["https:\/\/infoecos.com.ar\/wp-content\/uploads\/2021\/03\/DIPUTADOSDELANACION.png",774,435,false],"thumbnail":["https:\/\/infoecos.com.ar\/wp-content\/uploads\/2021\/03\/DIPUTADOSDELANACION-150x150.png",150,150,true],"medium":["https:\/\/infoecos.com.ar\/wp-content\/uploads\/2021\/03\/DIPUTADOSDELANACION-460x259.png",460,259,true],"medium_large":["https:\/\/infoecos.com.ar\/wp-content\/uploads\/2021\/03\/DIPUTADOSDELANACION-768x432.png",640,360,true],"large":["https:\/\/infoecos.com.ar\/wp-content\/uploads\/2021\/03\/DIPUTADOSDELANACION.png",640,360,false],"1536x1536":["https:\/\/infoecos.com.ar\/wp-content\/uploads\/2021\/03\/DIPUTADOSDELANACION.png",774,435,false],"2048x2048":["https:\/\/infoecos.com.ar\/wp-content\/uploads\/2021\/03\/DIPUTADOSDELANACION.png",774,435,false],"covernews-slider-full":["https:\/\/infoecos.com.ar\/wp-content\/uploads\/2021\/03\/DIPUTADOSDELANACION.png",774,435,false],"covernews-slider-center":["https:\/\/infoecos.com.ar\/wp-content\/uploads\/2021\/03\/DIPUTADOSDELANACION.png",774,435,false],"covernews-featured":["https:\/\/infoecos.com.ar\/wp-content\/uploads\/2021\/03\/DIPUTADOSDELANACION.png",774,435,false],"covernews-medium":["https:\/\/infoecos.com.ar\/wp-content\/uploads\/2021\/03\/DIPUTADOSDELANACION-720x380.png",540,285,true],"covernews-medium-square":["https:\/\/infoecos.com.ar\/wp-content\/uploads\/2021\/03\/DIPUTADOSDELANACION-675x435.png",388,250,true]},"author_info":{"info":["Jorge Matheus"]},"category_info":"<a href=\"https:\/\/infoecos.com.ar\/index.php\/category\/c1nota1\/\" rel=\"category tag\">C1 N1<\/a>","tag_info":"C1 N1","comment_count":"0","_links":{"self":[{"href":"https:\/\/infoecos.com.ar\/index.php\/wp-json\/wp\/v2\/posts\/76965","targetHints":{"allow":["GET"]}}],"collection":[{"href":"https:\/\/infoecos.com.ar\/index.php\/wp-json\/wp\/v2\/posts"}],"about":[{"href":"https:\/\/infoecos.com.ar\/index.php\/wp-json\/wp\/v2\/types\/post"}],"author":[{"embeddable":true,"href":"https:\/\/infoecos.com.ar\/index.php\/wp-json\/wp\/v2\/users\/2"}],"replies":[{"embeddable":true,"href":"https:\/\/infoecos.com.ar\/index.php\/wp-json\/wp\/v2\/comments?post=76965"}],"version-history":[{"count":1,"href":"https:\/\/infoecos.com.ar\/index.php\/wp-json\/wp\/v2\/posts\/76965\/revisions"}],"predecessor-version":[{"id":76969,"href":"https:\/\/infoecos.com.ar\/index.php\/wp-json\/wp\/v2\/posts\/76965\/revisions\/76969"}],"wp:featuredmedia":[{"embeddable":true,"href":"https:\/\/infoecos.com.ar\/index.php\/wp-json\/wp\/v2\/media\/76968"}],"wp:attachment":[{"href":"https:\/\/infoecos.com.ar\/index.php\/wp-json\/wp\/v2\/media?parent=76965"}],"wp:term":[{"taxonomy":"category","embeddable":true,"href":"https:\/\/infoecos.com.ar\/index.php\/wp-json\/wp\/v2\/categories?post=76965"},{"taxonomy":"post_tag","embeddable":true,"href":"https:\/\/infoecos.com.ar\/index.php\/wp-json\/wp\/v2\/tags?post=76965"}],"curies":[{"name":"wp","href":"https:\/\/api.w.org\/{rel}","templated":true}]}}