{"id":76976,"date":"2021-03-28T13:59:15","date_gmt":"2021-03-28T16:59:15","guid":{"rendered":"http:\/\/infoecos.com.ar\/?p=76976"},"modified":"2021-03-28T13:59:17","modified_gmt":"2021-03-28T16:59:17","slug":"en-un-bar-de-la-calle-ugarte-un-altercado-cerca-de-terminar-en-tragedia","status":"publish","type":"post","link":"https:\/\/infoecos.com.ar\/index.php\/en-un-bar-de-la-calle-ugarte-un-altercado-cerca-de-terminar-en-tragedia\/","title":{"rendered":"En un bar de la calle Ugarte un altercado cerca de terminar en tragedia"},"content":{"rendered":"\n<p class=\"wp-block-paragraph\">Juan Carlos Sp\u00edndola, de nacionalidad paraguaya, fue herido en su rostro con un arma blanca que portaba un menor de 17 a\u00f1os.<\/p>\n\n\n\n<div class=\"wp-block-image\"><figure class=\"aligncenter size-medium\"><img loading=\"lazy\" decoding=\"async\" width=\"460\" height=\"421\" src=\"http:\/\/infoecos.com.ar\/wp-content\/uploads\/2021\/03\/APUNALADO-460x421.jpeg\" alt=\"\" class=\"wp-image-76977\" srcset=\"https:\/\/infoecos.com.ar\/wp-content\/uploads\/2021\/03\/APUNALADO-460x421.jpeg 460w, https:\/\/infoecos.com.ar\/wp-content\/uploads\/2021\/03\/APUNALADO-768x703.jpeg 768w, https:\/\/infoecos.com.ar\/wp-content\/uploads\/2021\/03\/APUNALADO.jpeg 774w\" sizes=\"auto, (max-width: 460px) 100vw, 460px\" \/><\/figure><\/div>\n\n\n\n<p class=\"wp-block-paragraph\">El hecho se produjo, informaron fuentes policiales, en un bar ubicado en la calle Ugarte, casi Col\u00f3n de la ciudad de Trenque Lauquen.<\/p>\n\n\n\n<p class=\"wp-block-paragraph\">Todo comenz\u00f3 con una discusi\u00f3n dentro del local. La misma termin\u00f3 fuera del mismo en plena calle, a las 6.30 de la madrugada de este domingo. Hubo un r\u00e1pido accionar de las fuerzas de seguridad que permiti\u00f3 la aprehensi\u00f3n de un menor que ten\u00eda entre sus ropas un cuchillo con el que produjo las heridas. <\/p>\n\n\n\n<p class=\"wp-block-paragraph\">El bar donde se inici\u00f3 el altercado se denomina \u00abJorge S\u00e1nchez\u00bb.<\/p>\n\n\n\n<div class=\"wp-block-image\"><figure class=\"aligncenter size-medium\"><img loading=\"lazy\" decoding=\"async\" width=\"460\" height=\"345\" src=\"http:\/\/infoecos.com.ar\/wp-content\/uploads\/2021\/03\/APUNALADO1-460x345.jpeg\" alt=\"\" class=\"wp-image-76978\" srcset=\"https:\/\/infoecos.com.ar\/wp-content\/uploads\/2021\/03\/APUNALADO1-460x345.jpeg 460w, https:\/\/infoecos.com.ar\/wp-content\/uploads\/2021\/03\/APUNALADO1-920x690.jpeg 920w, https:\/\/infoecos.com.ar\/wp-content\/uploads\/2021\/03\/APUNALADO1-768x576.jpeg 768w, https:\/\/infoecos.com.ar\/wp-content\/uploads\/2021\/03\/APUNALADO1.jpeg 1024w\" sizes=\"auto, (max-width: 460px) 100vw, 460px\" \/><\/figure><\/div>\n\n\n\n<p class=\"wp-block-paragraph\">Interviene la Fiscal\u00eda de Responsabilidad Penal Juvenil 2 a cargo del doctor Cortelezzi y tambi\u00e9n el Juzgado Correccional, habida cuenta de la participaci\u00f3n de menores de edad y el expendio de alcohol. <\/p>\n","protected":false},"excerpt":{"rendered":"<p>Juan Carlos Sp\u00edndola, de nacionalidad paraguaya, fue herido en su rostro con un arma blanca que portaba un menor de 17 a\u00f1os<\/p>\n","protected":false},"author":2,"featured_media":76978,"comment_status":"closed","ping_status":"open","sticky":false,"template":"","format":"standard","meta":{"footnotes":""},"categories":[46],"tags":[3465],"class_list":["post-76976","post","type-post","status-publish","format-standard","has-post-thumbnail","hentry","category-c2nota2","tag-hieren-a-una-persona-con-arma-blanca"],"featured_image_urls":{"full":["https:\/\/infoecos.com.ar\/wp-content\/uploads\/2021\/03\/APUNALADO1.jpeg",1024,768,false],"thumbnail":["https:\/\/infoecos.com.ar\/wp-content\/uploads\/2021\/03\/APUNALADO1-150x150.jpeg",150,150,true],"medium":["https:\/\/infoecos.com.ar\/wp-content\/uploads\/2021\/03\/APUNALADO1-460x345.jpeg",460,345,true],"medium_large":["https:\/\/infoecos.com.ar\/wp-content\/uploads\/2021\/03\/APUNALADO1-768x576.jpeg",640,480,true],"large":["https:\/\/infoecos.com.ar\/wp-content\/uploads\/2021\/03\/APUNALADO1-920x690.jpeg",640,480,true],"1536x1536":["https:\/\/infoecos.com.ar\/wp-content\/uploads\/2021\/03\/APUNALADO1.jpeg",1024,768,false],"2048x2048":["https:\/\/infoecos.com.ar\/wp-content\/uploads\/2021\/03\/APUNALADO1.jpeg",1024,768,false],"covernews-slider-full":["https:\/\/infoecos.com.ar\/wp-content\/uploads\/2021\/03\/APUNALADO1.jpeg",953,715,false],"covernews-slider-center":["https:\/\/infoecos.com.ar\/wp-content\/uploads\/2021\/03\/APUNALADO1-936x768.jpeg",609,500,true],"covernews-featured":["https:\/\/infoecos.com.ar\/wp-content\/uploads\/2021\/03\/APUNALADO1.jpeg",1024,768,false],"covernews-medium":["https:\/\/infoecos.com.ar\/wp-content\/uploads\/2021\/03\/APUNALADO1-720x380.jpeg",540,285,true],"covernews-medium-square":["https:\/\/infoecos.com.ar\/wp-content\/uploads\/2021\/03\/APUNALADO1-675x450.jpeg",375,250,true]},"author_info":{"info":["Jorge Matheus"]},"category_info":"<a href=\"https:\/\/infoecos.com.ar\/index.php\/category\/c2nota2\/\" rel=\"category tag\">C2 N2<\/a>","tag_info":"C2 N2","comment_count":"0","_links":{"self":[{"href":"https:\/\/infoecos.com.ar\/index.php\/wp-json\/wp\/v2\/posts\/76976","targetHints":{"allow":["GET"]}}],"collection":[{"href":"https:\/\/infoecos.com.ar\/index.php\/wp-json\/wp\/v2\/posts"}],"about":[{"href":"https:\/\/infoecos.com.ar\/index.php\/wp-json\/wp\/v2\/types\/post"}],"author":[{"embeddable":true,"href":"https:\/\/infoecos.com.ar\/index.php\/wp-json\/wp\/v2\/users\/2"}],"replies":[{"embeddable":true,"href":"https:\/\/infoecos.com.ar\/index.php\/wp-json\/wp\/v2\/comments?post=76976"}],"version-history":[{"count":1,"href":"https:\/\/infoecos.com.ar\/index.php\/wp-json\/wp\/v2\/posts\/76976\/revisions"}],"predecessor-version":[{"id":76979,"href":"https:\/\/infoecos.com.ar\/index.php\/wp-json\/wp\/v2\/posts\/76976\/revisions\/76979"}],"wp:featuredmedia":[{"embeddable":true,"href":"https:\/\/infoecos.com.ar\/index.php\/wp-json\/wp\/v2\/media\/76978"}],"wp:attachment":[{"href":"https:\/\/infoecos.com.ar\/index.php\/wp-json\/wp\/v2\/media?parent=76976"}],"wp:term":[{"taxonomy":"category","embeddable":true,"href":"https:\/\/infoecos.com.ar\/index.php\/wp-json\/wp\/v2\/categories?post=76976"},{"taxonomy":"post_tag","embeddable":true,"href":"https:\/\/infoecos.com.ar\/index.php\/wp-json\/wp\/v2\/tags?post=76976"}],"curies":[{"name":"wp","href":"https:\/\/api.w.org\/{rel}","templated":true}]}}