{"id":76980,"date":"2021-03-28T14:18:33","date_gmt":"2021-03-28T17:18:33","guid":{"rendered":"http:\/\/infoecos.com.ar\/?p=76980"},"modified":"2021-03-28T14:35:55","modified_gmt":"2021-03-28T17:35:55","slug":"durante-la-licencia-de-esteban-vidal-en-el-concejo-deliberante-sera-reemplazado-por-natalia-fegan","status":"publish","type":"post","link":"https:\/\/infoecos.com.ar\/index.php\/durante-la-licencia-de-esteban-vidal-en-el-concejo-deliberante-sera-reemplazado-por-natalia-fegan\/","title":{"rendered":"Durante la licencia de Esteban Vidal en el Concejo Deliberante ser\u00e1 reemplazado por Natalia Fegan"},"content":{"rendered":"\n<p class=\"wp-block-paragraph\">Mientras dure la licencia que ha tomado a su condici\u00f3n de concejal Esteban Vidal, ser\u00e1 reemplazado en el cuerpo por Natalia Fegan. <\/p>\n\n\n\n<div class=\"wp-block-image\"><figure class=\"aligncenter size-medium\"><img loading=\"lazy\" decoding=\"async\" width=\"460\" height=\"345\" src=\"http:\/\/infoecos.com.ar\/wp-content\/uploads\/2021\/03\/feganconfernandez-460x345.jpg\" alt=\"\" class=\"wp-image-76981\" srcset=\"https:\/\/infoecos.com.ar\/wp-content\/uploads\/2021\/03\/feganconfernandez-460x345.jpg 460w, https:\/\/infoecos.com.ar\/wp-content\/uploads\/2021\/03\/feganconfernandez-920x690.jpg 920w, https:\/\/infoecos.com.ar\/wp-content\/uploads\/2021\/03\/feganconfernandez-768x576.jpg 768w, https:\/\/infoecos.com.ar\/wp-content\/uploads\/2021\/03\/feganconfernandez.jpg 960w\" sizes=\"auto, (max-width: 460px) 100vw, 460px\" \/><\/figure><\/div>\n\n\n\n<p class=\"wp-block-paragraph\">Llega a esta instancia al ocupar el octavo lugar en la lista de candidatos que se impuso en el 2019. Quienes deber\u00edan ocupar la banca del ahora intendente interino deber\u00edan ser Alicia Ramudo (6ta en la lista) o Emiliano Grahan (7mo). En el caso de la primera es empleada municipal por lo que tiene incompatibilidad para desempe\u00f1ar el cargo, mientras que el segundo falleci\u00f3 el a\u00f1o anterior. <\/p>\n\n\n\n<p class=\"wp-block-paragraph\">Natalia Fegan, tiene 39 a\u00f1os. Se integr\u00f3 a la Uni\u00f3n C\u00edvica Radical hace 15 a\u00f1os y ha tenido una intensa participaci\u00f3n en la juventud del partido. <\/p>\n\n\n\n<p class=\"wp-block-paragraph\"><\/p>\n\n\n\n<p class=\"wp-block-paragraph\"><\/p>\n\n\n\n<p class=\"wp-block-paragraph\"><\/p>\n\n\n\n<p class=\"wp-block-paragraph\"><\/p>\n","protected":false},"excerpt":{"rendered":"<p>Llega a esta instancia al ocupar el octavo lugar en la lista de candidatos que se impuso en el 2019<\/p>\n","protected":false},"author":2,"featured_media":76983,"comment_status":"closed","ping_status":"open","sticky":false,"template":"","format":"standard","meta":{"footnotes":""},"categories":[25],"tags":[3466],"class_list":["post-76980","post","type-post","status-publish","format-standard","has-post-thumbnail","hentry","category-c3nota1","tag-quien-cubre-la-licencia-de-vidal-en-el-concejo"],"featured_image_urls":{"full":["https:\/\/infoecos.com.ar\/wp-content\/uploads\/2021\/03\/FEGANNATALIA.jpg",1170,780,false],"thumbnail":["https:\/\/infoecos.com.ar\/wp-content\/uploads\/2021\/03\/FEGANNATALIA-150x150.jpg",150,150,true],"medium":["https:\/\/infoecos.com.ar\/wp-content\/uploads\/2021\/03\/FEGANNATALIA-460x307.jpg",460,307,true],"medium_large":["https:\/\/infoecos.com.ar\/wp-content\/uploads\/2021\/03\/FEGANNATALIA-768x512.jpg",640,427,true],"large":["https:\/\/infoecos.com.ar\/wp-content\/uploads\/2021\/03\/FEGANNATALIA-920x613.jpg",640,426,true],"1536x1536":["https:\/\/infoecos.com.ar\/wp-content\/uploads\/2021\/03\/FEGANNATALIA.jpg",1170,780,false],"2048x2048":["https:\/\/infoecos.com.ar\/wp-content\/uploads\/2021\/03\/FEGANNATALIA.jpg",1170,780,false],"covernews-slider-full":["https:\/\/infoecos.com.ar\/wp-content\/uploads\/2021\/03\/FEGANNATALIA.jpg",1073,715,false],"covernews-slider-center":["https:\/\/infoecos.com.ar\/wp-content\/uploads\/2021\/03\/FEGANNATALIA-936x780.jpg",600,500,true],"covernews-featured":["https:\/\/infoecos.com.ar\/wp-content\/uploads\/2021\/03\/FEGANNATALIA-1024x683.jpg",1024,683,true],"covernews-medium":["https:\/\/infoecos.com.ar\/wp-content\/uploads\/2021\/03\/FEGANNATALIA-720x380.jpg",540,285,true],"covernews-medium-square":["https:\/\/infoecos.com.ar\/wp-content\/uploads\/2021\/03\/FEGANNATALIA-675x450.jpg",375,250,true]},"author_info":{"info":["Jorge Matheus"]},"category_info":"<a href=\"https:\/\/infoecos.com.ar\/index.php\/category\/c3nota1\/\" rel=\"category tag\">C3 N1<\/a>","tag_info":"C3 N1","comment_count":"0","_links":{"self":[{"href":"https:\/\/infoecos.com.ar\/index.php\/wp-json\/wp\/v2\/posts\/76980","targetHints":{"allow":["GET"]}}],"collection":[{"href":"https:\/\/infoecos.com.ar\/index.php\/wp-json\/wp\/v2\/posts"}],"about":[{"href":"https:\/\/infoecos.com.ar\/index.php\/wp-json\/wp\/v2\/types\/post"}],"author":[{"embeddable":true,"href":"https:\/\/infoecos.com.ar\/index.php\/wp-json\/wp\/v2\/users\/2"}],"replies":[{"embeddable":true,"href":"https:\/\/infoecos.com.ar\/index.php\/wp-json\/wp\/v2\/comments?post=76980"}],"version-history":[{"count":1,"href":"https:\/\/infoecos.com.ar\/index.php\/wp-json\/wp\/v2\/posts\/76980\/revisions"}],"predecessor-version":[{"id":76982,"href":"https:\/\/infoecos.com.ar\/index.php\/wp-json\/wp\/v2\/posts\/76980\/revisions\/76982"}],"wp:featuredmedia":[{"embeddable":true,"href":"https:\/\/infoecos.com.ar\/index.php\/wp-json\/wp\/v2\/media\/76983"}],"wp:attachment":[{"href":"https:\/\/infoecos.com.ar\/index.php\/wp-json\/wp\/v2\/media?parent=76980"}],"wp:term":[{"taxonomy":"category","embeddable":true,"href":"https:\/\/infoecos.com.ar\/index.php\/wp-json\/wp\/v2\/categories?post=76980"},{"taxonomy":"post_tag","embeddable":true,"href":"https:\/\/infoecos.com.ar\/index.php\/wp-json\/wp\/v2\/tags?post=76980"}],"curies":[{"name":"wp","href":"https:\/\/api.w.org\/{rel}","templated":true}]}}