{"id":77005,"date":"2021-03-29T15:03:12","date_gmt":"2021-03-29T18:03:12","guid":{"rendered":"http:\/\/infoecos.com.ar\/?p=77005"},"modified":"2021-03-29T15:16:11","modified_gmt":"2021-03-29T18:16:11","slug":"en-el-cuarto-dia-de-internacion-el-estado-de-salud-del-intendente-fernandez-es-estable","status":"publish","type":"post","link":"https:\/\/infoecos.com.ar\/index.php\/en-el-cuarto-dia-de-internacion-el-estado-de-salud-del-intendente-fernandez-es-estable\/","title":{"rendered":"En el cuarto d\u00eda de internaci\u00f3n, el estado de salud del intendente Fern\u00e1ndez es estable"},"content":{"rendered":"\n<p class=\"wp-block-paragraph\">La directora y el subdirector del Hospital Municipal Dr. Pedro T. Orellana, Dra. Nora Grinberg y Dr. Sergio Urbaneja, dieron este lunes el nuevo informe diario del \u00e1rea de Unidad Coronaria sobre el estado de salud del Intendente Miguel Fern\u00e1ndez, quien se encuentra internado desde el viernes pasado:<\/p>\n\n\n\n<div class=\"wp-block-image\"><figure class=\"aligncenter size-medium\"><img loading=\"lazy\" decoding=\"async\" width=\"460\" height=\"307\" src=\"http:\/\/infoecos.com.ar\/wp-content\/uploads\/2021\/03\/Parte-medico-1-460x307.jpg\" alt=\"\" class=\"wp-image-77006\" srcset=\"https:\/\/infoecos.com.ar\/wp-content\/uploads\/2021\/03\/Parte-medico-1-460x307.jpg 460w, https:\/\/infoecos.com.ar\/wp-content\/uploads\/2021\/03\/Parte-medico-1-768x512.jpg 768w, https:\/\/infoecos.com.ar\/wp-content\/uploads\/2021\/03\/Parte-medico-1-675x450.jpg 675w, https:\/\/infoecos.com.ar\/wp-content\/uploads\/2021\/03\/Parte-medico-1.jpg 852w\" sizes=\"auto, (max-width: 460px) 100vw, 460px\" \/><figcaption>Grinberg y Urbaneja<\/figcaption><\/figure><\/div>\n\n\n\n<p class=\"wp-block-paragraph\">\u201cEl Dr. Fern\u00e1ndez Miguel Angel se encuentra cursando cuarto d\u00eda de internaci\u00f3n por infarto de miocardio con realizaci\u00f3n de Angioplastia Primaria y colocaci\u00f3n de Stent.<\/p>\n\n\n\n<p class=\"wp-block-paragraph\">\u201cA la fecha se encuentra estable, cumpliendo los controles del cuadro cardiovascular, transitando su evoluci\u00f3n en Unidad Coronaria del Hospital Municipal Pedro T. Orellana\u201d, se\u00f1ala el parte que lleva la firma del Dr. Marcelo Bassino, jefe de Cardiolog\u00eda del Hospital Municipal.<\/p>\n\n\n\n<figure class=\"wp-block-audio\"><audio controls src=\"http:\/\/infoecos.com.ar\/wp-content\/uploads\/2021\/03\/SERGIO-URBANEJA-29-03-2021.mp3\"><\/audio><\/figure>\n\n\n\n<figure class=\"wp-block-video\"><video height=\"1080\" style=\"aspect-ratio: 1920 \/ 1080;\" width=\"1920\" controls src=\"http:\/\/infoecos.com.ar\/wp-content\/uploads\/2021\/03\/Parte-medico-intendente.-29-3-21.mp4\"><\/video><\/figure>\n\n\n\n<p class=\"wp-block-paragraph\"><\/p>\n","protected":false},"excerpt":{"rendered":"<p>\u201cA la fecha se encuentra estable, cumpliendo los controles del cuadro cardiovascular, transitando su evoluci\u00f3n en Unidad Coronaria del Hospital Municipal Pedro T. Orellana\u201d, se\u00f1ala el parte que lleva la firma del Dr. Marcelo Bassino, jefe de Cardiolog\u00eda del Hospital Municipal<\/p>\n","protected":false},"author":2,"featured_media":77006,"comment_status":"closed","ping_status":"open","sticky":false,"template":"","format":"standard","meta":{"footnotes":""},"categories":[1327,1613,1328],"tags":[3469],"class_list":["post-77005","post","type-post","status-publish","format-standard","has-post-thumbnail","hentry","category-audio","category-noticia-secundaria","category-video","tag-parte-medico-de-este-lunes"],"featured_image_urls":{"full":["https:\/\/infoecos.com.ar\/wp-content\/uploads\/2021\/03\/Parte-medico-1.jpg",852,568,false],"thumbnail":["https:\/\/infoecos.com.ar\/wp-content\/uploads\/2021\/03\/Parte-medico-1-150x150.jpg",150,150,true],"medium":["https:\/\/infoecos.com.ar\/wp-content\/uploads\/2021\/03\/Parte-medico-1-460x307.jpg",460,307,true],"medium_large":["https:\/\/infoecos.com.ar\/wp-content\/uploads\/2021\/03\/Parte-medico-1-768x512.jpg",640,427,true],"large":["https:\/\/infoecos.com.ar\/wp-content\/uploads\/2021\/03\/Parte-medico-1.jpg",640,427,false],"1536x1536":["https:\/\/infoecos.com.ar\/wp-content\/uploads\/2021\/03\/Parte-medico-1.jpg",852,568,false],"2048x2048":["https:\/\/infoecos.com.ar\/wp-content\/uploads\/2021\/03\/Parte-medico-1.jpg",852,568,false],"covernews-slider-full":["https:\/\/infoecos.com.ar\/wp-content\/uploads\/2021\/03\/Parte-medico-1.jpg",852,568,false],"covernews-slider-center":["https:\/\/infoecos.com.ar\/wp-content\/uploads\/2021\/03\/Parte-medico-1.jpg",750,500,false],"covernews-featured":["https:\/\/infoecos.com.ar\/wp-content\/uploads\/2021\/03\/Parte-medico-1.jpg",852,568,false],"covernews-medium":["https:\/\/infoecos.com.ar\/wp-content\/uploads\/2021\/03\/Parte-medico-1-720x380.jpg",540,285,true],"covernews-medium-square":["https:\/\/infoecos.com.ar\/wp-content\/uploads\/2021\/03\/Parte-medico-1-675x450.jpg",375,250,true]},"author_info":{"info":["Jorge Matheus"]},"category_info":"<a href=\"https:\/\/infoecos.com.ar\/index.php\/category\/audio\/\" rel=\"category tag\">Audio<\/a> <a href=\"https:\/\/infoecos.com.ar\/index.php\/category\/noticia-secundaria\/\" rel=\"category tag\">Noticia Secundaria<\/a> <a href=\"https:\/\/infoecos.com.ar\/index.php\/category\/video\/\" rel=\"category tag\">Video<\/a>","tag_info":"Video","comment_count":"0","_links":{"self":[{"href":"https:\/\/infoecos.com.ar\/index.php\/wp-json\/wp\/v2\/posts\/77005","targetHints":{"allow":["GET"]}}],"collection":[{"href":"https:\/\/infoecos.com.ar\/index.php\/wp-json\/wp\/v2\/posts"}],"about":[{"href":"https:\/\/infoecos.com.ar\/index.php\/wp-json\/wp\/v2\/types\/post"}],"author":[{"embeddable":true,"href":"https:\/\/infoecos.com.ar\/index.php\/wp-json\/wp\/v2\/users\/2"}],"replies":[{"embeddable":true,"href":"https:\/\/infoecos.com.ar\/index.php\/wp-json\/wp\/v2\/comments?post=77005"}],"version-history":[{"count":2,"href":"https:\/\/infoecos.com.ar\/index.php\/wp-json\/wp\/v2\/posts\/77005\/revisions"}],"predecessor-version":[{"id":77010,"href":"https:\/\/infoecos.com.ar\/index.php\/wp-json\/wp\/v2\/posts\/77005\/revisions\/77010"}],"wp:featuredmedia":[{"embeddable":true,"href":"https:\/\/infoecos.com.ar\/index.php\/wp-json\/wp\/v2\/media\/77006"}],"wp:attachment":[{"href":"https:\/\/infoecos.com.ar\/index.php\/wp-json\/wp\/v2\/media?parent=77005"}],"wp:term":[{"taxonomy":"category","embeddable":true,"href":"https:\/\/infoecos.com.ar\/index.php\/wp-json\/wp\/v2\/categories?post=77005"},{"taxonomy":"post_tag","embeddable":true,"href":"https:\/\/infoecos.com.ar\/index.php\/wp-json\/wp\/v2\/tags?post=77005"}],"curies":[{"name":"wp","href":"https:\/\/api.w.org\/{rel}","templated":true}]}}