{"id":77015,"date":"2021-03-29T15:34:24","date_gmt":"2021-03-29T18:34:24","guid":{"rendered":"http:\/\/infoecos.com.ar\/?p=77015"},"modified":"2021-03-29T15:34:29","modified_gmt":"2021-03-29T18:34:29","slug":"el-senador-provincial-de-juntos-por-el-cambio-juan-fiorini-se-metio-en-la-polemica-por-el-tema-fondos-para-junin","status":"publish","type":"post","link":"https:\/\/infoecos.com.ar\/index.php\/el-senador-provincial-de-juntos-por-el-cambio-juan-fiorini-se-metio-en-la-polemica-por-el-tema-fondos-para-junin\/","title":{"rendered":"El senador provincial de Juntos por el Cambio, Juan Fiorini, se meti\u00f3 en la pol\u00e9mica por el tema fondos para Jun\u00edn"},"content":{"rendered":"\n<p class=\"wp-block-paragraph\">Desde Junto por el Cambio de Jun\u00edn salieron a desmentir a la presidenta del bloque del Frente de Todos. La voz cantante la llev\u00f3 el senador provincial por la 4\u00b0 Secci\u00f3n Electoral, Juan Fiorini.<\/p>\n\n\n\n<div class=\"wp-block-image\"><figure class=\"aligncenter size-medium\"><img loading=\"lazy\" decoding=\"async\" width=\"460\" height=\"346\" src=\"http:\/\/infoecos.com.ar\/wp-content\/uploads\/2021\/03\/fiorinijuan-1-460x346.jpg\" alt=\"\" class=\"wp-image-77017\" srcset=\"https:\/\/infoecos.com.ar\/wp-content\/uploads\/2021\/03\/fiorinijuan-1-460x346.jpg 460w, https:\/\/infoecos.com.ar\/wp-content\/uploads\/2021\/03\/fiorinijuan-1-920x691.jpg 920w, https:\/\/infoecos.com.ar\/wp-content\/uploads\/2021\/03\/fiorinijuan-1-768x577.jpg 768w, https:\/\/infoecos.com.ar\/wp-content\/uploads\/2021\/03\/fiorinijuan-1-1024x769.jpg 1024w, https:\/\/infoecos.com.ar\/wp-content\/uploads\/2021\/03\/fiorinijuan-1.jpg 1368w\" sizes=\"auto, (max-width: 460px) 100vw, 460px\" \/><\/figure><\/div>\n\n\n\n<p class=\"wp-block-paragraph\">El legislador bonaerense se\u00f1al\u00f3 que \u201cla \u00fanica verdad es la es la realidad. Entre 2020 y 2021 los fondos que llegaron a Jun\u00edn son inmensamente menores a las cifras multimillonarias que mencionan. Los ediles de la oposici\u00f3n hablan de cifras globales de la Provincia, no de lo que puntualmente recibi\u00f3 Jun\u00edn, que fue muy poco e inclusive todav\u00eda tiene pendiente pagos del a\u00f1o pasado\u201d.<\/p>\n\n\n\n<p class=\"wp-block-paragraph\">\u201cSeguramente los fondos que menciona Muffarotto los debe mezclar y confundir con los de Pehuaj\u00f3, lugar que visita muy a menudo. Esos fondos no son para Jun\u00edn\u201d, se\u00f1al\u00f3 el senador.<\/p>\n\n\n\n<p class=\"wp-block-paragraph\"><strong>Fuente: codigobaires.com.ar<\/strong><\/p>\n\n\n\n<p class=\"wp-block-paragraph\"><\/p>\n","protected":false},"excerpt":{"rendered":"<p>Desde Junto por el Cambio de Jun\u00edn salieron a desmentir a la presidenta del bloque&#8230;<\/p>\n","protected":false},"author":2,"featured_media":77016,"comment_status":"closed","ping_status":"open","sticky":false,"template":"","format":"standard","meta":{"footnotes":""},"categories":[29],"tags":[3471],"class_list":["post-77015","post","type-post","status-publish","format-standard","has-post-thumbnail","hentry","category-c2nota1","tag-menciono-a-pehuajo"],"featured_image_urls":{"full":["https:\/\/infoecos.com.ar\/wp-content\/uploads\/2021\/03\/fiorinijuan.jpg",1368,1028,false],"thumbnail":["https:\/\/infoecos.com.ar\/wp-content\/uploads\/2021\/03\/fiorinijuan-150x150.jpg",150,150,true],"medium":["https:\/\/infoecos.com.ar\/wp-content\/uploads\/2021\/03\/fiorinijuan-460x346.jpg",460,346,true],"medium_large":["https:\/\/infoecos.com.ar\/wp-content\/uploads\/2021\/03\/fiorinijuan-768x577.jpg",640,481,true],"large":["https:\/\/infoecos.com.ar\/wp-content\/uploads\/2021\/03\/fiorinijuan-920x691.jpg",640,481,true],"1536x1536":["https:\/\/infoecos.com.ar\/wp-content\/uploads\/2021\/03\/fiorinijuan.jpg",1368,1028,false],"2048x2048":["https:\/\/infoecos.com.ar\/wp-content\/uploads\/2021\/03\/fiorinijuan.jpg",1368,1028,false],"covernews-slider-full":["https:\/\/infoecos.com.ar\/wp-content\/uploads\/2021\/03\/fiorinijuan-1368x1020.jpg",959,715,true],"covernews-slider-center":["https:\/\/infoecos.com.ar\/wp-content\/uploads\/2021\/03\/fiorinijuan-936x897.jpg",522,500,true],"covernews-featured":["https:\/\/infoecos.com.ar\/wp-content\/uploads\/2021\/03\/fiorinijuan-1024x769.jpg",1024,769,true],"covernews-medium":["https:\/\/infoecos.com.ar\/wp-content\/uploads\/2021\/03\/fiorinijuan-720x380.jpg",540,285,true],"covernews-medium-square":["https:\/\/infoecos.com.ar\/wp-content\/uploads\/2021\/03\/fiorinijuan-675x450.jpg",375,250,true]},"author_info":{"info":["Jorge Matheus"]},"category_info":"<a href=\"https:\/\/infoecos.com.ar\/index.php\/category\/c2nota1\/\" rel=\"category tag\">C2 nota 1<\/a>","tag_info":"C2 nota 1","comment_count":"0","_links":{"self":[{"href":"https:\/\/infoecos.com.ar\/index.php\/wp-json\/wp\/v2\/posts\/77015","targetHints":{"allow":["GET"]}}],"collection":[{"href":"https:\/\/infoecos.com.ar\/index.php\/wp-json\/wp\/v2\/posts"}],"about":[{"href":"https:\/\/infoecos.com.ar\/index.php\/wp-json\/wp\/v2\/types\/post"}],"author":[{"embeddable":true,"href":"https:\/\/infoecos.com.ar\/index.php\/wp-json\/wp\/v2\/users\/2"}],"replies":[{"embeddable":true,"href":"https:\/\/infoecos.com.ar\/index.php\/wp-json\/wp\/v2\/comments?post=77015"}],"version-history":[{"count":1,"href":"https:\/\/infoecos.com.ar\/index.php\/wp-json\/wp\/v2\/posts\/77015\/revisions"}],"predecessor-version":[{"id":77018,"href":"https:\/\/infoecos.com.ar\/index.php\/wp-json\/wp\/v2\/posts\/77015\/revisions\/77018"}],"wp:featuredmedia":[{"embeddable":true,"href":"https:\/\/infoecos.com.ar\/index.php\/wp-json\/wp\/v2\/media\/77016"}],"wp:attachment":[{"href":"https:\/\/infoecos.com.ar\/index.php\/wp-json\/wp\/v2\/media?parent=77015"}],"wp:term":[{"taxonomy":"category","embeddable":true,"href":"https:\/\/infoecos.com.ar\/index.php\/wp-json\/wp\/v2\/categories?post=77015"},{"taxonomy":"post_tag","embeddable":true,"href":"https:\/\/infoecos.com.ar\/index.php\/wp-json\/wp\/v2\/tags?post=77015"}],"curies":[{"name":"wp","href":"https:\/\/api.w.org\/{rel}","templated":true}]}}