{"id":77019,"date":"2021-03-29T16:46:16","date_gmt":"2021-03-29T19:46:16","guid":{"rendered":"http:\/\/infoecos.com.ar\/?p=77019"},"modified":"2021-03-29T16:46:19","modified_gmt":"2021-03-29T19:46:19","slug":"130-nuevos-beneficios-se-liquidaron-en-marzo-desde-el-anses-trenque-lauquen","status":"publish","type":"post","link":"https:\/\/infoecos.com.ar\/index.php\/130-nuevos-beneficios-se-liquidaron-en-marzo-desde-el-anses-trenque-lauquen\/","title":{"rendered":"130 nuevos beneficios se liquidaron, en marzo, desde el ANSES Trenque Lauquen"},"content":{"rendered":"\n<p class=\"wp-block-paragraph\">La oficina Trenque Lauquen de ANSES inform\u00f3 que durante el presente mes de marzo la Mesa de C\u00f3mputos de dicha sede produjo la liquidaci\u00f3n de m\u00e1s de 130 nuevos beneficios para los vecinos de la ciudad cabecera y ciudades aleda\u00f1as.<\/p>\n\n\n\n<div class=\"wp-block-image\"><figure class=\"aligncenter size-large\"><img loading=\"lazy\" decoding=\"async\" width=\"480\" height=\"360\" src=\"http:\/\/infoecos.com.ar\/wp-content\/uploads\/2021\/03\/ANSESTL.jpg\" alt=\"\" class=\"wp-image-77020\" srcset=\"https:\/\/infoecos.com.ar\/wp-content\/uploads\/2021\/03\/ANSESTL.jpg 480w, https:\/\/infoecos.com.ar\/wp-content\/uploads\/2021\/03\/ANSESTL-460x345.jpg 460w\" sizes=\"auto, (max-width: 480px) 100vw, 480px\" \/><\/figure><\/div>\n\n\n\n<p class=\"wp-block-paragraph\">Este n\u00famero de nuevos beneficios se enmarca, indicaron a trav\u00e9s de un parte de prensa, en la decisi\u00f3n que se tom\u00f3 el a\u00f1o anterior de recuperar el sector de C\u00f3mputos y Liquidaci\u00f3n de Beneficios en la oficina existente en Trenque Lauquen. En esa oportunidad la Directora Ejecutiva del ANSES, Fernanda Raverta, en concomitancia con la Jefa Regional Costanza Alonso y la jefa de la oficina local, Victoria God\u00edn, dict\u00f3 la resoluci\u00f3n para contar con estos sistemas que posibilitan mejorar claramente la prestaci\u00f3n del servicio.<\/p>\n\n\n\n<p class=\"wp-block-paragraph\">Desde el organismo se record\u00f3 que durante la gesti\u00f3n anterior se tom\u00f3 la decisi\u00f3n de centralizar la resoluci\u00f3n de tr\u00e1mites en unos pocos puntos dentro de la provincia y el pa\u00eds, generando de esta manera un atraso de hasta 24 meses en la resoluci\u00f3n de los mismos. Se agrega que en contrapartida, hoy en d\u00eda, desde que el ciudadano se presenta en la oficina a iniciar su tr\u00e1mite previsional, al menos para la mayor\u00eda, en un plazo no mayor a 90 d\u00edas el titular recibe en su domicilio la resoluci\u00f3n del mismo.\u00a0<\/p>\n","protected":false},"excerpt":{"rendered":"<p>Desde el organismo se record\u00f3 que durante la gesti\u00f3n anterior se tom\u00f3 la decisi\u00f3n de centralizar la resoluci\u00f3n de tr\u00e1mites en unos pocos puntos dentro de la provincia y el pa\u00eds, generando de esta manera un atraso de hasta 24 meses<\/p>\n","protected":false},"author":2,"featured_media":77020,"comment_status":"closed","ping_status":"open","sticky":false,"template":"","format":"standard","meta":{"footnotes":""},"categories":[25],"tags":[3472],"class_list":["post-77019","post","type-post","status-publish","format-standard","has-post-thumbnail","hentry","category-c3nota1","tag-merced-a-la-recuperacion-de-la-mesa-de-computos"],"featured_image_urls":{"full":["https:\/\/infoecos.com.ar\/wp-content\/uploads\/2021\/03\/ANSESTL.jpg",480,360,false],"thumbnail":["https:\/\/infoecos.com.ar\/wp-content\/uploads\/2021\/03\/ANSESTL-150x150.jpg",150,150,true],"medium":["https:\/\/infoecos.com.ar\/wp-content\/uploads\/2021\/03\/ANSESTL-460x345.jpg",460,345,true],"medium_large":["https:\/\/infoecos.com.ar\/wp-content\/uploads\/2021\/03\/ANSESTL.jpg",480,360,false],"large":["https:\/\/infoecos.com.ar\/wp-content\/uploads\/2021\/03\/ANSESTL.jpg",480,360,false],"1536x1536":["https:\/\/infoecos.com.ar\/wp-content\/uploads\/2021\/03\/ANSESTL.jpg",480,360,false],"2048x2048":["https:\/\/infoecos.com.ar\/wp-content\/uploads\/2021\/03\/ANSESTL.jpg",480,360,false],"covernews-slider-full":["https:\/\/infoecos.com.ar\/wp-content\/uploads\/2021\/03\/ANSESTL.jpg",480,360,false],"covernews-slider-center":["https:\/\/infoecos.com.ar\/wp-content\/uploads\/2021\/03\/ANSESTL.jpg",480,360,false],"covernews-featured":["https:\/\/infoecos.com.ar\/wp-content\/uploads\/2021\/03\/ANSESTL.jpg",480,360,false],"covernews-medium":["https:\/\/infoecos.com.ar\/wp-content\/uploads\/2021\/03\/ANSESTL.jpg",453,340,false],"covernews-medium-square":["https:\/\/infoecos.com.ar\/wp-content\/uploads\/2021\/03\/ANSESTL.jpg",333,250,false]},"author_info":{"info":["Jorge Matheus"]},"category_info":"<a href=\"https:\/\/infoecos.com.ar\/index.php\/category\/c3nota1\/\" rel=\"category tag\">C3 N1<\/a>","tag_info":"C3 N1","comment_count":"0","_links":{"self":[{"href":"https:\/\/infoecos.com.ar\/index.php\/wp-json\/wp\/v2\/posts\/77019","targetHints":{"allow":["GET"]}}],"collection":[{"href":"https:\/\/infoecos.com.ar\/index.php\/wp-json\/wp\/v2\/posts"}],"about":[{"href":"https:\/\/infoecos.com.ar\/index.php\/wp-json\/wp\/v2\/types\/post"}],"author":[{"embeddable":true,"href":"https:\/\/infoecos.com.ar\/index.php\/wp-json\/wp\/v2\/users\/2"}],"replies":[{"embeddable":true,"href":"https:\/\/infoecos.com.ar\/index.php\/wp-json\/wp\/v2\/comments?post=77019"}],"version-history":[{"count":1,"href":"https:\/\/infoecos.com.ar\/index.php\/wp-json\/wp\/v2\/posts\/77019\/revisions"}],"predecessor-version":[{"id":77021,"href":"https:\/\/infoecos.com.ar\/index.php\/wp-json\/wp\/v2\/posts\/77019\/revisions\/77021"}],"wp:featuredmedia":[{"embeddable":true,"href":"https:\/\/infoecos.com.ar\/index.php\/wp-json\/wp\/v2\/media\/77020"}],"wp:attachment":[{"href":"https:\/\/infoecos.com.ar\/index.php\/wp-json\/wp\/v2\/media?parent=77019"}],"wp:term":[{"taxonomy":"category","embeddable":true,"href":"https:\/\/infoecos.com.ar\/index.php\/wp-json\/wp\/v2\/categories?post=77019"},{"taxonomy":"post_tag","embeddable":true,"href":"https:\/\/infoecos.com.ar\/index.php\/wp-json\/wp\/v2\/tags?post=77019"}],"curies":[{"name":"wp","href":"https:\/\/api.w.org\/{rel}","templated":true}]}}