{"id":77038,"date":"2021-03-30T01:25:57","date_gmt":"2021-03-30T04:25:57","guid":{"rendered":"http:\/\/infoecos.com.ar\/?p=77038"},"modified":"2021-03-30T01:25:59","modified_gmt":"2021-03-30T04:25:59","slug":"udocba-pidio-la-exencion-de-la-presencialidad-en-escuelas","status":"publish","type":"post","link":"https:\/\/infoecos.com.ar\/index.php\/udocba-pidio-la-exencion-de-la-presencialidad-en-escuelas\/","title":{"rendered":"UDOCBA pidi\u00f3 la exenci\u00f3n de la presencialidad en escuelas"},"content":{"rendered":"\n<p>Udocba (Uni\u00f3n Docentes de Buenos Aires)\u00a0sali\u00f3 a pedir por la exenci\u00f3n de la presencialidad en las escuelas de la provincia\u00a0de Buenos Aires en el marco del crecimiento de casos de coronavirus y luego de que el Gobierno dispusiera el teletrabajo para la administraci\u00f3n p\u00fablica nacional: \u00abPedimos la suspensi\u00f3n de\u00a0clases\u00a0y es por eso que le enviamos una nota a la directora general de escuelas\u00bb, dijo\u00a0<strong>Miguel D\u00edaz,<\/strong>\u00a0titular del gremio en cuesti\u00f3n.<\/p>\n\n\n\n<div class=\"wp-block-image\"><figure class=\"aligncenter size-large\"><img decoding=\"async\" src=\"http:\/\/infoecos.com.ar\/wp-content\/uploads\/diaz.jpg\" alt=\"\" class=\"wp-image-10548\"\/><figcaption>D\u00edaz, Miguel<\/figcaption><\/figure><\/div>\n\n\n\n<p>\u201cEs momento de cerrar por lo menos en Semana Santa y despu\u00e9s ver\u201d, cont\u00f3 tambi\u00e9n el dirigente de Udocba Miguel D\u00edaz, la organizaci\u00f3n alineada a la CGT que desde un inicio del ciclo lectivo se mostr\u00f3 reacia al respecto de la vuelta a la presencialidad.<\/p>\n\n\n\n<p>El sindicalista consider\u00f3 que \u201cno tiene ning\u00fan sentido\u201d la presencialidad ya que \u201ces una revinculaci\u00f3n nada m\u00e1s\u201d y \u201cen lo pedag\u00f3gico no da ning\u00fan fruto\u201d. D\u00edaz pidi\u00f3 \u201cdejar de arriesgar la vida de los pibes y de los docentes. Es altamente grave la situaci\u00f3n de los compa\u00f1eros docentes que tambi\u00e9n tienen familia\u201d, subray\u00f3.<\/p>\n\n\n\n<p>La idea de suspender las clases presenciales en v\u00edsperas de Semana Santa tambi\u00e9n fue planteada por el diputado oficialista Leopoldo Moreau. \u201cNo es dram\u00e1tico y es una pausa de siete d\u00edas importante para frenar la alta circulaci\u00f3n del virus\u201d, indic\u00f3.<\/p>\n\n\n\n<p><\/p>\n","protected":false},"excerpt":{"rendered":"<p>D\u00edaz pidi\u00f3 \u201cdejar de arriesgar la vida de los pibes y de los docentes. Es altamente grave la situaci\u00f3n de los compa\u00f1eros docentes que tambi\u00e9n tienen familia\u201d, subray\u00f3<\/p>\n","protected":false},"author":2,"featured_media":10548,"comment_status":"closed","ping_status":"open","sticky":false,"template":"","format":"standard","meta":{"footnotes":""},"categories":[48],"tags":[3478],"class_list":["post-77038","post","type-post","status-publish","format-standard","has-post-thumbnail","hentry","category-c2nota3","tag-tambien-lo-planteo-leopoldo-moreau"],"yoast_head":"<!-- This site is optimized with the Yoast SEO plugin v23.4 - https:\/\/yoast.com\/wordpress\/plugins\/seo\/ -->\n<title>UDOCBA pidi\u00f3 la exenci\u00f3n de la presencialidad en escuelas - Infoecos<\/title>\n<meta name=\"robots\" content=\"index, follow, max-snippet:-1, max-image-preview:large, max-video-preview:-1\" \/>\n<link rel=\"canonical\" href=\"https:\/\/infoecos.com.ar\/index.php\/udocba-pidio-la-exencion-de-la-presencialidad-en-escuelas\/\" \/>\n<meta property=\"og:locale\" content=\"es_ES\" \/>\n<meta property=\"og:type\" content=\"article\" \/>\n<meta property=\"og:title\" content=\"UDOCBA pidi\u00f3 la exenci\u00f3n de la presencialidad en escuelas - Infoecos\" \/>\n<meta property=\"og:description\" content=\"D\u00edaz pidi\u00f3 \u201cdejar de arriesgar la vida de los pibes y de los docentes. Es altamente grave la situaci\u00f3n de los compa\u00f1eros docentes que tambi\u00e9n tienen familia\u201d, subray\u00f3\" \/>\n<meta property=\"og:url\" content=\"https:\/\/infoecos.com.ar\/index.php\/udocba-pidio-la-exencion-de-la-presencialidad-en-escuelas\/\" \/>\n<meta property=\"og:site_name\" content=\"Infoecos\" \/>\n<meta property=\"article:publisher\" content=\"https:\/\/www.facebook.com\/profile.php?id=100063200290284\" \/>\n<meta property=\"article:published_time\" content=\"2021-03-30T04:25:57+00:00\" \/>\n<meta property=\"article:modified_time\" content=\"2021-03-30T04:25:59+00:00\" \/>\n<meta property=\"og:image\" content=\"https:\/\/infoecos.com.ar\/wp-content\/uploads\/diaz.jpg\" \/>\n\t<meta property=\"og:image:width\" content=\"615\" \/>\n\t<meta property=\"og:image:height\" content=\"269\" \/>\n\t<meta property=\"og:image:type\" content=\"image\/jpeg\" \/>\n<meta name=\"author\" content=\"Jorge Matheus\" \/>\n<meta name=\"twitter:card\" content=\"summary_large_image\" \/>\n<meta name=\"twitter:creator\" content=\"@infoecos\" \/>\n<meta name=\"twitter:site\" content=\"@infoecos\" \/>\n<meta name=\"twitter:label1\" content=\"Escrito por\" \/>\n\t<meta name=\"twitter:data1\" content=\"Jorge Matheus\" \/>\n\t<meta name=\"twitter:label2\" content=\"Tiempo de lectura\" \/>\n\t<meta name=\"twitter:data2\" content=\"1 minuto\" \/>\n<script type=\"application\/ld+json\" class=\"yoast-schema-graph\">{\"@context\":\"https:\/\/schema.org\",\"@graph\":[{\"@type\":\"Article\",\"@id\":\"https:\/\/infoecos.com.ar\/index.php\/udocba-pidio-la-exencion-de-la-presencialidad-en-escuelas\/#article\",\"isPartOf\":{\"@id\":\"https:\/\/infoecos.com.ar\/index.php\/udocba-pidio-la-exencion-de-la-presencialidad-en-escuelas\/\"},\"author\":{\"name\":\"Jorge Matheus\",\"@id\":\"https:\/\/infoecos.com.ar\/#\/schema\/person\/8f5ace5ce73b4b4aac4b7245aee6f191\"},\"headline\":\"UDOCBA pidi\u00f3 la exenci\u00f3n de la presencialidad en escuelas\",\"datePublished\":\"2021-03-30T04:25:57+00:00\",\"dateModified\":\"2021-03-30T04:25:59+00:00\",\"mainEntityOfPage\":{\"@id\":\"https:\/\/infoecos.com.ar\/index.php\/udocba-pidio-la-exencion-de-la-presencialidad-en-escuelas\/\"},\"wordCount\":251,\"publisher\":{\"@id\":\"https:\/\/infoecos.com.ar\/#organization\"},\"image\":{\"@id\":\"https:\/\/infoecos.com.ar\/index.php\/udocba-pidio-la-exencion-de-la-presencialidad-en-escuelas\/#primaryimage\"},\"thumbnailUrl\":\"\",\"keywords\":[\"TAMBI\u00c9N LO PLANTE\u00d3 LEOPOLDO MOREAU\"],\"articleSection\":[\"C2 N3\"],\"inLanguage\":\"es\"},{\"@type\":\"WebPage\",\"@id\":\"https:\/\/infoecos.com.ar\/index.php\/udocba-pidio-la-exencion-de-la-presencialidad-en-escuelas\/\",\"url\":\"https:\/\/infoecos.com.ar\/index.php\/udocba-pidio-la-exencion-de-la-presencialidad-en-escuelas\/\",\"name\":\"UDOCBA pidi\u00f3 la exenci\u00f3n de la presencialidad en escuelas - Infoecos\",\"isPartOf\":{\"@id\":\"https:\/\/infoecos.com.ar\/#website\"},\"primaryImageOfPage\":{\"@id\":\"https:\/\/infoecos.com.ar\/index.php\/udocba-pidio-la-exencion-de-la-presencialidad-en-escuelas\/#primaryimage\"},\"image\":{\"@id\":\"https:\/\/infoecos.com.ar\/index.php\/udocba-pidio-la-exencion-de-la-presencialidad-en-escuelas\/#primaryimage\"},\"thumbnailUrl\":\"\",\"datePublished\":\"2021-03-30T04:25:57+00:00\",\"dateModified\":\"2021-03-30T04:25:59+00:00\",\"breadcrumb\":{\"@id\":\"https:\/\/infoecos.com.ar\/index.php\/udocba-pidio-la-exencion-de-la-presencialidad-en-escuelas\/#breadcrumb\"},\"inLanguage\":\"es\",\"potentialAction\":[{\"@type\":\"ReadAction\",\"target\":[\"https:\/\/infoecos.com.ar\/index.php\/udocba-pidio-la-exencion-de-la-presencialidad-en-escuelas\/\"]}]},{\"@type\":\"ImageObject\",\"inLanguage\":\"es\",\"@id\":\"https:\/\/infoecos.com.ar\/index.php\/udocba-pidio-la-exencion-de-la-presencialidad-en-escuelas\/#primaryimage\",\"url\":\"\",\"contentUrl\":\"\"},{\"@type\":\"BreadcrumbList\",\"@id\":\"https:\/\/infoecos.com.ar\/index.php\/udocba-pidio-la-exencion-de-la-presencialidad-en-escuelas\/#breadcrumb\",\"itemListElement\":[{\"@type\":\"ListItem\",\"position\":1,\"name\":\"Portada\",\"item\":\"https:\/\/infoecos.com.ar\/\"},{\"@type\":\"ListItem\",\"position\":2,\"name\":\"UDOCBA pidi\u00f3 la exenci\u00f3n de la presencialidad en escuelas\"}]},{\"@type\":\"WebSite\",\"@id\":\"https:\/\/infoecos.com.ar\/#website\",\"url\":\"https:\/\/infoecos.com.ar\/\",\"name\":\"Infoecos\",\"description\":\"Noticias de trenque lauquen y la zona\",\"publisher\":{\"@id\":\"https:\/\/infoecos.com.ar\/#organization\"},\"alternateName\":\"Noticias\",\"potentialAction\":[{\"@type\":\"SearchAction\",\"target\":{\"@type\":\"EntryPoint\",\"urlTemplate\":\"https:\/\/infoecos.com.ar\/?s={search_term_string}\"},\"query-input\":{\"@type\":\"PropertyValueSpecification\",\"valueRequired\":true,\"valueName\":\"search_term_string\"}}],\"inLanguage\":\"es\"},{\"@type\":\"Organization\",\"@id\":\"https:\/\/infoecos.com.ar\/#organization\",\"name\":\"Infoecos\",\"alternateName\":\"Noticias\",\"url\":\"https:\/\/infoecos.com.ar\/\",\"logo\":{\"@type\":\"ImageObject\",\"inLanguage\":\"es\",\"@id\":\"https:\/\/infoecos.com.ar\/#\/schema\/logo\/image\/\",\"url\":\"https:\/\/infoecos.com.ar\/wp-content\/uploads\/2024\/03\/cropped-logo.png\",\"contentUrl\":\"https:\/\/infoecos.com.ar\/wp-content\/uploads\/2024\/03\/cropped-logo.png\",\"width\":374,\"height\":90,\"caption\":\"Infoecos\"},\"image\":{\"@id\":\"https:\/\/infoecos.com.ar\/#\/schema\/logo\/image\/\"},\"sameAs\":[\"https:\/\/www.facebook.com\/profile.php?id=100063200290284\",\"https:\/\/x.com\/infoecos\"]},{\"@type\":\"Person\",\"@id\":\"https:\/\/infoecos.com.ar\/#\/schema\/person\/8f5ace5ce73b4b4aac4b7245aee6f191\",\"name\":\"Jorge Matheus\",\"url\":\"https:\/\/infoecos.com.ar\/index.php\/author\/jomatheus\/\"}]}<\/script>\n<!-- \/ Yoast SEO plugin. -->","yoast_head_json":{"title":"UDOCBA pidi\u00f3 la exenci\u00f3n de la presencialidad en escuelas - Infoecos","robots":{"index":"index","follow":"follow","max-snippet":"max-snippet:-1","max-image-preview":"max-image-preview:large","max-video-preview":"max-video-preview:-1"},"canonical":"https:\/\/infoecos.com.ar\/index.php\/udocba-pidio-la-exencion-de-la-presencialidad-en-escuelas\/","og_locale":"es_ES","og_type":"article","og_title":"UDOCBA pidi\u00f3 la exenci\u00f3n de la presencialidad en escuelas - Infoecos","og_description":"D\u00edaz pidi\u00f3 \u201cdejar de arriesgar la vida de los pibes y de los docentes. Es altamente grave la situaci\u00f3n de los compa\u00f1eros docentes que tambi\u00e9n tienen familia\u201d, subray\u00f3","og_url":"https:\/\/infoecos.com.ar\/index.php\/udocba-pidio-la-exencion-de-la-presencialidad-en-escuelas\/","og_site_name":"Infoecos","article_publisher":"https:\/\/www.facebook.com\/profile.php?id=100063200290284","article_published_time":"2021-03-30T04:25:57+00:00","article_modified_time":"2021-03-30T04:25:59+00:00","og_image":[{"width":615,"height":269,"url":"https:\/\/infoecos.com.ar\/wp-content\/uploads\/diaz.jpg","type":"image\/jpeg"}],"author":"Jorge Matheus","twitter_card":"summary_large_image","twitter_creator":"@infoecos","twitter_site":"@infoecos","twitter_misc":{"Escrito por":"Jorge Matheus","Tiempo de lectura":"1 minuto"},"schema":{"@context":"https:\/\/schema.org","@graph":[{"@type":"Article","@id":"https:\/\/infoecos.com.ar\/index.php\/udocba-pidio-la-exencion-de-la-presencialidad-en-escuelas\/#article","isPartOf":{"@id":"https:\/\/infoecos.com.ar\/index.php\/udocba-pidio-la-exencion-de-la-presencialidad-en-escuelas\/"},"author":{"name":"Jorge Matheus","@id":"https:\/\/infoecos.com.ar\/#\/schema\/person\/8f5ace5ce73b4b4aac4b7245aee6f191"},"headline":"UDOCBA pidi\u00f3 la exenci\u00f3n de la presencialidad en escuelas","datePublished":"2021-03-30T04:25:57+00:00","dateModified":"2021-03-30T04:25:59+00:00","mainEntityOfPage":{"@id":"https:\/\/infoecos.com.ar\/index.php\/udocba-pidio-la-exencion-de-la-presencialidad-en-escuelas\/"},"wordCount":251,"publisher":{"@id":"https:\/\/infoecos.com.ar\/#organization"},"image":{"@id":"https:\/\/infoecos.com.ar\/index.php\/udocba-pidio-la-exencion-de-la-presencialidad-en-escuelas\/#primaryimage"},"thumbnailUrl":"","keywords":["TAMBI\u00c9N LO PLANTE\u00d3 LEOPOLDO MOREAU"],"articleSection":["C2 N3"],"inLanguage":"es"},{"@type":"WebPage","@id":"https:\/\/infoecos.com.ar\/index.php\/udocba-pidio-la-exencion-de-la-presencialidad-en-escuelas\/","url":"https:\/\/infoecos.com.ar\/index.php\/udocba-pidio-la-exencion-de-la-presencialidad-en-escuelas\/","name":"UDOCBA pidi\u00f3 la exenci\u00f3n de la presencialidad en escuelas - Infoecos","isPartOf":{"@id":"https:\/\/infoecos.com.ar\/#website"},"primaryImageOfPage":{"@id":"https:\/\/infoecos.com.ar\/index.php\/udocba-pidio-la-exencion-de-la-presencialidad-en-escuelas\/#primaryimage"},"image":{"@id":"https:\/\/infoecos.com.ar\/index.php\/udocba-pidio-la-exencion-de-la-presencialidad-en-escuelas\/#primaryimage"},"thumbnailUrl":"","datePublished":"2021-03-30T04:25:57+00:00","dateModified":"2021-03-30T04:25:59+00:00","breadcrumb":{"@id":"https:\/\/infoecos.com.ar\/index.php\/udocba-pidio-la-exencion-de-la-presencialidad-en-escuelas\/#breadcrumb"},"inLanguage":"es","potentialAction":[{"@type":"ReadAction","target":["https:\/\/infoecos.com.ar\/index.php\/udocba-pidio-la-exencion-de-la-presencialidad-en-escuelas\/"]}]},{"@type":"ImageObject","inLanguage":"es","@id":"https:\/\/infoecos.com.ar\/index.php\/udocba-pidio-la-exencion-de-la-presencialidad-en-escuelas\/#primaryimage","url":"","contentUrl":""},{"@type":"BreadcrumbList","@id":"https:\/\/infoecos.com.ar\/index.php\/udocba-pidio-la-exencion-de-la-presencialidad-en-escuelas\/#breadcrumb","itemListElement":[{"@type":"ListItem","position":1,"name":"Portada","item":"https:\/\/infoecos.com.ar\/"},{"@type":"ListItem","position":2,"name":"UDOCBA pidi\u00f3 la exenci\u00f3n de la presencialidad en escuelas"}]},{"@type":"WebSite","@id":"https:\/\/infoecos.com.ar\/#website","url":"https:\/\/infoecos.com.ar\/","name":"Infoecos","description":"Noticias de trenque lauquen y la zona","publisher":{"@id":"https:\/\/infoecos.com.ar\/#organization"},"alternateName":"Noticias","potentialAction":[{"@type":"SearchAction","target":{"@type":"EntryPoint","urlTemplate":"https:\/\/infoecos.com.ar\/?s={search_term_string}"},"query-input":{"@type":"PropertyValueSpecification","valueRequired":true,"valueName":"search_term_string"}}],"inLanguage":"es"},{"@type":"Organization","@id":"https:\/\/infoecos.com.ar\/#organization","name":"Infoecos","alternateName":"Noticias","url":"https:\/\/infoecos.com.ar\/","logo":{"@type":"ImageObject","inLanguage":"es","@id":"https:\/\/infoecos.com.ar\/#\/schema\/logo\/image\/","url":"https:\/\/infoecos.com.ar\/wp-content\/uploads\/2024\/03\/cropped-logo.png","contentUrl":"https:\/\/infoecos.com.ar\/wp-content\/uploads\/2024\/03\/cropped-logo.png","width":374,"height":90,"caption":"Infoecos"},"image":{"@id":"https:\/\/infoecos.com.ar\/#\/schema\/logo\/image\/"},"sameAs":["https:\/\/www.facebook.com\/profile.php?id=100063200290284","https:\/\/x.com\/infoecos"]},{"@type":"Person","@id":"https:\/\/infoecos.com.ar\/#\/schema\/person\/8f5ace5ce73b4b4aac4b7245aee6f191","name":"Jorge Matheus","url":"https:\/\/infoecos.com.ar\/index.php\/author\/jomatheus\/"}]}},"featured_image_urls":{"full":"","thumbnail":"","medium":"","medium_large":"","large":"","1536x1536":"","2048x2048":"","covernews-slider-full":"","covernews-slider-center":"","covernews-featured":"","covernews-medium":"","covernews-medium-square":""},"author_info":{"info":["Jorge Matheus"]},"category_info":"<a href=\"https:\/\/infoecos.com.ar\/index.php\/category\/c2nota3\/\" rel=\"category tag\">C2 N3<\/a>","tag_info":"C2 N3","comment_count":"0","_links":{"self":[{"href":"https:\/\/infoecos.com.ar\/index.php\/wp-json\/wp\/v2\/posts\/77038"}],"collection":[{"href":"https:\/\/infoecos.com.ar\/index.php\/wp-json\/wp\/v2\/posts"}],"about":[{"href":"https:\/\/infoecos.com.ar\/index.php\/wp-json\/wp\/v2\/types\/post"}],"author":[{"embeddable":true,"href":"https:\/\/infoecos.com.ar\/index.php\/wp-json\/wp\/v2\/users\/2"}],"replies":[{"embeddable":true,"href":"https:\/\/infoecos.com.ar\/index.php\/wp-json\/wp\/v2\/comments?post=77038"}],"version-history":[{"count":1,"href":"https:\/\/infoecos.com.ar\/index.php\/wp-json\/wp\/v2\/posts\/77038\/revisions"}],"predecessor-version":[{"id":77039,"href":"https:\/\/infoecos.com.ar\/index.php\/wp-json\/wp\/v2\/posts\/77038\/revisions\/77039"}],"wp:featuredmedia":[{"embeddable":true,"href":"https:\/\/infoecos.com.ar\/index.php\/wp-json\/"}],"wp:attachment":[{"href":"https:\/\/infoecos.com.ar\/index.php\/wp-json\/wp\/v2\/media?parent=77038"}],"wp:term":[{"taxonomy":"category","embeddable":true,"href":"https:\/\/infoecos.com.ar\/index.php\/wp-json\/wp\/v2\/categories?post=77038"},{"taxonomy":"post_tag","embeddable":true,"href":"https:\/\/infoecos.com.ar\/index.php\/wp-json\/wp\/v2\/tags?post=77038"}],"curies":[{"name":"wp","href":"https:\/\/api.w.org\/{rel}","templated":true}]}}