{"id":77113,"date":"2021-03-30T15:38:28","date_gmt":"2021-03-30T18:38:28","guid":{"rendered":"http:\/\/infoecos.com.ar\/?p=77113"},"modified":"2021-03-30T15:38:35","modified_gmt":"2021-03-30T18:38:35","slug":"el-ministro-de-salud-afirmo-que-no-esta-en-riesgo-la-presencialidad-en-las-escuelas","status":"publish","type":"post","link":"https:\/\/infoecos.com.ar\/index.php\/el-ministro-de-salud-afirmo-que-no-esta-en-riesgo-la-presencialidad-en-las-escuelas\/","title":{"rendered":"El ministro de Salud afirm\u00f3 que no est\u00e1 en riesgo la presencialidad en las escuelas"},"content":{"rendered":"\n<p class=\"wp-block-paragraph\">El titular del ministerio de salud de la provincia de Buenos Aires,\u00a0<strong>Daniel Gollan<\/strong>, afirm\u00f3 que no est\u00e1 en riesgo la presencialidad en las aulas y que las escuelas no est\u00e1n siendo focos de contagio.<\/p>\n\n\n\n<p class=\"wp-block-paragraph\">Pese a diversos pedidos de suspensi\u00f3n de la misma, Gollan afirm\u00f3 que \u201cla escuela en s\u00ed hasta ahora es un lugar muy cuidado. No tenemos reportes de que en las escuelas se est\u00e9n produciendo gran cantidad de contagios\u201d.<\/p>\n\n\n\n<p class=\"wp-block-paragraph\">\u201cLas escuelas son lugares seguros, ambientes cuidados, pero despu\u00e9s los chicos van a lo de los amigos, hacen vida normal y ah\u00ed se producen los contagios\u201d, se\u00f1al\u00f3 el ministro.<\/p>\n\n\n\n<p class=\"wp-block-paragraph\">Por su parte el jefe de Gabinete bonaerense,\u00a0<strong>Carlos Bianco<\/strong>, sostuvo que \u201cvamos a seguir con la presencialidad, analizando la situaci\u00f3n\u201d, y agreg\u00f3 que \u201cno tenemos una situaci\u00f3n preocupante ni mucho menos\u201d por lo que \u201cla presencialidad est\u00e1 garantizada\u201d en los establecimientos educativos.<\/p>\n\n\n\n<div class=\"wp-block-image\"><figure class=\"aligncenter size-medium\"><img loading=\"lazy\" decoding=\"async\" width=\"460\" height=\"259\" src=\"http:\/\/infoecos.com.ar\/wp-content\/uploads\/2021\/03\/gollan-1-460x259.jpg\" alt=\"\" class=\"wp-image-77114\" srcset=\"https:\/\/infoecos.com.ar\/wp-content\/uploads\/2021\/03\/gollan-1-460x259.jpg 460w, https:\/\/infoecos.com.ar\/wp-content\/uploads\/2021\/03\/gollan-1-920x518.jpg 920w, https:\/\/infoecos.com.ar\/wp-content\/uploads\/2021\/03\/gollan-1-768x432.jpg 768w, https:\/\/infoecos.com.ar\/wp-content\/uploads\/2021\/03\/gollan-1.jpg 992w\" sizes=\"auto, (max-width: 460px) 100vw, 460px\" \/><\/figure><\/div>\n","protected":false},"excerpt":{"rendered":"<p>Gollan afirm\u00f3 que \u201cla escuela en s\u00ed hasta ahora es un lugar muy cuidado. No tenemos reportes de que en las escuelas se est\u00e9n produciendo gran cantidad de contagios\u201d<\/p>\n","protected":false},"author":2,"featured_media":77114,"comment_status":"closed","ping_status":"open","sticky":false,"template":"","format":"standard","meta":{"footnotes":""},"categories":[24],"tags":[3493],"class_list":["post-77113","post","type-post","status-publish","format-standard","has-post-thumbnail","hentry","category-c1nota3","tag-se-garantiza-la-continuidad"],"featured_image_urls":{"full":["https:\/\/infoecos.com.ar\/wp-content\/uploads\/2021\/03\/gollan-1.jpg",992,558,false],"thumbnail":["https:\/\/infoecos.com.ar\/wp-content\/uploads\/2021\/03\/gollan-1-150x150.jpg",150,150,true],"medium":["https:\/\/infoecos.com.ar\/wp-content\/uploads\/2021\/03\/gollan-1-460x259.jpg",460,259,true],"medium_large":["https:\/\/infoecos.com.ar\/wp-content\/uploads\/2021\/03\/gollan-1-768x432.jpg",640,360,true],"large":["https:\/\/infoecos.com.ar\/wp-content\/uploads\/2021\/03\/gollan-1-920x518.jpg",640,360,true],"1536x1536":["https:\/\/infoecos.com.ar\/wp-content\/uploads\/2021\/03\/gollan-1.jpg",992,558,false],"2048x2048":["https:\/\/infoecos.com.ar\/wp-content\/uploads\/2021\/03\/gollan-1.jpg",992,558,false],"covernews-slider-full":["https:\/\/infoecos.com.ar\/wp-content\/uploads\/2021\/03\/gollan-1.jpg",992,558,false],"covernews-slider-center":["https:\/\/infoecos.com.ar\/wp-content\/uploads\/2021\/03\/gollan-1-936x558.jpg",800,477,true],"covernews-featured":["https:\/\/infoecos.com.ar\/wp-content\/uploads\/2021\/03\/gollan-1.jpg",992,558,false],"covernews-medium":["https:\/\/infoecos.com.ar\/wp-content\/uploads\/2021\/03\/gollan-1-720x380.jpg",540,285,true],"covernews-medium-square":["https:\/\/infoecos.com.ar\/wp-content\/uploads\/2021\/03\/gollan-1-675x450.jpg",375,250,true]},"author_info":{"info":["Jorge Matheus"]},"category_info":"<a href=\"https:\/\/infoecos.com.ar\/index.php\/category\/c1nota3\/\" rel=\"category tag\">C1 N3<\/a>","tag_info":"C1 N3","comment_count":"0","_links":{"self":[{"href":"https:\/\/infoecos.com.ar\/index.php\/wp-json\/wp\/v2\/posts\/77113","targetHints":{"allow":["GET"]}}],"collection":[{"href":"https:\/\/infoecos.com.ar\/index.php\/wp-json\/wp\/v2\/posts"}],"about":[{"href":"https:\/\/infoecos.com.ar\/index.php\/wp-json\/wp\/v2\/types\/post"}],"author":[{"embeddable":true,"href":"https:\/\/infoecos.com.ar\/index.php\/wp-json\/wp\/v2\/users\/2"}],"replies":[{"embeddable":true,"href":"https:\/\/infoecos.com.ar\/index.php\/wp-json\/wp\/v2\/comments?post=77113"}],"version-history":[{"count":1,"href":"https:\/\/infoecos.com.ar\/index.php\/wp-json\/wp\/v2\/posts\/77113\/revisions"}],"predecessor-version":[{"id":77115,"href":"https:\/\/infoecos.com.ar\/index.php\/wp-json\/wp\/v2\/posts\/77113\/revisions\/77115"}],"wp:featuredmedia":[{"embeddable":true,"href":"https:\/\/infoecos.com.ar\/index.php\/wp-json\/wp\/v2\/media\/77114"}],"wp:attachment":[{"href":"https:\/\/infoecos.com.ar\/index.php\/wp-json\/wp\/v2\/media?parent=77113"}],"wp:term":[{"taxonomy":"category","embeddable":true,"href":"https:\/\/infoecos.com.ar\/index.php\/wp-json\/wp\/v2\/categories?post=77113"},{"taxonomy":"post_tag","embeddable":true,"href":"https:\/\/infoecos.com.ar\/index.php\/wp-json\/wp\/v2\/tags?post=77113"}],"curies":[{"name":"wp","href":"https:\/\/api.w.org\/{rel}","templated":true}]}}