{"id":77129,"date":"2021-03-31T00:41:35","date_gmt":"2021-03-31T03:41:35","guid":{"rendered":"http:\/\/infoecos.com.ar\/?p=77129"},"modified":"2021-03-31T00:41:38","modified_gmt":"2021-03-31T03:41:38","slug":"podria-haber-acuerdo-para-que-se-posterguen-las-paso-y-las-elecciones-generales","status":"publish","type":"post","link":"https:\/\/infoecos.com.ar\/index.php\/podria-haber-acuerdo-para-que-se-posterguen-las-paso-y-las-elecciones-generales\/","title":{"rendered":"Podr\u00eda haber acuerdo para que se posterguen las PASO y las elecciones generales"},"content":{"rendered":"\n<p>El oficialismo y la oposici\u00f3n estar\u00edan cerca de llegar a un acuerdo por la postergaci\u00f3n de las PASO y de las elecciones generales, ambas para un mes despu\u00e9s de lo estipulado por la C\u00e1mara Electoral.<\/p>\n\n\n\n<p>La respuesta afirmativa por parte de la oposici\u00f3n fue encabezada por el intendente de Vicente L\u00f3pez,&nbsp;<strong>Jorge Macri<\/strong>, y&nbsp;<strong>Cristian Ritondo<\/strong>, ex ministro de seguridad en la gesti\u00f3n anterior y actual l\u00edder del bloque de Juntos por el Cambio en la c\u00e1mara de Diputados.<\/p>\n\n\n\n<div class=\"wp-block-image\"><figure class=\"aligncenter size-medium\"><img decoding=\"async\" src=\"http:\/\/infoecos.com.ar\/wp-content\/uploads\/59989c70cc08b-460x259.jpg\" alt=\"\" class=\"wp-image-43250\"\/><figcaption>Urnas<\/figcaption><\/figure><\/div>\n\n\n\n<p>Adem\u00e1s, sostienen que desde el ejecutivo bonaerense decidieron que acompa\u00f1ar\u00e1n la decisi\u00f3n de Naci\u00f3n en cuanto a la cuesti\u00f3n electoral, algo que a\u00fan era una inc\u00f3gnita dentro el Frente de Todos.<\/p>\n\n\n\n<p>El pr\u00f3ximo paso ser\u00e1 que la modificaci\u00f3n del calendario electoral pase por el Congreso, como marca la ley electoral. El ministro del Interior,\u00a0<strong>Eduardo De Pedro<\/strong>, se reunir\u00e1 con los presidentes de los distintos interbloques para que la modificaci\u00f3n sea un hecho luego de tanta controversia.<\/p>\n\n\n\n<p>El presidente del bloque de Diputados del PRO, Cristian Ritondo, dijo que no cree que se suspendan las PASO previstas para el 8 de agosto pr\u00f3ximo, aunque dej\u00f3 entrever que es posible una postergaci\u00f3n a causa de la pandemia de coronavirus.<\/p>\n\n\n\n<p>El legislador indic\u00f3 que \u00abhay un mont\u00f3n de charlas informales, viendo como se sucede esta pandemia\u00bb, para luego decidir si se postergan o no las PASO.<\/p>\n","protected":false},"excerpt":{"rendered":"<p>El presidente del bloque de Diputados del PRO, Cristian Ritondo, dijo que no cree que se suspendan las PASO previstas para el 8 de agosto pr\u00f3ximo, aunque dej\u00f3 entrever que es posible una postergaci\u00f3n a causa de la pandemia de coronavirus<\/p>\n","protected":false},"author":2,"featured_media":43250,"comment_status":"closed","ping_status":"open","sticky":false,"template":"","format":"standard","meta":{"footnotes":""},"categories":[25],"tags":[3495],"class_list":["post-77129","post","type-post","status-publish","format-standard","has-post-thumbnail","hentry","category-c3nota1","tag-oficialismo-y-oposicion-reconocen-conversaciones"],"yoast_head":"<!-- This site is optimized with the Yoast SEO plugin v23.4 - https:\/\/yoast.com\/wordpress\/plugins\/seo\/ -->\n<title>Podr\u00eda haber acuerdo para que se posterguen las PASO y las elecciones generales - Infoecos<\/title>\n<meta name=\"robots\" content=\"index, follow, max-snippet:-1, max-image-preview:large, max-video-preview:-1\" \/>\n<link rel=\"canonical\" href=\"https:\/\/infoecos.com.ar\/index.php\/podria-haber-acuerdo-para-que-se-posterguen-las-paso-y-las-elecciones-generales\/\" \/>\n<meta property=\"og:locale\" content=\"es_ES\" \/>\n<meta property=\"og:type\" content=\"article\" \/>\n<meta property=\"og:title\" content=\"Podr\u00eda haber acuerdo para que se posterguen las PASO y las elecciones generales - Infoecos\" \/>\n<meta property=\"og:description\" content=\"El presidente del bloque de Diputados del PRO, Cristian Ritondo, dijo que no cree que se suspendan las PASO previstas para el 8 de agosto pr\u00f3ximo, aunque dej\u00f3 entrever que es posible una postergaci\u00f3n a causa de la pandemia de coronavirus\" \/>\n<meta property=\"og:url\" content=\"https:\/\/infoecos.com.ar\/index.php\/podria-haber-acuerdo-para-que-se-posterguen-las-paso-y-las-elecciones-generales\/\" \/>\n<meta property=\"og:site_name\" content=\"Infoecos\" \/>\n<meta property=\"article:publisher\" content=\"https:\/\/www.facebook.com\/profile.php?id=100063200290284\" \/>\n<meta property=\"article:published_time\" content=\"2021-03-31T03:41:35+00:00\" \/>\n<meta property=\"article:modified_time\" content=\"2021-03-31T03:41:38+00:00\" \/>\n<meta property=\"og:image\" content=\"https:\/\/infoecos.com.ar\/wp-content\/uploads\/59989c70cc08b.jpg\" \/>\n\t<meta property=\"og:image:width\" content=\"1280\" \/>\n\t<meta property=\"og:image:height\" content=\"720\" \/>\n\t<meta property=\"og:image:type\" content=\"image\/jpeg\" \/>\n<meta name=\"author\" content=\"Jorge Matheus\" \/>\n<meta name=\"twitter:card\" content=\"summary_large_image\" \/>\n<meta name=\"twitter:creator\" content=\"@infoecos\" \/>\n<meta name=\"twitter:site\" content=\"@infoecos\" \/>\n<meta name=\"twitter:label1\" content=\"Escrito por\" \/>\n\t<meta name=\"twitter:data1\" content=\"Jorge Matheus\" \/>\n\t<meta name=\"twitter:label2\" content=\"Tiempo de lectura\" \/>\n\t<meta name=\"twitter:data2\" content=\"1 minuto\" \/>\n<script type=\"application\/ld+json\" class=\"yoast-schema-graph\">{\"@context\":\"https:\/\/schema.org\",\"@graph\":[{\"@type\":\"Article\",\"@id\":\"https:\/\/infoecos.com.ar\/index.php\/podria-haber-acuerdo-para-que-se-posterguen-las-paso-y-las-elecciones-generales\/#article\",\"isPartOf\":{\"@id\":\"https:\/\/infoecos.com.ar\/index.php\/podria-haber-acuerdo-para-que-se-posterguen-las-paso-y-las-elecciones-generales\/\"},\"author\":{\"name\":\"Jorge Matheus\",\"@id\":\"https:\/\/infoecos.com.ar\/#\/schema\/person\/8f5ace5ce73b4b4aac4b7245aee6f191\"},\"headline\":\"Podr\u00eda haber acuerdo para que se posterguen las PASO y las elecciones generales\",\"datePublished\":\"2021-03-31T03:41:35+00:00\",\"dateModified\":\"2021-03-31T03:41:38+00:00\",\"mainEntityOfPage\":{\"@id\":\"https:\/\/infoecos.com.ar\/index.php\/podria-haber-acuerdo-para-que-se-posterguen-las-paso-y-las-elecciones-generales\/\"},\"wordCount\":263,\"publisher\":{\"@id\":\"https:\/\/infoecos.com.ar\/#organization\"},\"image\":{\"@id\":\"https:\/\/infoecos.com.ar\/index.php\/podria-haber-acuerdo-para-que-se-posterguen-las-paso-y-las-elecciones-generales\/#primaryimage\"},\"thumbnailUrl\":\"\",\"keywords\":[\"OFICIALISMO Y OPOSICION RECONOCEN CONVERSACIONES\"],\"articleSection\":[\"C3 N1\"],\"inLanguage\":\"es\"},{\"@type\":\"WebPage\",\"@id\":\"https:\/\/infoecos.com.ar\/index.php\/podria-haber-acuerdo-para-que-se-posterguen-las-paso-y-las-elecciones-generales\/\",\"url\":\"https:\/\/infoecos.com.ar\/index.php\/podria-haber-acuerdo-para-que-se-posterguen-las-paso-y-las-elecciones-generales\/\",\"name\":\"Podr\u00eda haber acuerdo para que se posterguen las PASO y las elecciones generales - Infoecos\",\"isPartOf\":{\"@id\":\"https:\/\/infoecos.com.ar\/#website\"},\"primaryImageOfPage\":{\"@id\":\"https:\/\/infoecos.com.ar\/index.php\/podria-haber-acuerdo-para-que-se-posterguen-las-paso-y-las-elecciones-generales\/#primaryimage\"},\"image\":{\"@id\":\"https:\/\/infoecos.com.ar\/index.php\/podria-haber-acuerdo-para-que-se-posterguen-las-paso-y-las-elecciones-generales\/#primaryimage\"},\"thumbnailUrl\":\"\",\"datePublished\":\"2021-03-31T03:41:35+00:00\",\"dateModified\":\"2021-03-31T03:41:38+00:00\",\"breadcrumb\":{\"@id\":\"https:\/\/infoecos.com.ar\/index.php\/podria-haber-acuerdo-para-que-se-posterguen-las-paso-y-las-elecciones-generales\/#breadcrumb\"},\"inLanguage\":\"es\",\"potentialAction\":[{\"@type\":\"ReadAction\",\"target\":[\"https:\/\/infoecos.com.ar\/index.php\/podria-haber-acuerdo-para-que-se-posterguen-las-paso-y-las-elecciones-generales\/\"]}]},{\"@type\":\"ImageObject\",\"inLanguage\":\"es\",\"@id\":\"https:\/\/infoecos.com.ar\/index.php\/podria-haber-acuerdo-para-que-se-posterguen-las-paso-y-las-elecciones-generales\/#primaryimage\",\"url\":\"\",\"contentUrl\":\"\"},{\"@type\":\"BreadcrumbList\",\"@id\":\"https:\/\/infoecos.com.ar\/index.php\/podria-haber-acuerdo-para-que-se-posterguen-las-paso-y-las-elecciones-generales\/#breadcrumb\",\"itemListElement\":[{\"@type\":\"ListItem\",\"position\":1,\"name\":\"Portada\",\"item\":\"https:\/\/infoecos.com.ar\/\"},{\"@type\":\"ListItem\",\"position\":2,\"name\":\"Podr\u00eda haber acuerdo para que se posterguen las PASO y las elecciones generales\"}]},{\"@type\":\"WebSite\",\"@id\":\"https:\/\/infoecos.com.ar\/#website\",\"url\":\"https:\/\/infoecos.com.ar\/\",\"name\":\"Infoecos\",\"description\":\"Noticias de trenque lauquen y la zona\",\"publisher\":{\"@id\":\"https:\/\/infoecos.com.ar\/#organization\"},\"alternateName\":\"Noticias\",\"potentialAction\":[{\"@type\":\"SearchAction\",\"target\":{\"@type\":\"EntryPoint\",\"urlTemplate\":\"https:\/\/infoecos.com.ar\/?s={search_term_string}\"},\"query-input\":{\"@type\":\"PropertyValueSpecification\",\"valueRequired\":true,\"valueName\":\"search_term_string\"}}],\"inLanguage\":\"es\"},{\"@type\":\"Organization\",\"@id\":\"https:\/\/infoecos.com.ar\/#organization\",\"name\":\"Infoecos\",\"alternateName\":\"Noticias\",\"url\":\"https:\/\/infoecos.com.ar\/\",\"logo\":{\"@type\":\"ImageObject\",\"inLanguage\":\"es\",\"@id\":\"https:\/\/infoecos.com.ar\/#\/schema\/logo\/image\/\",\"url\":\"https:\/\/infoecos.com.ar\/wp-content\/uploads\/2024\/03\/cropped-logo.png\",\"contentUrl\":\"https:\/\/infoecos.com.ar\/wp-content\/uploads\/2024\/03\/cropped-logo.png\",\"width\":374,\"height\":90,\"caption\":\"Infoecos\"},\"image\":{\"@id\":\"https:\/\/infoecos.com.ar\/#\/schema\/logo\/image\/\"},\"sameAs\":[\"https:\/\/www.facebook.com\/profile.php?id=100063200290284\",\"https:\/\/x.com\/infoecos\"]},{\"@type\":\"Person\",\"@id\":\"https:\/\/infoecos.com.ar\/#\/schema\/person\/8f5ace5ce73b4b4aac4b7245aee6f191\",\"name\":\"Jorge Matheus\",\"url\":\"https:\/\/infoecos.com.ar\/index.php\/author\/jomatheus\/\"}]}<\/script>\n<!-- \/ Yoast SEO plugin. -->","yoast_head_json":{"title":"Podr\u00eda haber acuerdo para que se posterguen las PASO y las elecciones generales - Infoecos","robots":{"index":"index","follow":"follow","max-snippet":"max-snippet:-1","max-image-preview":"max-image-preview:large","max-video-preview":"max-video-preview:-1"},"canonical":"https:\/\/infoecos.com.ar\/index.php\/podria-haber-acuerdo-para-que-se-posterguen-las-paso-y-las-elecciones-generales\/","og_locale":"es_ES","og_type":"article","og_title":"Podr\u00eda haber acuerdo para que se posterguen las PASO y las elecciones generales - Infoecos","og_description":"El presidente del bloque de Diputados del PRO, Cristian Ritondo, dijo que no cree que se suspendan las PASO previstas para el 8 de agosto pr\u00f3ximo, aunque dej\u00f3 entrever que es posible una postergaci\u00f3n a causa de la pandemia de coronavirus","og_url":"https:\/\/infoecos.com.ar\/index.php\/podria-haber-acuerdo-para-que-se-posterguen-las-paso-y-las-elecciones-generales\/","og_site_name":"Infoecos","article_publisher":"https:\/\/www.facebook.com\/profile.php?id=100063200290284","article_published_time":"2021-03-31T03:41:35+00:00","article_modified_time":"2021-03-31T03:41:38+00:00","og_image":[{"width":1280,"height":720,"url":"https:\/\/infoecos.com.ar\/wp-content\/uploads\/59989c70cc08b.jpg","type":"image\/jpeg"}],"author":"Jorge Matheus","twitter_card":"summary_large_image","twitter_creator":"@infoecos","twitter_site":"@infoecos","twitter_misc":{"Escrito por":"Jorge Matheus","Tiempo de lectura":"1 minuto"},"schema":{"@context":"https:\/\/schema.org","@graph":[{"@type":"Article","@id":"https:\/\/infoecos.com.ar\/index.php\/podria-haber-acuerdo-para-que-se-posterguen-las-paso-y-las-elecciones-generales\/#article","isPartOf":{"@id":"https:\/\/infoecos.com.ar\/index.php\/podria-haber-acuerdo-para-que-se-posterguen-las-paso-y-las-elecciones-generales\/"},"author":{"name":"Jorge Matheus","@id":"https:\/\/infoecos.com.ar\/#\/schema\/person\/8f5ace5ce73b4b4aac4b7245aee6f191"},"headline":"Podr\u00eda haber acuerdo para que se posterguen las PASO y las elecciones generales","datePublished":"2021-03-31T03:41:35+00:00","dateModified":"2021-03-31T03:41:38+00:00","mainEntityOfPage":{"@id":"https:\/\/infoecos.com.ar\/index.php\/podria-haber-acuerdo-para-que-se-posterguen-las-paso-y-las-elecciones-generales\/"},"wordCount":263,"publisher":{"@id":"https:\/\/infoecos.com.ar\/#organization"},"image":{"@id":"https:\/\/infoecos.com.ar\/index.php\/podria-haber-acuerdo-para-que-se-posterguen-las-paso-y-las-elecciones-generales\/#primaryimage"},"thumbnailUrl":"","keywords":["OFICIALISMO Y OPOSICION RECONOCEN CONVERSACIONES"],"articleSection":["C3 N1"],"inLanguage":"es"},{"@type":"WebPage","@id":"https:\/\/infoecos.com.ar\/index.php\/podria-haber-acuerdo-para-que-se-posterguen-las-paso-y-las-elecciones-generales\/","url":"https:\/\/infoecos.com.ar\/index.php\/podria-haber-acuerdo-para-que-se-posterguen-las-paso-y-las-elecciones-generales\/","name":"Podr\u00eda haber acuerdo para que se posterguen las PASO y las elecciones generales - Infoecos","isPartOf":{"@id":"https:\/\/infoecos.com.ar\/#website"},"primaryImageOfPage":{"@id":"https:\/\/infoecos.com.ar\/index.php\/podria-haber-acuerdo-para-que-se-posterguen-las-paso-y-las-elecciones-generales\/#primaryimage"},"image":{"@id":"https:\/\/infoecos.com.ar\/index.php\/podria-haber-acuerdo-para-que-se-posterguen-las-paso-y-las-elecciones-generales\/#primaryimage"},"thumbnailUrl":"","datePublished":"2021-03-31T03:41:35+00:00","dateModified":"2021-03-31T03:41:38+00:00","breadcrumb":{"@id":"https:\/\/infoecos.com.ar\/index.php\/podria-haber-acuerdo-para-que-se-posterguen-las-paso-y-las-elecciones-generales\/#breadcrumb"},"inLanguage":"es","potentialAction":[{"@type":"ReadAction","target":["https:\/\/infoecos.com.ar\/index.php\/podria-haber-acuerdo-para-que-se-posterguen-las-paso-y-las-elecciones-generales\/"]}]},{"@type":"ImageObject","inLanguage":"es","@id":"https:\/\/infoecos.com.ar\/index.php\/podria-haber-acuerdo-para-que-se-posterguen-las-paso-y-las-elecciones-generales\/#primaryimage","url":"","contentUrl":""},{"@type":"BreadcrumbList","@id":"https:\/\/infoecos.com.ar\/index.php\/podria-haber-acuerdo-para-que-se-posterguen-las-paso-y-las-elecciones-generales\/#breadcrumb","itemListElement":[{"@type":"ListItem","position":1,"name":"Portada","item":"https:\/\/infoecos.com.ar\/"},{"@type":"ListItem","position":2,"name":"Podr\u00eda haber acuerdo para que se posterguen las PASO y las elecciones generales"}]},{"@type":"WebSite","@id":"https:\/\/infoecos.com.ar\/#website","url":"https:\/\/infoecos.com.ar\/","name":"Infoecos","description":"Noticias de trenque lauquen y la zona","publisher":{"@id":"https:\/\/infoecos.com.ar\/#organization"},"alternateName":"Noticias","potentialAction":[{"@type":"SearchAction","target":{"@type":"EntryPoint","urlTemplate":"https:\/\/infoecos.com.ar\/?s={search_term_string}"},"query-input":{"@type":"PropertyValueSpecification","valueRequired":true,"valueName":"search_term_string"}}],"inLanguage":"es"},{"@type":"Organization","@id":"https:\/\/infoecos.com.ar\/#organization","name":"Infoecos","alternateName":"Noticias","url":"https:\/\/infoecos.com.ar\/","logo":{"@type":"ImageObject","inLanguage":"es","@id":"https:\/\/infoecos.com.ar\/#\/schema\/logo\/image\/","url":"https:\/\/infoecos.com.ar\/wp-content\/uploads\/2024\/03\/cropped-logo.png","contentUrl":"https:\/\/infoecos.com.ar\/wp-content\/uploads\/2024\/03\/cropped-logo.png","width":374,"height":90,"caption":"Infoecos"},"image":{"@id":"https:\/\/infoecos.com.ar\/#\/schema\/logo\/image\/"},"sameAs":["https:\/\/www.facebook.com\/profile.php?id=100063200290284","https:\/\/x.com\/infoecos"]},{"@type":"Person","@id":"https:\/\/infoecos.com.ar\/#\/schema\/person\/8f5ace5ce73b4b4aac4b7245aee6f191","name":"Jorge Matheus","url":"https:\/\/infoecos.com.ar\/index.php\/author\/jomatheus\/"}]}},"featured_image_urls":{"full":"","thumbnail":"","medium":"","medium_large":"","large":"","1536x1536":"","2048x2048":"","covernews-slider-full":"","covernews-slider-center":"","covernews-featured":"","covernews-medium":"","covernews-medium-square":""},"author_info":{"info":["Jorge Matheus"]},"category_info":"<a href=\"https:\/\/infoecos.com.ar\/index.php\/category\/c3nota1\/\" rel=\"category tag\">C3 N1<\/a>","tag_info":"C3 N1","comment_count":"0","_links":{"self":[{"href":"https:\/\/infoecos.com.ar\/index.php\/wp-json\/wp\/v2\/posts\/77129"}],"collection":[{"href":"https:\/\/infoecos.com.ar\/index.php\/wp-json\/wp\/v2\/posts"}],"about":[{"href":"https:\/\/infoecos.com.ar\/index.php\/wp-json\/wp\/v2\/types\/post"}],"author":[{"embeddable":true,"href":"https:\/\/infoecos.com.ar\/index.php\/wp-json\/wp\/v2\/users\/2"}],"replies":[{"embeddable":true,"href":"https:\/\/infoecos.com.ar\/index.php\/wp-json\/wp\/v2\/comments?post=77129"}],"version-history":[{"count":1,"href":"https:\/\/infoecos.com.ar\/index.php\/wp-json\/wp\/v2\/posts\/77129\/revisions"}],"predecessor-version":[{"id":77130,"href":"https:\/\/infoecos.com.ar\/index.php\/wp-json\/wp\/v2\/posts\/77129\/revisions\/77130"}],"wp:featuredmedia":[{"embeddable":true,"href":"https:\/\/infoecos.com.ar\/index.php\/wp-json\/"}],"wp:attachment":[{"href":"https:\/\/infoecos.com.ar\/index.php\/wp-json\/wp\/v2\/media?parent=77129"}],"wp:term":[{"taxonomy":"category","embeddable":true,"href":"https:\/\/infoecos.com.ar\/index.php\/wp-json\/wp\/v2\/categories?post=77129"},{"taxonomy":"post_tag","embeddable":true,"href":"https:\/\/infoecos.com.ar\/index.php\/wp-json\/wp\/v2\/tags?post=77129"}],"curies":[{"name":"wp","href":"https:\/\/api.w.org\/{rel}","templated":true}]}}