{"id":77138,"date":"2021-03-31T01:15:38","date_gmt":"2021-03-31T04:15:38","guid":{"rendered":"http:\/\/infoecos.com.ar\/?p=77138"},"modified":"2021-03-31T01:15:41","modified_gmt":"2021-03-31T04:15:41","slug":"distritos-de-la-region-en-fase-5-adolfo-alsina-ameghino-general-pinto-guamini-pellegrini-tres-lomas-salliquelo","status":"publish","type":"post","link":"https:\/\/infoecos.com.ar\/index.php\/distritos-de-la-region-en-fase-5-adolfo-alsina-ameghino-general-pinto-guamini-pellegrini-tres-lomas-salliquelo\/","title":{"rendered":"Distritos de la regi\u00f3n en Fase 5: Adolfo Alsina, Ameghino, General Pinto, Guamin\u00ed, Pellegrini, Tres Lomas, Salliquel\u00f3"},"content":{"rendered":"\n<p class=\"wp-block-paragraph\"><strong>En fase 4: <\/strong><\/p>\n\n\n\n<p class=\"wp-block-paragraph\">25 de Mayo, 9 de Julio, Alberti, Almirante Brown, Avellaneda, Ayacucho, Azul, Bah\u00eda Blanca, Balcarce, Baradero, Benito Ju\u00e1rez, Berazategui, Berisso, <strong>Bolivar<\/strong>, Bragado, Brandsen, Campana, Ca\u00f1uelas, <strong>Carlos Casares<\/strong>, <strong>Carlos Tejedor<\/strong>, Carmen de Areco, Chacabuco, Chascom\u00fas, <strong>Chivilcoy<\/strong>, Col\u00f3n, Coronel Rosales, <strong>Coronel Su\u00e1rez<\/strong> y <strong>Daireaux<\/strong>.<\/p>\n\n\n\n<p class=\"wp-block-paragraph\">Tambi\u00e9n est\u00e1n Dolores, Ensenada, Escobar, Esteban Echeverr\u00eda, Exaltaci\u00f3n de la Cruz, Ezeiza, Florencio Varela, General Alvarado, General Arenales, General Belgrano, General Guido, General Juan Madariaga, General La Madrid y General Las Heras.<\/p>\n\n\n\n<figure class=\"wp-block-image size-large\"><img loading=\"lazy\" decoding=\"async\" width=\"920\" height=\"518\" src=\"http:\/\/infoecos.com.ar\/wp-content\/uploads\/2021\/03\/mapaprovinciafases-920x518.jpg\" alt=\"\" class=\"wp-image-77139\" srcset=\"https:\/\/infoecos.com.ar\/wp-content\/uploads\/2021\/03\/mapaprovinciafases-920x518.jpg 920w, https:\/\/infoecos.com.ar\/wp-content\/uploads\/2021\/03\/mapaprovinciafases-460x259.jpg 460w, https:\/\/infoecos.com.ar\/wp-content\/uploads\/2021\/03\/mapaprovinciafases-768x432.jpg 768w, https:\/\/infoecos.com.ar\/wp-content\/uploads\/2021\/03\/mapaprovinciafases.jpg 992w\" sizes=\"auto, (max-width: 920px) 100vw, 920px\" \/><\/figure>\n\n\n\n<p class=\"wp-block-paragraph\">Otras comunas en Fase 4 son General Paz, General Pueyrred\u00f3n, General Rodr\u00edguez, General San Mart\u00edn, <strong>General Villegas<\/strong>, <strong>Hip\u00f3lito Yrigoyen<\/strong>, Hurlingham, Ituzaing\u00f3, Jos\u00e9 C. Paz, Jun\u00edn, La Costa, La Matanza, La Plata, Lan\u00fas, Laprida, Las Flores, <strong>Leandro N. Alem<\/strong>, <strong>Lincoln,<\/strong> Lober\u00eda, Lobos, Lomas de Zamora, Luj\u00e1n, Magdalena, Malvinas Argentinas, Mar Chiquita, Marcos Paz, Mercedes, Merlo y Monte.<\/p>\n\n\n\n<p class=\"wp-block-paragraph\">Adem\u00e1s est\u00e1n <strong>Monte Hermoso<\/strong>, Moreno, Mor\u00f3n, Navarro, Necochea, Olavarr\u00eda, Patagones, <strong>Pehuaj\u00f3<\/strong>, Pergamino, Pilar, Pinamar, Presidente Per\u00f3n, Quilmes, Ramallo, <strong>Rivadavia<\/strong>, Rojas, Roque P\u00e9rez, Saavedra, Saladillo, Salto, San Andr\u00e9s de Giles, San Antonio de Areco, San Cayetano, San Fernando, San Isidro, San Miguel, San Nicol\u00e1s, San Pedro, San Vicente, Suipacha, Tandil, Tigre, <strong>Tornquist<\/strong>, <strong>Trenque Lauquen<\/strong>, Tres Arroyos, Tres de Febrero, Vicente L\u00f3pez, Villa Gesell y Z\u00e1rate.<\/p>\n\n\n\n<p class=\"wp-block-paragraph\"><strong>En fase 5<\/strong>: <\/p>\n\n\n\n<p class=\"wp-block-paragraph\"><strong>Adolfo Alsina<\/strong>, Adolfo Gonzalez Chaves, Arrecifes, Capit\u00e1n Sarmiento, Castelli, Coronel Dorrego, Coronel Pringles, <strong>Florentino Ameghino<\/strong>, General Alvear, General Lavalle<strong>, General Pinto<\/strong>, General Viamonte,<strong> Guamin\u00ed <\/strong>y Lezama.Tambi\u00e9n Maip\u00fa, <strong>Pellegrini,<\/strong> Pila, P\u00faan, Punta Indio, Rauch, <strong>Salliquel\u00f3<\/strong>, Tapalqu\u00e9, Tordillo, <strong>Tres Lomas<\/strong> y Villarino.<\/p>\n","protected":false},"excerpt":{"rendered":"<p>Los mapas con los distritos en sus distintas fases<\/p>\n","protected":false},"author":2,"featured_media":77140,"comment_status":"closed","ping_status":"open","sticky":false,"template":"","format":"standard","meta":{"footnotes":""},"categories":[51],"tags":[3498],"class_list":["post-77138","post","type-post","status-publish","format-standard","has-post-thumbnail","hentry","category-c2nota4","tag-desde-hoy-rigen-restricciones-en-110-distritos"],"featured_image_urls":{"full":["https:\/\/infoecos.com.ar\/wp-content\/uploads\/2021\/03\/mapafase.png",849,566,false],"thumbnail":["https:\/\/infoecos.com.ar\/wp-content\/uploads\/2021\/03\/mapafase-150x150.png",150,150,true],"medium":["https:\/\/infoecos.com.ar\/wp-content\/uploads\/2021\/03\/mapafase-460x307.png",460,307,true],"medium_large":["https:\/\/infoecos.com.ar\/wp-content\/uploads\/2021\/03\/mapafase-768x512.png",640,427,true],"large":["https:\/\/infoecos.com.ar\/wp-content\/uploads\/2021\/03\/mapafase.png",640,427,false],"1536x1536":["https:\/\/infoecos.com.ar\/wp-content\/uploads\/2021\/03\/mapafase.png",849,566,false],"2048x2048":["https:\/\/infoecos.com.ar\/wp-content\/uploads\/2021\/03\/mapafase.png",849,566,false],"covernews-slider-full":["https:\/\/infoecos.com.ar\/wp-content\/uploads\/2021\/03\/mapafase.png",849,566,false],"covernews-slider-center":["https:\/\/infoecos.com.ar\/wp-content\/uploads\/2021\/03\/mapafase.png",750,500,false],"covernews-featured":["https:\/\/infoecos.com.ar\/wp-content\/uploads\/2021\/03\/mapafase.png",849,566,false],"covernews-medium":["https:\/\/infoecos.com.ar\/wp-content\/uploads\/2021\/03\/mapafase-720x380.png",540,285,true],"covernews-medium-square":["https:\/\/infoecos.com.ar\/wp-content\/uploads\/2021\/03\/mapafase-675x450.png",375,250,true]},"author_info":{"info":["Jorge Matheus"]},"category_info":"<a href=\"https:\/\/infoecos.com.ar\/index.php\/category\/c2nota4\/\" rel=\"category tag\">C2 N4<\/a>","tag_info":"C2 N4","comment_count":"0","_links":{"self":[{"href":"https:\/\/infoecos.com.ar\/index.php\/wp-json\/wp\/v2\/posts\/77138","targetHints":{"allow":["GET"]}}],"collection":[{"href":"https:\/\/infoecos.com.ar\/index.php\/wp-json\/wp\/v2\/posts"}],"about":[{"href":"https:\/\/infoecos.com.ar\/index.php\/wp-json\/wp\/v2\/types\/post"}],"author":[{"embeddable":true,"href":"https:\/\/infoecos.com.ar\/index.php\/wp-json\/wp\/v2\/users\/2"}],"replies":[{"embeddable":true,"href":"https:\/\/infoecos.com.ar\/index.php\/wp-json\/wp\/v2\/comments?post=77138"}],"version-history":[{"count":1,"href":"https:\/\/infoecos.com.ar\/index.php\/wp-json\/wp\/v2\/posts\/77138\/revisions"}],"predecessor-version":[{"id":77141,"href":"https:\/\/infoecos.com.ar\/index.php\/wp-json\/wp\/v2\/posts\/77138\/revisions\/77141"}],"wp:featuredmedia":[{"embeddable":true,"href":"https:\/\/infoecos.com.ar\/index.php\/wp-json\/wp\/v2\/media\/77140"}],"wp:attachment":[{"href":"https:\/\/infoecos.com.ar\/index.php\/wp-json\/wp\/v2\/media?parent=77138"}],"wp:term":[{"taxonomy":"category","embeddable":true,"href":"https:\/\/infoecos.com.ar\/index.php\/wp-json\/wp\/v2\/categories?post=77138"},{"taxonomy":"post_tag","embeddable":true,"href":"https:\/\/infoecos.com.ar\/index.php\/wp-json\/wp\/v2\/tags?post=77138"}],"curies":[{"name":"wp","href":"https:\/\/api.w.org\/{rel}","templated":true}]}}