{"id":77168,"date":"2021-03-31T15:07:48","date_gmt":"2021-03-31T18:07:48","guid":{"rendered":"http:\/\/infoecos.com.ar\/?p=77168"},"modified":"2021-03-31T15:08:53","modified_gmt":"2021-03-31T18:08:53","slug":"el-municipio-de-pehuajo-dio-a-conocer-un-decreto-adhiriendo-a-lo-dispuesto-por-el-gobierno-bonaerense","status":"publish","type":"post","link":"https:\/\/infoecos.com.ar\/index.php\/el-municipio-de-pehuajo-dio-a-conocer-un-decreto-adhiriendo-a-lo-dispuesto-por-el-gobierno-bonaerense\/","title":{"rendered":"El municipio de Pehuaj\u00f3 dio a conocer un decreto adhiriendo a lo dispuesto por el gobierno bonaerense"},"content":{"rendered":"\n<p class=\"wp-block-paragraph\">El municipio de Pehuaj\u00f3 dio a conocer un decreto donde adhiere a lo dispuesto por el gobierno de la provincia de Buenos Aires. <\/p>\n\n\n\n<div class=\"wp-block-image\"><figure class=\"aligncenter size-medium\"><img loading=\"lazy\" decoding=\"async\" width=\"460\" height=\"307\" src=\"http:\/\/infoecos.com.ar\/wp-content\/uploads\/pehuajo-palacio-municipal-460x307.jpeg\" alt=\"\" class=\"wp-image-59534\" srcset=\"https:\/\/infoecos.com.ar\/wp-content\/uploads\/pehuajo-palacio-municipal-460x307.jpeg 460w, https:\/\/infoecos.com.ar\/wp-content\/uploads\/pehuajo-palacio-municipal-920x613.jpeg 920w, https:\/\/infoecos.com.ar\/wp-content\/uploads\/pehuajo-palacio-municipal-768x512.jpeg 768w, https:\/\/infoecos.com.ar\/wp-content\/uploads\/pehuajo-palacio-municipal-1024x682.jpeg 1024w, https:\/\/infoecos.com.ar\/wp-content\/uploads\/pehuajo-palacio-municipal-675x450.jpeg 675w, https:\/\/infoecos.com.ar\/wp-content\/uploads\/pehuajo-palacio-municipal.jpeg 1280w\" sizes=\"auto, (max-width: 460px) 100vw, 460px\" \/><figcaption>Pehuaj\u00f3 &#8211; Palacio Municipal<\/figcaption><\/figure><\/div>\n\n\n\n<p class=\"wp-block-paragraph\">En el mismo se establece que quedan suspendidas en la franja horaria entre las 2 y 6 horas las actividades comerciales, art\u00edsticas, deportivas, culturales, sociales y recreativas. Quedan exceptuadas de esta restricci\u00f3n horaria las actividades productivas de car\u00e1cter manufacturero, agropecuario y todas aquellas definidas como esenciales.<\/p>\n\n\n\n<p class=\"wp-block-paragraph\">A trav\u00e9s del mencionado ordenamiento legal se autoriza la realizaci\u00f3n de actividades culturales en espacios cerrados, con un m\u00e1ximo de hasta 20 personas. Esto solo ser\u00e1 posible una vez concluidas las reformas en infraestructura dispuestas y coordinadas con las \u00e1reas de Salud y Cultura. La cantidad de personas habilitadas en los espacios culturales al aire libre estar\u00e1 dispuesta seg\u00fan los metros cuadrados disponibles.<\/p>\n\n\n\n<p class=\"wp-block-paragraph\">Se establece que todos los eventos deber\u00e1n ser autorizados y registrados con anterioridad en la Secretar\u00eda de Cultura.<\/p>\n\n\n\n<p class=\"wp-block-paragraph\"><\/p>\n","protected":false},"excerpt":{"rendered":"<p>En el mismo se establece que quedan suspendidas en la franja horaria entre las 2 y 6 horas las actividades comerciales, art\u00edsticas, deportivas, culturales, sociales y recreativas<\/p>\n","protected":false},"author":2,"featured_media":59534,"comment_status":"closed","ping_status":"open","sticky":false,"template":"","format":"standard","meta":{"footnotes":""},"categories":[29],"tags":[3505],"class_list":["post-77168","post","type-post","status-publish","format-standard","has-post-thumbnail","hentry","category-c2nota1","tag-en-espacios-cerrados-hasta-20-personas"],"featured_image_urls":{"full":["https:\/\/infoecos.com.ar\/wp-content\/uploads\/pehuajo-palacio-municipal.jpeg",1280,853,false],"thumbnail":["https:\/\/infoecos.com.ar\/wp-content\/uploads\/pehuajo-palacio-municipal-150x150.jpeg",150,150,true],"medium":["https:\/\/infoecos.com.ar\/wp-content\/uploads\/pehuajo-palacio-municipal-460x307.jpeg",460,307,true],"medium_large":["https:\/\/infoecos.com.ar\/wp-content\/uploads\/pehuajo-palacio-municipal-768x512.jpeg",640,427,true],"large":["https:\/\/infoecos.com.ar\/wp-content\/uploads\/pehuajo-palacio-municipal-920x613.jpeg",640,426,true],"1536x1536":["https:\/\/infoecos.com.ar\/wp-content\/uploads\/pehuajo-palacio-municipal.jpeg",1280,853,false],"2048x2048":["https:\/\/infoecos.com.ar\/wp-content\/uploads\/pehuajo-palacio-municipal.jpeg",1280,853,false],"covernews-slider-full":["https:\/\/infoecos.com.ar\/wp-content\/uploads\/pehuajo-palacio-municipal.jpeg",1073,715,false],"covernews-slider-center":["https:\/\/infoecos.com.ar\/wp-content\/uploads\/pehuajo-palacio-municipal-936x853.jpeg",549,500,true],"covernews-featured":["https:\/\/infoecos.com.ar\/wp-content\/uploads\/pehuajo-palacio-municipal-1024x682.jpeg",1024,682,true],"covernews-medium":["https:\/\/infoecos.com.ar\/wp-content\/uploads\/pehuajo-palacio-municipal-720x380.jpeg",540,285,true],"covernews-medium-square":["https:\/\/infoecos.com.ar\/wp-content\/uploads\/pehuajo-palacio-municipal-675x450.jpeg",375,250,true]},"author_info":{"info":["Jorge Matheus"]},"category_info":"<a href=\"https:\/\/infoecos.com.ar\/index.php\/category\/c2nota1\/\" rel=\"category tag\">C2 nota 1<\/a>","tag_info":"C2 nota 1","comment_count":"0","_links":{"self":[{"href":"https:\/\/infoecos.com.ar\/index.php\/wp-json\/wp\/v2\/posts\/77168","targetHints":{"allow":["GET"]}}],"collection":[{"href":"https:\/\/infoecos.com.ar\/index.php\/wp-json\/wp\/v2\/posts"}],"about":[{"href":"https:\/\/infoecos.com.ar\/index.php\/wp-json\/wp\/v2\/types\/post"}],"author":[{"embeddable":true,"href":"https:\/\/infoecos.com.ar\/index.php\/wp-json\/wp\/v2\/users\/2"}],"replies":[{"embeddable":true,"href":"https:\/\/infoecos.com.ar\/index.php\/wp-json\/wp\/v2\/comments?post=77168"}],"version-history":[{"count":2,"href":"https:\/\/infoecos.com.ar\/index.php\/wp-json\/wp\/v2\/posts\/77168\/revisions"}],"predecessor-version":[{"id":77170,"href":"https:\/\/infoecos.com.ar\/index.php\/wp-json\/wp\/v2\/posts\/77168\/revisions\/77170"}],"wp:featuredmedia":[{"embeddable":true,"href":"https:\/\/infoecos.com.ar\/index.php\/wp-json\/wp\/v2\/media\/59534"}],"wp:attachment":[{"href":"https:\/\/infoecos.com.ar\/index.php\/wp-json\/wp\/v2\/media?parent=77168"}],"wp:term":[{"taxonomy":"category","embeddable":true,"href":"https:\/\/infoecos.com.ar\/index.php\/wp-json\/wp\/v2\/categories?post=77168"},{"taxonomy":"post_tag","embeddable":true,"href":"https:\/\/infoecos.com.ar\/index.php\/wp-json\/wp\/v2\/tags?post=77168"}],"curies":[{"name":"wp","href":"https:\/\/api.w.org\/{rel}","templated":true}]}}