{"id":77177,"date":"2021-03-31T15:45:45","date_gmt":"2021-03-31T18:45:45","guid":{"rendered":"http:\/\/infoecos.com.ar\/?p=77177"},"modified":"2021-03-31T15:45:49","modified_gmt":"2021-03-31T18:45:49","slug":"la-intendenta-de-general-arenales-dijo-que-no-se-discutio-el-tema-de-las-paso-en-la-reunion-de-ayer","status":"publish","type":"post","link":"https:\/\/infoecos.com.ar\/index.php\/la-intendenta-de-general-arenales-dijo-que-no-se-discutio-el-tema-de-las-paso-en-la-reunion-de-ayer\/","title":{"rendered":"La intendenta de General Arenales dijo que no se discuti\u00f3 el tema de las PASO en la reuni\u00f3n de ayer"},"content":{"rendered":"\n<p class=\"wp-block-paragraph\">La intendenta de General Arenales, \u00c9rica Revilla, aseguro que en la reuni\u00f3n que se realiz\u00f3 este martes en la Casa de Gobierno no se discuti\u00f3 el tema de las PASO.<\/p>\n\n\n\n<div class=\"wp-block-image\"><figure class=\"aligncenter size-medium\"><img loading=\"lazy\" decoding=\"async\" width=\"460\" height=\"258\" src=\"http:\/\/infoecos.com.ar\/wp-content\/uploads\/2021\/03\/ericarevilla-460x258.jpg\" alt=\"\" class=\"wp-image-77178\" srcset=\"https:\/\/infoecos.com.ar\/wp-content\/uploads\/2021\/03\/ericarevilla-460x258.jpg 460w, https:\/\/infoecos.com.ar\/wp-content\/uploads\/2021\/03\/ericarevilla-768x430.jpg 768w, https:\/\/infoecos.com.ar\/wp-content\/uploads\/2021\/03\/ericarevilla.jpg 880w\" sizes=\"auto, (max-width: 460px) 100vw, 460px\" \/><\/figure><\/div>\n\n\n\n<p class=\"wp-block-paragraph\">En declaraciones a <strong>Radio Provincia<\/strong>, asegur\u00f3 que \u201cno s\u00e9 que han interpretado los medios o que les ha llegado desde el oficialismo. Pero la verdad es que no se fue a tomar una decisi\u00f3n estructural, partidaria o del futuro de las PASO\u201d.<\/p>\n\n\n\n<p class=\"wp-block-paragraph\">La jefa comunal de General Arenales, que pertenece al radicalismo, dijo que \u201cfuimos a firmar un convenio donde estaba el diputado Cristian Ritondo, Sergio Massa, el ministro Katopodis, el gobernador, Axel Kicillof, e intendentes. Pero ah\u00ed no se tom\u00f3 ninguna decisi\u00f3n, no se habl\u00f3 de partidos pol\u00edticos. No s\u00e9 qui\u00e9n le lleva a los medios este mensaje\u201d.<\/p>\n\n\n\n<p class=\"wp-block-paragraph\">Adem\u00e1s, Revilla explic\u00f3 que \u201cel tema de suspensi\u00f3n o de mora en las PASO es un tema del Congreso, no es del \u00e1mbito la Casa de Gobierno\u201d.<\/p>\n","protected":false},"excerpt":{"rendered":"<p>Revilla explic\u00f3 que \u201cel tema de suspensi\u00f3n o de mora en las PASO es un tema del Congreso, no es del \u00e1mbito la Casa de Gobierno\u201d<\/p>\n","protected":false},"author":2,"featured_media":77178,"comment_status":"closed","ping_status":"open","sticky":false,"template":"","format":"standard","meta":{"footnotes":""},"categories":[46],"tags":[3508],"class_list":["post-77177","post","type-post","status-publish","format-standard","has-post-thumbnail","hentry","category-c2nota2","tag-declaraciones-de-la-dirigente-radical"],"featured_image_urls":{"full":["https:\/\/infoecos.com.ar\/wp-content\/uploads\/2021\/03\/ericarevilla.jpg",880,493,false],"thumbnail":["https:\/\/infoecos.com.ar\/wp-content\/uploads\/2021\/03\/ericarevilla-150x150.jpg",150,150,true],"medium":["https:\/\/infoecos.com.ar\/wp-content\/uploads\/2021\/03\/ericarevilla-460x258.jpg",460,258,true],"medium_large":["https:\/\/infoecos.com.ar\/wp-content\/uploads\/2021\/03\/ericarevilla-768x430.jpg",640,358,true],"large":["https:\/\/infoecos.com.ar\/wp-content\/uploads\/2021\/03\/ericarevilla.jpg",640,359,false],"1536x1536":["https:\/\/infoecos.com.ar\/wp-content\/uploads\/2021\/03\/ericarevilla.jpg",880,493,false],"2048x2048":["https:\/\/infoecos.com.ar\/wp-content\/uploads\/2021\/03\/ericarevilla.jpg",880,493,false],"covernews-slider-full":["https:\/\/infoecos.com.ar\/wp-content\/uploads\/2021\/03\/ericarevilla.jpg",880,493,false],"covernews-slider-center":["https:\/\/infoecos.com.ar\/wp-content\/uploads\/2021\/03\/ericarevilla.jpg",800,448,false],"covernews-featured":["https:\/\/infoecos.com.ar\/wp-content\/uploads\/2021\/03\/ericarevilla.jpg",880,493,false],"covernews-medium":["https:\/\/infoecos.com.ar\/wp-content\/uploads\/2021\/03\/ericarevilla-720x380.jpg",540,285,true],"covernews-medium-square":["https:\/\/infoecos.com.ar\/wp-content\/uploads\/2021\/03\/ericarevilla-675x450.jpg",375,250,true]},"author_info":{"info":["Jorge Matheus"]},"category_info":"<a href=\"https:\/\/infoecos.com.ar\/index.php\/category\/c2nota2\/\" rel=\"category tag\">C2 N2<\/a>","tag_info":"C2 N2","comment_count":"0","_links":{"self":[{"href":"https:\/\/infoecos.com.ar\/index.php\/wp-json\/wp\/v2\/posts\/77177","targetHints":{"allow":["GET"]}}],"collection":[{"href":"https:\/\/infoecos.com.ar\/index.php\/wp-json\/wp\/v2\/posts"}],"about":[{"href":"https:\/\/infoecos.com.ar\/index.php\/wp-json\/wp\/v2\/types\/post"}],"author":[{"embeddable":true,"href":"https:\/\/infoecos.com.ar\/index.php\/wp-json\/wp\/v2\/users\/2"}],"replies":[{"embeddable":true,"href":"https:\/\/infoecos.com.ar\/index.php\/wp-json\/wp\/v2\/comments?post=77177"}],"version-history":[{"count":1,"href":"https:\/\/infoecos.com.ar\/index.php\/wp-json\/wp\/v2\/posts\/77177\/revisions"}],"predecessor-version":[{"id":77179,"href":"https:\/\/infoecos.com.ar\/index.php\/wp-json\/wp\/v2\/posts\/77177\/revisions\/77179"}],"wp:featuredmedia":[{"embeddable":true,"href":"https:\/\/infoecos.com.ar\/index.php\/wp-json\/wp\/v2\/media\/77178"}],"wp:attachment":[{"href":"https:\/\/infoecos.com.ar\/index.php\/wp-json\/wp\/v2\/media?parent=77177"}],"wp:term":[{"taxonomy":"category","embeddable":true,"href":"https:\/\/infoecos.com.ar\/index.php\/wp-json\/wp\/v2\/categories?post=77177"},{"taxonomy":"post_tag","embeddable":true,"href":"https:\/\/infoecos.com.ar\/index.php\/wp-json\/wp\/v2\/tags?post=77177"}],"curies":[{"name":"wp","href":"https:\/\/api.w.org\/{rel}","templated":true}]}}