{"id":77180,"date":"2021-03-31T15:49:56","date_gmt":"2021-03-31T18:49:56","guid":{"rendered":"http:\/\/infoecos.com.ar\/?p=77180"},"modified":"2021-03-31T15:49:59","modified_gmt":"2021-03-31T18:49:59","slug":"el-ministro-del-interior-concurrira-al-congreso-el-martes-proximo-a-hablar-sobre-las-paso","status":"publish","type":"post","link":"https:\/\/infoecos.com.ar\/index.php\/el-ministro-del-interior-concurrira-al-congreso-el-martes-proximo-a-hablar-sobre-las-paso\/","title":{"rendered":"El ministro del Interior concurrir\u00e1 al Congreso, el martes pr\u00f3ximo, a hablar sobre las PASO"},"content":{"rendered":"\n<p class=\"wp-block-paragraph\">El ministro del Interior, Eduardo \u00abWado\u00bb de Pedro, concurrir\u00e1 el martes pr\u00f3ximo al Congreso Nacional para reunirse con los l\u00edderes de los diversos bloques legislativos y\u00a0\u00abescuchar\u00bb opiniones respecto de la posibilidad de diferir las elecciones Primarias, Abiertas, Simult\u00e1neas y Obligatorias (PASO)\u00a0pautadas para agosto.<\/p>\n\n\n\n<div class=\"wp-block-image\"><figure class=\"aligncenter size-medium\"><img loading=\"lazy\" decoding=\"async\" width=\"460\" height=\"259\" src=\"http:\/\/infoecos.com.ar\/wp-content\/uploads\/2021\/03\/depedro-460x259.jpg\" alt=\"\" class=\"wp-image-77181\" srcset=\"https:\/\/infoecos.com.ar\/wp-content\/uploads\/2021\/03\/depedro-460x259.jpg 460w, https:\/\/infoecos.com.ar\/wp-content\/uploads\/2021\/03\/depedro-920x518.jpg 920w, https:\/\/infoecos.com.ar\/wp-content\/uploads\/2021\/03\/depedro-768x432.jpg 768w, https:\/\/infoecos.com.ar\/wp-content\/uploads\/2021\/03\/depedro.jpg 1004w\" sizes=\"auto, (max-width: 460px) 100vw, 460px\" \/><\/figure><\/div>\n\n\n\n<p class=\"wp-block-paragraph\">Las reuniones no tendr\u00e1n car\u00e1cter oficial ya que, para ello, deber\u00edan realizarse en el marco de una convocatoria por parte de los legisladores.<\/p>\n\n\n\n<p class=\"wp-block-paragraph\">En Casa Rosada explicaron que la decisi\u00f3n de De Pedro se fundamenta en que la concreci\u00f3n de cualquier modificaci\u00f3n a la ley electoral vigente debe emanar del Congreso Nacional.<\/p>\n\n\n\n<p class=\"wp-block-paragraph\"><\/p>\n","protected":false},"excerpt":{"rendered":"<p>En Casa Rosada explicaron que la decisi\u00f3n de De Pedro se fundamenta en que la concreci\u00f3n de cualquier modificaci\u00f3n a la ley electoral vigente debe emanar del Congreso Nacional<\/p>\n","protected":false},"author":2,"featured_media":77181,"comment_status":"closed","ping_status":"open","sticky":false,"template":"","format":"standard","meta":{"footnotes":""},"categories":[47],"tags":[3509],"class_list":["post-77180","post","type-post","status-publish","format-standard","has-post-thumbnail","hentry","category-c3nota2","tag-no-seran-reuniones-oficiales"],"featured_image_urls":{"full":["https:\/\/infoecos.com.ar\/wp-content\/uploads\/2021\/03\/depedro.jpg",1004,565,false],"thumbnail":["https:\/\/infoecos.com.ar\/wp-content\/uploads\/2021\/03\/depedro-150x150.jpg",150,150,true],"medium":["https:\/\/infoecos.com.ar\/wp-content\/uploads\/2021\/03\/depedro-460x259.jpg",460,259,true],"medium_large":["https:\/\/infoecos.com.ar\/wp-content\/uploads\/2021\/03\/depedro-768x432.jpg",640,360,true],"large":["https:\/\/infoecos.com.ar\/wp-content\/uploads\/2021\/03\/depedro-920x518.jpg",640,360,true],"1536x1536":["https:\/\/infoecos.com.ar\/wp-content\/uploads\/2021\/03\/depedro.jpg",1004,565,false],"2048x2048":["https:\/\/infoecos.com.ar\/wp-content\/uploads\/2021\/03\/depedro.jpg",1004,565,false],"covernews-slider-full":["https:\/\/infoecos.com.ar\/wp-content\/uploads\/2021\/03\/depedro.jpg",1004,565,false],"covernews-slider-center":["https:\/\/infoecos.com.ar\/wp-content\/uploads\/2021\/03\/depedro-936x565.jpg",800,483,true],"covernews-featured":["https:\/\/infoecos.com.ar\/wp-content\/uploads\/2021\/03\/depedro.jpg",1004,565,false],"covernews-medium":["https:\/\/infoecos.com.ar\/wp-content\/uploads\/2021\/03\/depedro-720x380.jpg",540,285,true],"covernews-medium-square":["https:\/\/infoecos.com.ar\/wp-content\/uploads\/2021\/03\/depedro-675x450.jpg",375,250,true]},"author_info":{"info":["Jorge Matheus"]},"category_info":"<a href=\"https:\/\/infoecos.com.ar\/index.php\/category\/c3nota2\/\" rel=\"category tag\">C3 N2<\/a>","tag_info":"C3 N2","comment_count":"0","_links":{"self":[{"href":"https:\/\/infoecos.com.ar\/index.php\/wp-json\/wp\/v2\/posts\/77180","targetHints":{"allow":["GET"]}}],"collection":[{"href":"https:\/\/infoecos.com.ar\/index.php\/wp-json\/wp\/v2\/posts"}],"about":[{"href":"https:\/\/infoecos.com.ar\/index.php\/wp-json\/wp\/v2\/types\/post"}],"author":[{"embeddable":true,"href":"https:\/\/infoecos.com.ar\/index.php\/wp-json\/wp\/v2\/users\/2"}],"replies":[{"embeddable":true,"href":"https:\/\/infoecos.com.ar\/index.php\/wp-json\/wp\/v2\/comments?post=77180"}],"version-history":[{"count":1,"href":"https:\/\/infoecos.com.ar\/index.php\/wp-json\/wp\/v2\/posts\/77180\/revisions"}],"predecessor-version":[{"id":77182,"href":"https:\/\/infoecos.com.ar\/index.php\/wp-json\/wp\/v2\/posts\/77180\/revisions\/77182"}],"wp:featuredmedia":[{"embeddable":true,"href":"https:\/\/infoecos.com.ar\/index.php\/wp-json\/wp\/v2\/media\/77181"}],"wp:attachment":[{"href":"https:\/\/infoecos.com.ar\/index.php\/wp-json\/wp\/v2\/media?parent=77180"}],"wp:term":[{"taxonomy":"category","embeddable":true,"href":"https:\/\/infoecos.com.ar\/index.php\/wp-json\/wp\/v2\/categories?post=77180"},{"taxonomy":"post_tag","embeddable":true,"href":"https:\/\/infoecos.com.ar\/index.php\/wp-json\/wp\/v2\/tags?post=77180"}],"curies":[{"name":"wp","href":"https:\/\/api.w.org\/{rel}","templated":true}]}}