{"id":77208,"date":"2021-04-02T21:07:27","date_gmt":"2021-04-03T00:07:27","guid":{"rendered":"http:\/\/infoecos.com.ar\/?p=77208"},"modified":"2021-04-02T21:08:40","modified_gmt":"2021-04-03T00:08:40","slug":"semana-santa-ocupacion-plena-en-sierra-de-la-ventana","status":"publish","type":"post","link":"https:\/\/infoecos.com.ar\/index.php\/semana-santa-ocupacion-plena-en-sierra-de-la-ventana\/","title":{"rendered":"Semana Santa: ocupaci\u00f3n plena en Sierra de la Ventana"},"content":{"rendered":"\n<p>Gustavo Sandobal&nbsp;Subsecretario de&nbsp;turismo de Tornquist, cont\u00f3 que hay \u00abocupaci\u00f3n plena\u00bb en la comarca serrana con motivo de Semana Santa.<\/p>\n\n\n\n<div class=\"wp-block-image\"><figure class=\"aligncenter size-medium\"><img loading=\"lazy\" decoding=\"async\" width=\"460\" height=\"306\" src=\"http:\/\/infoecos.com.ar\/wp-content\/uploads\/2020\/08\/1572467375_Ventana-460x306.jpg\" alt=\"\" class=\"wp-image-66221\" srcset=\"https:\/\/infoecos.com.ar\/wp-content\/uploads\/2020\/08\/1572467375_Ventana-460x306.jpg 460w, https:\/\/infoecos.com.ar\/wp-content\/uploads\/2020\/08\/1572467375_Ventana-920x613.jpg 920w, https:\/\/infoecos.com.ar\/wp-content\/uploads\/2020\/08\/1572467375_Ventana-768x511.jpg 768w, https:\/\/infoecos.com.ar\/wp-content\/uploads\/2020\/08\/1572467375_Ventana-1024x682.jpg 1024w, https:\/\/infoecos.com.ar\/wp-content\/uploads\/2020\/08\/1572467375_Ventana-675x450.jpg 675w, https:\/\/infoecos.com.ar\/wp-content\/uploads\/2020\/08\/1572467375_Ventana.jpg 1470w\" sizes=\"(max-width: 460px) 100vw, 460px\" \/><\/figure><\/div>\n\n\n\n<p>\u00abM\u00e1s all\u00e1 de la pandemia, hist\u00f3ricamente este ha sido el fin de semana m\u00e1s importante del a\u00f1o para nosotros\u00bb, refiri\u00f3.<\/p>\n\n\n\n<p>Y agreg\u00f3: \u00abEstamos recibiendo a los visitantes en la oficina de informes, que vienen preguntando por las actividades que se pueden realizar. En Villa y Sierra desde hace tiempo est\u00e1n completos en todos los alojamientos, y los \u00faltimos d\u00edas en el resto de las localidades como Tornquist ocurri\u00f3 lo mismo\u00bb.<\/p>\n\n\n\n<p>En cuanto a las medidas adoptadas por la pandemia, Sandobal coment\u00f3 que \u00abes un tema que preocupa y mucho, y m\u00e1s con este aumento de casos que hubo en todo el pa\u00eds. Desde marzo del a\u00f1o pasado empezamos a trabajar en conjunto con los equipos Salud y de Comercio, haciendo capacitaciones o apoyando a las C\u00e1maras que las hac\u00edan para sus asociados\u00bb.<\/p>\n\n\n\n<p>\u00abPor suerte lo pudimos visualizar en la temporada de verano, que no tuvimos casos positivos por el ingreso de turistas. Hoy en d\u00eda tenemos comunicaci\u00f3n permanente con todos los prestadores del sector y hacemos mucho hincapi\u00e9 en este&nbsp;tema\u00bb, asever\u00f3.<\/p>\n\n\n\n<p><strong>Fuente: diarioderivera.com.ar<\/strong><\/p>\n","protected":false},"excerpt":{"rendered":"<p>\u00abM\u00e1s all\u00e1 de la pandemia, hist\u00f3ricamente este ha sido el fin de semana m\u00e1s importante del a\u00f1o para nosotros\u00bb, dijo el Subsecretario de turismo de Tornquist<\/p>\n","protected":false},"author":2,"featured_media":66221,"comment_status":"closed","ping_status":"open","sticky":false,"template":"","format":"standard","meta":{"footnotes":""},"categories":[45],"tags":[3513],"class_list":["post-77208","post","type-post","status-publish","format-standard","has-post-thumbnail","hentry","category-c1nota2","tag-fin-de-semana-largo"],"yoast_head":"<!-- This site is optimized with the Yoast SEO plugin v23.4 - https:\/\/yoast.com\/wordpress\/plugins\/seo\/ -->\n<title>Semana Santa: ocupaci\u00f3n plena en Sierra de la Ventana - Infoecos<\/title>\n<meta name=\"robots\" content=\"index, follow, max-snippet:-1, max-image-preview:large, max-video-preview:-1\" \/>\n<link rel=\"canonical\" href=\"https:\/\/infoecos.com.ar\/index.php\/semana-santa-ocupacion-plena-en-sierra-de-la-ventana\/\" \/>\n<meta property=\"og:locale\" content=\"es_ES\" \/>\n<meta property=\"og:type\" content=\"article\" \/>\n<meta property=\"og:title\" content=\"Semana Santa: ocupaci\u00f3n plena en Sierra de la Ventana - Infoecos\" \/>\n<meta property=\"og:description\" content=\"\u00abM\u00e1s all\u00e1 de la pandemia, hist\u00f3ricamente este ha sido el fin de semana m\u00e1s importante del a\u00f1o para nosotros\u00bb, dijo el Subsecretario de turismo de Tornquist\" \/>\n<meta property=\"og:url\" content=\"https:\/\/infoecos.com.ar\/index.php\/semana-santa-ocupacion-plena-en-sierra-de-la-ventana\/\" \/>\n<meta property=\"og:site_name\" content=\"Infoecos\" \/>\n<meta property=\"article:publisher\" content=\"https:\/\/www.facebook.com\/profile.php?id=100063200290284\" \/>\n<meta property=\"article:published_time\" content=\"2021-04-03T00:07:27+00:00\" \/>\n<meta property=\"article:modified_time\" content=\"2021-04-03T00:08:40+00:00\" \/>\n<meta property=\"og:image\" content=\"https:\/\/infoecos.com.ar\/wp-content\/uploads\/2020\/08\/1572467375_Ventana.jpg\" \/>\n\t<meta property=\"og:image:width\" content=\"1470\" \/>\n\t<meta property=\"og:image:height\" content=\"979\" \/>\n\t<meta property=\"og:image:type\" content=\"image\/jpeg\" \/>\n<meta name=\"author\" content=\"Jorge Matheus\" \/>\n<meta name=\"twitter:card\" content=\"summary_large_image\" \/>\n<meta name=\"twitter:creator\" content=\"@infoecos\" \/>\n<meta name=\"twitter:site\" content=\"@infoecos\" \/>\n<meta name=\"twitter:label1\" content=\"Escrito por\" \/>\n\t<meta name=\"twitter:data1\" content=\"Jorge Matheus\" \/>\n\t<meta name=\"twitter:label2\" content=\"Tiempo de lectura\" \/>\n\t<meta name=\"twitter:data2\" content=\"1 minuto\" \/>\n<script type=\"application\/ld+json\" class=\"yoast-schema-graph\">{\"@context\":\"https:\/\/schema.org\",\"@graph\":[{\"@type\":\"Article\",\"@id\":\"https:\/\/infoecos.com.ar\/index.php\/semana-santa-ocupacion-plena-en-sierra-de-la-ventana\/#article\",\"isPartOf\":{\"@id\":\"https:\/\/infoecos.com.ar\/index.php\/semana-santa-ocupacion-plena-en-sierra-de-la-ventana\/\"},\"author\":{\"name\":\"Jorge Matheus\",\"@id\":\"https:\/\/infoecos.com.ar\/#\/schema\/person\/8f5ace5ce73b4b4aac4b7245aee6f191\"},\"headline\":\"Semana Santa: ocupaci\u00f3n plena en Sierra de la Ventana\",\"datePublished\":\"2021-04-03T00:07:27+00:00\",\"dateModified\":\"2021-04-03T00:08:40+00:00\",\"mainEntityOfPage\":{\"@id\":\"https:\/\/infoecos.com.ar\/index.php\/semana-santa-ocupacion-plena-en-sierra-de-la-ventana\/\"},\"wordCount\":224,\"publisher\":{\"@id\":\"https:\/\/infoecos.com.ar\/#organization\"},\"image\":{\"@id\":\"https:\/\/infoecos.com.ar\/index.php\/semana-santa-ocupacion-plena-en-sierra-de-la-ventana\/#primaryimage\"},\"thumbnailUrl\":\"https:\/\/infoecos.com.ar\/wp-content\/uploads\/2020\/08\/1572467375_Ventana.jpg\",\"keywords\":[\"FIN DE SEMANA LARGO\"],\"articleSection\":[\"C1 N2\"],\"inLanguage\":\"es\"},{\"@type\":\"WebPage\",\"@id\":\"https:\/\/infoecos.com.ar\/index.php\/semana-santa-ocupacion-plena-en-sierra-de-la-ventana\/\",\"url\":\"https:\/\/infoecos.com.ar\/index.php\/semana-santa-ocupacion-plena-en-sierra-de-la-ventana\/\",\"name\":\"Semana Santa: ocupaci\u00f3n plena en Sierra de la Ventana - Infoecos\",\"isPartOf\":{\"@id\":\"https:\/\/infoecos.com.ar\/#website\"},\"primaryImageOfPage\":{\"@id\":\"https:\/\/infoecos.com.ar\/index.php\/semana-santa-ocupacion-plena-en-sierra-de-la-ventana\/#primaryimage\"},\"image\":{\"@id\":\"https:\/\/infoecos.com.ar\/index.php\/semana-santa-ocupacion-plena-en-sierra-de-la-ventana\/#primaryimage\"},\"thumbnailUrl\":\"https:\/\/infoecos.com.ar\/wp-content\/uploads\/2020\/08\/1572467375_Ventana.jpg\",\"datePublished\":\"2021-04-03T00:07:27+00:00\",\"dateModified\":\"2021-04-03T00:08:40+00:00\",\"breadcrumb\":{\"@id\":\"https:\/\/infoecos.com.ar\/index.php\/semana-santa-ocupacion-plena-en-sierra-de-la-ventana\/#breadcrumb\"},\"inLanguage\":\"es\",\"potentialAction\":[{\"@type\":\"ReadAction\",\"target\":[\"https:\/\/infoecos.com.ar\/index.php\/semana-santa-ocupacion-plena-en-sierra-de-la-ventana\/\"]}]},{\"@type\":\"ImageObject\",\"inLanguage\":\"es\",\"@id\":\"https:\/\/infoecos.com.ar\/index.php\/semana-santa-ocupacion-plena-en-sierra-de-la-ventana\/#primaryimage\",\"url\":\"https:\/\/infoecos.com.ar\/wp-content\/uploads\/2020\/08\/1572467375_Ventana.jpg\",\"contentUrl\":\"https:\/\/infoecos.com.ar\/wp-content\/uploads\/2020\/08\/1572467375_Ventana.jpg\",\"width\":1470,\"height\":979},{\"@type\":\"BreadcrumbList\",\"@id\":\"https:\/\/infoecos.com.ar\/index.php\/semana-santa-ocupacion-plena-en-sierra-de-la-ventana\/#breadcrumb\",\"itemListElement\":[{\"@type\":\"ListItem\",\"position\":1,\"name\":\"Portada\",\"item\":\"https:\/\/infoecos.com.ar\/\"},{\"@type\":\"ListItem\",\"position\":2,\"name\":\"Semana Santa: ocupaci\u00f3n plena en Sierra de la Ventana\"}]},{\"@type\":\"WebSite\",\"@id\":\"https:\/\/infoecos.com.ar\/#website\",\"url\":\"https:\/\/infoecos.com.ar\/\",\"name\":\"Infoecos\",\"description\":\"Noticias de trenque lauquen y la zona\",\"publisher\":{\"@id\":\"https:\/\/infoecos.com.ar\/#organization\"},\"alternateName\":\"Noticias\",\"potentialAction\":[{\"@type\":\"SearchAction\",\"target\":{\"@type\":\"EntryPoint\",\"urlTemplate\":\"https:\/\/infoecos.com.ar\/?s={search_term_string}\"},\"query-input\":{\"@type\":\"PropertyValueSpecification\",\"valueRequired\":true,\"valueName\":\"search_term_string\"}}],\"inLanguage\":\"es\"},{\"@type\":\"Organization\",\"@id\":\"https:\/\/infoecos.com.ar\/#organization\",\"name\":\"Infoecos\",\"alternateName\":\"Noticias\",\"url\":\"https:\/\/infoecos.com.ar\/\",\"logo\":{\"@type\":\"ImageObject\",\"inLanguage\":\"es\",\"@id\":\"https:\/\/infoecos.com.ar\/#\/schema\/logo\/image\/\",\"url\":\"https:\/\/infoecos.com.ar\/wp-content\/uploads\/2024\/03\/cropped-logo.png\",\"contentUrl\":\"https:\/\/infoecos.com.ar\/wp-content\/uploads\/2024\/03\/cropped-logo.png\",\"width\":374,\"height\":90,\"caption\":\"Infoecos\"},\"image\":{\"@id\":\"https:\/\/infoecos.com.ar\/#\/schema\/logo\/image\/\"},\"sameAs\":[\"https:\/\/www.facebook.com\/profile.php?id=100063200290284\",\"https:\/\/x.com\/infoecos\"]},{\"@type\":\"Person\",\"@id\":\"https:\/\/infoecos.com.ar\/#\/schema\/person\/8f5ace5ce73b4b4aac4b7245aee6f191\",\"name\":\"Jorge Matheus\",\"url\":\"https:\/\/infoecos.com.ar\/index.php\/author\/jomatheus\/\"}]}<\/script>\n<!-- \/ Yoast SEO plugin. -->","yoast_head_json":{"title":"Semana Santa: ocupaci\u00f3n plena en Sierra de la Ventana - Infoecos","robots":{"index":"index","follow":"follow","max-snippet":"max-snippet:-1","max-image-preview":"max-image-preview:large","max-video-preview":"max-video-preview:-1"},"canonical":"https:\/\/infoecos.com.ar\/index.php\/semana-santa-ocupacion-plena-en-sierra-de-la-ventana\/","og_locale":"es_ES","og_type":"article","og_title":"Semana Santa: ocupaci\u00f3n plena en Sierra de la Ventana - Infoecos","og_description":"\u00abM\u00e1s all\u00e1 de la pandemia, hist\u00f3ricamente este ha sido el fin de semana m\u00e1s importante del a\u00f1o para nosotros\u00bb, dijo el Subsecretario de turismo de Tornquist","og_url":"https:\/\/infoecos.com.ar\/index.php\/semana-santa-ocupacion-plena-en-sierra-de-la-ventana\/","og_site_name":"Infoecos","article_publisher":"https:\/\/www.facebook.com\/profile.php?id=100063200290284","article_published_time":"2021-04-03T00:07:27+00:00","article_modified_time":"2021-04-03T00:08:40+00:00","og_image":[{"width":1470,"height":979,"url":"https:\/\/infoecos.com.ar\/wp-content\/uploads\/2020\/08\/1572467375_Ventana.jpg","type":"image\/jpeg"}],"author":"Jorge Matheus","twitter_card":"summary_large_image","twitter_creator":"@infoecos","twitter_site":"@infoecos","twitter_misc":{"Escrito por":"Jorge Matheus","Tiempo de lectura":"1 minuto"},"schema":{"@context":"https:\/\/schema.org","@graph":[{"@type":"Article","@id":"https:\/\/infoecos.com.ar\/index.php\/semana-santa-ocupacion-plena-en-sierra-de-la-ventana\/#article","isPartOf":{"@id":"https:\/\/infoecos.com.ar\/index.php\/semana-santa-ocupacion-plena-en-sierra-de-la-ventana\/"},"author":{"name":"Jorge Matheus","@id":"https:\/\/infoecos.com.ar\/#\/schema\/person\/8f5ace5ce73b4b4aac4b7245aee6f191"},"headline":"Semana Santa: ocupaci\u00f3n plena en Sierra de la Ventana","datePublished":"2021-04-03T00:07:27+00:00","dateModified":"2021-04-03T00:08:40+00:00","mainEntityOfPage":{"@id":"https:\/\/infoecos.com.ar\/index.php\/semana-santa-ocupacion-plena-en-sierra-de-la-ventana\/"},"wordCount":224,"publisher":{"@id":"https:\/\/infoecos.com.ar\/#organization"},"image":{"@id":"https:\/\/infoecos.com.ar\/index.php\/semana-santa-ocupacion-plena-en-sierra-de-la-ventana\/#primaryimage"},"thumbnailUrl":"https:\/\/infoecos.com.ar\/wp-content\/uploads\/2020\/08\/1572467375_Ventana.jpg","keywords":["FIN DE SEMANA LARGO"],"articleSection":["C1 N2"],"inLanguage":"es"},{"@type":"WebPage","@id":"https:\/\/infoecos.com.ar\/index.php\/semana-santa-ocupacion-plena-en-sierra-de-la-ventana\/","url":"https:\/\/infoecos.com.ar\/index.php\/semana-santa-ocupacion-plena-en-sierra-de-la-ventana\/","name":"Semana Santa: ocupaci\u00f3n plena en Sierra de la Ventana - Infoecos","isPartOf":{"@id":"https:\/\/infoecos.com.ar\/#website"},"primaryImageOfPage":{"@id":"https:\/\/infoecos.com.ar\/index.php\/semana-santa-ocupacion-plena-en-sierra-de-la-ventana\/#primaryimage"},"image":{"@id":"https:\/\/infoecos.com.ar\/index.php\/semana-santa-ocupacion-plena-en-sierra-de-la-ventana\/#primaryimage"},"thumbnailUrl":"https:\/\/infoecos.com.ar\/wp-content\/uploads\/2020\/08\/1572467375_Ventana.jpg","datePublished":"2021-04-03T00:07:27+00:00","dateModified":"2021-04-03T00:08:40+00:00","breadcrumb":{"@id":"https:\/\/infoecos.com.ar\/index.php\/semana-santa-ocupacion-plena-en-sierra-de-la-ventana\/#breadcrumb"},"inLanguage":"es","potentialAction":[{"@type":"ReadAction","target":["https:\/\/infoecos.com.ar\/index.php\/semana-santa-ocupacion-plena-en-sierra-de-la-ventana\/"]}]},{"@type":"ImageObject","inLanguage":"es","@id":"https:\/\/infoecos.com.ar\/index.php\/semana-santa-ocupacion-plena-en-sierra-de-la-ventana\/#primaryimage","url":"https:\/\/infoecos.com.ar\/wp-content\/uploads\/2020\/08\/1572467375_Ventana.jpg","contentUrl":"https:\/\/infoecos.com.ar\/wp-content\/uploads\/2020\/08\/1572467375_Ventana.jpg","width":1470,"height":979},{"@type":"BreadcrumbList","@id":"https:\/\/infoecos.com.ar\/index.php\/semana-santa-ocupacion-plena-en-sierra-de-la-ventana\/#breadcrumb","itemListElement":[{"@type":"ListItem","position":1,"name":"Portada","item":"https:\/\/infoecos.com.ar\/"},{"@type":"ListItem","position":2,"name":"Semana Santa: ocupaci\u00f3n plena en Sierra de la Ventana"}]},{"@type":"WebSite","@id":"https:\/\/infoecos.com.ar\/#website","url":"https:\/\/infoecos.com.ar\/","name":"Infoecos","description":"Noticias de trenque lauquen y la zona","publisher":{"@id":"https:\/\/infoecos.com.ar\/#organization"},"alternateName":"Noticias","potentialAction":[{"@type":"SearchAction","target":{"@type":"EntryPoint","urlTemplate":"https:\/\/infoecos.com.ar\/?s={search_term_string}"},"query-input":{"@type":"PropertyValueSpecification","valueRequired":true,"valueName":"search_term_string"}}],"inLanguage":"es"},{"@type":"Organization","@id":"https:\/\/infoecos.com.ar\/#organization","name":"Infoecos","alternateName":"Noticias","url":"https:\/\/infoecos.com.ar\/","logo":{"@type":"ImageObject","inLanguage":"es","@id":"https:\/\/infoecos.com.ar\/#\/schema\/logo\/image\/","url":"https:\/\/infoecos.com.ar\/wp-content\/uploads\/2024\/03\/cropped-logo.png","contentUrl":"https:\/\/infoecos.com.ar\/wp-content\/uploads\/2024\/03\/cropped-logo.png","width":374,"height":90,"caption":"Infoecos"},"image":{"@id":"https:\/\/infoecos.com.ar\/#\/schema\/logo\/image\/"},"sameAs":["https:\/\/www.facebook.com\/profile.php?id=100063200290284","https:\/\/x.com\/infoecos"]},{"@type":"Person","@id":"https:\/\/infoecos.com.ar\/#\/schema\/person\/8f5ace5ce73b4b4aac4b7245aee6f191","name":"Jorge Matheus","url":"https:\/\/infoecos.com.ar\/index.php\/author\/jomatheus\/"}]}},"featured_image_urls":{"full":["https:\/\/infoecos.com.ar\/wp-content\/uploads\/2020\/08\/1572467375_Ventana.jpg",1470,979,false],"thumbnail":["https:\/\/infoecos.com.ar\/wp-content\/uploads\/2020\/08\/1572467375_Ventana-150x150.jpg",150,150,true],"medium":["https:\/\/infoecos.com.ar\/wp-content\/uploads\/2020\/08\/1572467375_Ventana-460x306.jpg",460,306,true],"medium_large":["https:\/\/infoecos.com.ar\/wp-content\/uploads\/2020\/08\/1572467375_Ventana-768x511.jpg",640,426,true],"large":["https:\/\/infoecos.com.ar\/wp-content\/uploads\/2020\/08\/1572467375_Ventana-920x613.jpg",640,426,true],"1536x1536":["https:\/\/infoecos.com.ar\/wp-content\/uploads\/2020\/08\/1572467375_Ventana.jpg",1470,979,false],"2048x2048":["https:\/\/infoecos.com.ar\/wp-content\/uploads\/2020\/08\/1572467375_Ventana.jpg",1470,979,false],"covernews-slider-full":["https:\/\/infoecos.com.ar\/wp-content\/uploads\/2020\/08\/1572467375_Ventana.jpg",1074,715,false],"covernews-slider-center":["https:\/\/infoecos.com.ar\/wp-content\/uploads\/2020\/08\/1572467375_Ventana-936x897.jpg",522,500,true],"covernews-featured":["https:\/\/infoecos.com.ar\/wp-content\/uploads\/2020\/08\/1572467375_Ventana-1024x682.jpg",1024,682,true],"covernews-medium":["https:\/\/infoecos.com.ar\/wp-content\/uploads\/2020\/08\/1572467375_Ventana-720x380.jpg",540,285,true],"covernews-medium-square":["https:\/\/infoecos.com.ar\/wp-content\/uploads\/2020\/08\/1572467375_Ventana-675x450.jpg",375,250,true]},"author_info":{"info":["Jorge Matheus"]},"category_info":"<a href=\"https:\/\/infoecos.com.ar\/index.php\/category\/c1nota2\/\" rel=\"category tag\">C1 N2<\/a>","tag_info":"C1 N2","comment_count":"0","_links":{"self":[{"href":"https:\/\/infoecos.com.ar\/index.php\/wp-json\/wp\/v2\/posts\/77208"}],"collection":[{"href":"https:\/\/infoecos.com.ar\/index.php\/wp-json\/wp\/v2\/posts"}],"about":[{"href":"https:\/\/infoecos.com.ar\/index.php\/wp-json\/wp\/v2\/types\/post"}],"author":[{"embeddable":true,"href":"https:\/\/infoecos.com.ar\/index.php\/wp-json\/wp\/v2\/users\/2"}],"replies":[{"embeddable":true,"href":"https:\/\/infoecos.com.ar\/index.php\/wp-json\/wp\/v2\/comments?post=77208"}],"version-history":[{"count":2,"href":"https:\/\/infoecos.com.ar\/index.php\/wp-json\/wp\/v2\/posts\/77208\/revisions"}],"predecessor-version":[{"id":77210,"href":"https:\/\/infoecos.com.ar\/index.php\/wp-json\/wp\/v2\/posts\/77208\/revisions\/77210"}],"wp:featuredmedia":[{"embeddable":true,"href":"https:\/\/infoecos.com.ar\/index.php\/wp-json\/wp\/v2\/media\/66221"}],"wp:attachment":[{"href":"https:\/\/infoecos.com.ar\/index.php\/wp-json\/wp\/v2\/media?parent=77208"}],"wp:term":[{"taxonomy":"category","embeddable":true,"href":"https:\/\/infoecos.com.ar\/index.php\/wp-json\/wp\/v2\/categories?post=77208"},{"taxonomy":"post_tag","embeddable":true,"href":"https:\/\/infoecos.com.ar\/index.php\/wp-json\/wp\/v2\/tags?post=77208"}],"curies":[{"name":"wp","href":"https:\/\/api.w.org\/{rel}","templated":true}]}}