{"id":77224,"date":"2021-04-05T20:48:30","date_gmt":"2021-04-05T23:48:30","guid":{"rendered":"http:\/\/infoecos.com.ar\/?p=77224"},"modified":"2021-04-05T20:49:08","modified_gmt":"2021-04-05T23:49:08","slug":"el-reporte-oficial-de-este-lunes-dado-a-conocer-por-el-municipio-de-trenque-lauquen","status":"publish","type":"post","link":"https:\/\/infoecos.com.ar\/index.php\/el-reporte-oficial-de-este-lunes-dado-a-conocer-por-el-municipio-de-trenque-lauquen\/","title":{"rendered":"El reporte oficial dado a conocer por el municipio de Trenque Lauquen"},"content":{"rendered":"\n<p class=\"wp-block-paragraph\">La subsecretar\u00eda de Salud municipal de Trenque Lauquen report\u00f3 por sexto d\u00eda consecutivo una suba en el n\u00famero de casos activos de Covid-19, que ahora son 338, como consecuencia de haberse confirmado 53 nuevos casos y de la recuperaci\u00f3n de 11 personas m\u00e1s, adem\u00e1s de informar que fueron descartados 133 casos y que hay 40 casos sospechosos y 592 personas en aislamiento.<\/p>\n\n\n\n<div class=\"wp-block-image\"><figure class=\"aligncenter size-medium\"><img loading=\"lazy\" decoding=\"async\" width=\"460\" height=\"434\" src=\"http:\/\/infoecos.com.ar\/wp-content\/uploads\/2021\/04\/reportelunes-460x434.jpg\" alt=\"\" class=\"wp-image-77225\" srcset=\"https:\/\/infoecos.com.ar\/wp-content\/uploads\/2021\/04\/reportelunes-460x434.jpg 460w, https:\/\/infoecos.com.ar\/wp-content\/uploads\/2021\/04\/reportelunes-768x725.jpg 768w, https:\/\/infoecos.com.ar\/wp-content\/uploads\/2021\/04\/reportelunes.jpg 800w\" sizes=\"auto, (max-width: 460px) 100vw, 460px\" \/><\/figure><\/div>\n\n\n\n<p class=\"wp-block-paragraph\">De los 53 nuevos casos positivos, 36 se detectaron por hisopado y 17 por criterio o nexo epidemiol\u00f3gico seg\u00fan protocolo actualizado vigente, y 52 corresponden a Trenque Lauquen y uno (1) a Treinta de Agosto.<\/p>\n\n\n\n<p class=\"wp-block-paragraph\">Entre los 338 casos activos, 298 son de la ciudad cabecera y 40 de Treinta de Agosto: ocho (8) se encuentran en el Hospital Municipal, seis (6) en el Centro Extrahospitalario que funciona en el ex hotel Pailla Hu\u00e9 y 324 en sus domicilios particulares.<\/p>\n\n\n\n<p class=\"wp-block-paragraph\">Con las 11 personas recuperadas en las \u00faltimas 24 horas -todas de Trenque Lauquen- ya suman 2.443 las que recibieron el alta desde marzo del a\u00f1o pasado, cuando comenz\u00f3 la pandemia, a la fecha mientras que en el mismo lapso se descartaron 6.062 casos, incluidos los 133 de hoy, 124 de Trenque Lauquen, siete (7) de Treinta de Agosto, uno (1) de Beruti y uno (1) de Girod\u00edas.<\/p>\n\n\n\n<p class=\"wp-block-paragraph\">Hay 40 casos sospechosos, 39 de Trenque Lauquen y uno (1) de Treinta de Agosto -todos est\u00e1n en sus domicilios- y 592 personas en aislamiento, 527 en la ciudad cabecera, 64 en Treinta de Agosto y una (1) en Beruti.<\/p>\n","protected":false},"excerpt":{"rendered":"<p>Entre los 338 casos activos, 298 son de la ciudad cabecera y 40 de Treinta de Agosto: ocho (8) se encuentran en el Hospital Municipal, seis (6) en el Centro Extrahospitalario que funciona en el ex hotel Pailla Hu\u00e9 y 324 en sus domicilios particulares<\/p>\n","protected":false},"author":2,"featured_media":77226,"comment_status":"closed","ping_status":"open","sticky":false,"template":"","format":"standard","meta":{"footnotes":""},"categories":[28],"tags":[3517],"class_list":["post-77224","post","type-post","status-publish","format-standard","has-post-thumbnail","hentry","category-c1nota1","tag-338-casos-activos-en-el-distrito"],"featured_image_urls":{"full":["https:\/\/infoecos.com.ar\/wp-content\/uploads\/2021\/04\/Hospital-Municipal.jpg",1010,568,false],"thumbnail":["https:\/\/infoecos.com.ar\/wp-content\/uploads\/2021\/04\/Hospital-Municipal-150x150.jpg",150,150,true],"medium":["https:\/\/infoecos.com.ar\/wp-content\/uploads\/2021\/04\/Hospital-Municipal-460x259.jpg",460,259,true],"medium_large":["https:\/\/infoecos.com.ar\/wp-content\/uploads\/2021\/04\/Hospital-Municipal-768x432.jpg",640,360,true],"large":["https:\/\/infoecos.com.ar\/wp-content\/uploads\/2021\/04\/Hospital-Municipal-920x517.jpg",640,360,true],"1536x1536":["https:\/\/infoecos.com.ar\/wp-content\/uploads\/2021\/04\/Hospital-Municipal.jpg",1010,568,false],"2048x2048":["https:\/\/infoecos.com.ar\/wp-content\/uploads\/2021\/04\/Hospital-Municipal.jpg",1010,568,false],"covernews-slider-full":["https:\/\/infoecos.com.ar\/wp-content\/uploads\/2021\/04\/Hospital-Municipal.jpg",1010,568,false],"covernews-slider-center":["https:\/\/infoecos.com.ar\/wp-content\/uploads\/2021\/04\/Hospital-Municipal-936x568.jpg",800,485,true],"covernews-featured":["https:\/\/infoecos.com.ar\/wp-content\/uploads\/2021\/04\/Hospital-Municipal.jpg",1010,568,false],"covernews-medium":["https:\/\/infoecos.com.ar\/wp-content\/uploads\/2021\/04\/Hospital-Municipal-720x380.jpg",540,285,true],"covernews-medium-square":["https:\/\/infoecos.com.ar\/wp-content\/uploads\/2021\/04\/Hospital-Municipal-675x450.jpg",375,250,true]},"author_info":{"info":["Jorge Matheus"]},"category_info":"<a href=\"https:\/\/infoecos.com.ar\/index.php\/category\/c1nota1\/\" rel=\"category tag\">C1 N1<\/a>","tag_info":"C1 N1","comment_count":"0","_links":{"self":[{"href":"https:\/\/infoecos.com.ar\/index.php\/wp-json\/wp\/v2\/posts\/77224","targetHints":{"allow":["GET"]}}],"collection":[{"href":"https:\/\/infoecos.com.ar\/index.php\/wp-json\/wp\/v2\/posts"}],"about":[{"href":"https:\/\/infoecos.com.ar\/index.php\/wp-json\/wp\/v2\/types\/post"}],"author":[{"embeddable":true,"href":"https:\/\/infoecos.com.ar\/index.php\/wp-json\/wp\/v2\/users\/2"}],"replies":[{"embeddable":true,"href":"https:\/\/infoecos.com.ar\/index.php\/wp-json\/wp\/v2\/comments?post=77224"}],"version-history":[{"count":2,"href":"https:\/\/infoecos.com.ar\/index.php\/wp-json\/wp\/v2\/posts\/77224\/revisions"}],"predecessor-version":[{"id":77228,"href":"https:\/\/infoecos.com.ar\/index.php\/wp-json\/wp\/v2\/posts\/77224\/revisions\/77228"}],"wp:featuredmedia":[{"embeddable":true,"href":"https:\/\/infoecos.com.ar\/index.php\/wp-json\/wp\/v2\/media\/77226"}],"wp:attachment":[{"href":"https:\/\/infoecos.com.ar\/index.php\/wp-json\/wp\/v2\/media?parent=77224"}],"wp:term":[{"taxonomy":"category","embeddable":true,"href":"https:\/\/infoecos.com.ar\/index.php\/wp-json\/wp\/v2\/categories?post=77224"},{"taxonomy":"post_tag","embeddable":true,"href":"https:\/\/infoecos.com.ar\/index.php\/wp-json\/wp\/v2\/tags?post=77224"}],"curies":[{"name":"wp","href":"https:\/\/api.w.org\/{rel}","templated":true}]}}