{"id":77229,"date":"2021-04-05T21:32:17","date_gmt":"2021-04-06T00:32:17","guid":{"rendered":"http:\/\/infoecos.com.ar\/?p=77229"},"modified":"2021-04-05T21:32:19","modified_gmt":"2021-04-06T00:32:19","slug":"kicillof-durante-la-reunion-con-expertos-los-casos-estan-aumentando-de-forma-acelerada","status":"publish","type":"post","link":"https:\/\/infoecos.com.ar\/index.php\/kicillof-durante-la-reunion-con-expertos-los-casos-estan-aumentando-de-forma-acelerada\/","title":{"rendered":"Kicillof durante la reuni\u00f3n con expertos:  \u00ablos casos est\u00e1n aumentando de forma acelerada\u00bb"},"content":{"rendered":"\n<p>El gobernador Axel Kicillof se reuni\u00f3 por videoconferencia con integrantes del Comit\u00e9 de Expertos para abordar la situaci\u00f3n epidemiol\u00f3gica de la provincia de Buenos Aires y evaluar los pasos a seguir en vistas de la segunda ola de contagios de Covid-19. <\/p>\n\n\n\n<div class=\"wp-block-image\"><figure class=\"aligncenter size-medium\"><img loading=\"lazy\" decoding=\"async\" width=\"460\" height=\"287\" src=\"http:\/\/infoecos.com.ar\/wp-content\/uploads\/2021\/04\/MG_7824-460x287.jpg\" alt=\"\" class=\"wp-image-77230\" srcset=\"https:\/\/infoecos.com.ar\/wp-content\/uploads\/2021\/04\/MG_7824-460x287.jpg 460w, https:\/\/infoecos.com.ar\/wp-content\/uploads\/2021\/04\/MG_7824-920x575.jpg 920w, https:\/\/infoecos.com.ar\/wp-content\/uploads\/2021\/04\/MG_7824-768x480.jpg 768w, https:\/\/infoecos.com.ar\/wp-content\/uploads\/2021\/04\/MG_7824-1536x960.jpg 1536w, https:\/\/infoecos.com.ar\/wp-content\/uploads\/2021\/04\/MG_7824-2048x1280.jpg 2048w, https:\/\/infoecos.com.ar\/wp-content\/uploads\/2021\/04\/MG_7824-1024x640.jpg 1024w\" sizes=\"(max-width: 460px) 100vw, 460px\" \/><\/figure><\/div>\n\n\n\n<p>Kicillof sostuvo que \u201cnuestro objetivo es demorar los contagios mientras aceleramos el plan de vacunaci\u00f3n y seguimos trabajando para aplicar una mayor cantidad de dosis\u201d.<\/p>\n\n\n\n<p>Respecto al plan p\u00fablico, gratuito y optativo de vacunaci\u00f3n, el Gobernador se\u00f1al\u00f3 que \u201cen las pr\u00f3ximas semanas podremos escalar la inmunizaci\u00f3n para alcanzar el hito de los 2,5 millones de bonaerenses vacunados\u201d. \u201cEsto incluye a todas y todos los mayores de 70 a\u00f1os registrados, a quienes tengan m\u00e1s de 60 a\u00f1os y presenten alguna enfermedad de base y al sistema de salud en su totalidad\u201d, agreg\u00f3.<\/p>\n\n\n\n<div class=\"wp-block-image\"><figure class=\"aligncenter size-medium\"><img loading=\"lazy\" decoding=\"async\" width=\"460\" height=\"288\" src=\"http:\/\/infoecos.com.ar\/wp-content\/uploads\/2021\/04\/MG_7868-460x288.jpg\" alt=\"\" class=\"wp-image-77231\" srcset=\"https:\/\/infoecos.com.ar\/wp-content\/uploads\/2021\/04\/MG_7868-460x288.jpg 460w, https:\/\/infoecos.com.ar\/wp-content\/uploads\/2021\/04\/MG_7868-920x575.jpg 920w, https:\/\/infoecos.com.ar\/wp-content\/uploads\/2021\/04\/MG_7868-768x480.jpg 768w, https:\/\/infoecos.com.ar\/wp-content\/uploads\/2021\/04\/MG_7868-1536x960.jpg 1536w, https:\/\/infoecos.com.ar\/wp-content\/uploads\/2021\/04\/MG_7868-2048x1280.jpg 2048w, https:\/\/infoecos.com.ar\/wp-content\/uploads\/2021\/04\/MG_7868-1024x640.jpg 1024w\" sizes=\"(max-width: 460px) 100vw, 460px\" \/><\/figure><\/div>\n\n\n\n<p>Asimismo, Gollan destac\u00f3 el \u201cconsenso alcanzado con el aval de todos los ministros y las ministras de Salud de las diferentes jurisdicciones para diferir la administraci\u00f3n de las segundas dosis\u201d. \u201cSe trata de un criterio epidemiol\u00f3gico necesario ante los problemas que se observan en todo el mundo en t\u00e9rminos de la adquisici\u00f3n de vacunas, con el objetivo de evitar las formas graves de la enfermedad y las muertes\u201d, a\u00f1adi\u00f3.<\/p>\n\n\n\n<p>Por su parte, Kreplak hizo un repaso de la situaci\u00f3n epidemiol\u00f3gica de la \u00faltima semana: \u201cHan aumentado los casos y la positividad, as\u00ed como la utilizaci\u00f3n de las camas de terapia intensiva en toda la Provincia\u201d. \u201cTambi\u00e9n se observa una curva ascendente en los llamados a la l\u00ednea 148, con epicentro en la zona sur del conurbano bonaerense\u201d, indic\u00f3.<\/p>\n\n\n\n<p>\u201cLa campa\u00f1a de vacunaci\u00f3n est\u00e1 arrojando resultados muy importantes: han disminuido significativamente los contagios en el personal de salud\u201d, subray\u00f3 Kreplak, en tanto que puntualiz\u00f3 que \u201cse han otorgado m\u00e1s de 350 mil turnos para seguir acelerando la campa\u00f1a hasta el pr\u00f3ximo viernes\u201d.<\/p>\n\n\n\n<div class=\"wp-block-image\"><figure class=\"aligncenter size-medium\"><img loading=\"lazy\" decoding=\"async\" width=\"460\" height=\"288\" src=\"http:\/\/infoecos.com.ar\/wp-content\/uploads\/2021\/04\/MG_7876-460x288.jpg\" alt=\"\" class=\"wp-image-77232\" srcset=\"https:\/\/infoecos.com.ar\/wp-content\/uploads\/2021\/04\/MG_7876-460x288.jpg 460w, https:\/\/infoecos.com.ar\/wp-content\/uploads\/2021\/04\/MG_7876-920x575.jpg 920w, https:\/\/infoecos.com.ar\/wp-content\/uploads\/2021\/04\/MG_7876-768x480.jpg 768w, https:\/\/infoecos.com.ar\/wp-content\/uploads\/2021\/04\/MG_7876-1536x960.jpg 1536w, https:\/\/infoecos.com.ar\/wp-content\/uploads\/2021\/04\/MG_7876-2048x1280.jpg 2048w, https:\/\/infoecos.com.ar\/wp-content\/uploads\/2021\/04\/MG_7876-1024x640.jpg 1024w\" sizes=\"(max-width: 460px) 100vw, 460px\" \/><\/figure><\/div>\n\n\n\n<p>En ese sentido, Guillermo Dur\u00e1n enfatiz\u00f3 \u201cla ca\u00edda importante en la letalidad del virus sobre los mayores de 60 a\u00f1os que han recibido el primer componente de las vacunas\u201d. Rodrigo Quiroga, por su parte, hizo hincapi\u00e9 en \u201cla necesidad de tomar medidas a tiempo ahora que tenemos un horizonte claro, ya que cuando se haya vacunado a todos los mayores de 60 a\u00f1os podremos decir que empez\u00f3 el fin de la pandemia\u201d.<\/p>\n\n\n\n<p>El especialista Guillermo Docena se refiri\u00f3 a \u201cmedidas graduales con restricciones que resulten transitorias, con especial \u00e9nfasis en la utilizaci\u00f3n del transporte p\u00fablico\u201d. Asimismo, Rosa Bologna valor\u00f3 que \u201chay un aumento de los casos en adolescentes que est\u00e1 vinculado a la nocturnidad, las reuniones sociales y la movilidad que conllevan las clases presenciales\u201d.<\/p>\n\n\n\n<p>\u201cHay que llamar nuevamente la atenci\u00f3n de la sociedad porque los casos est\u00e1n aumentando de forma acelerada\u201d, asegur\u00f3 Kicillof y concluy\u00f3: \u201cTodas las medidas de cuidado que se adopten estar\u00e1n asociadas al acompa\u00f1amiento del plan de vacunaci\u00f3n\u201d.<\/p>\n\n\n\n<div class=\"wp-block-image\"><figure class=\"aligncenter size-medium\"><img loading=\"lazy\" decoding=\"async\" width=\"460\" height=\"288\" src=\"http:\/\/infoecos.com.ar\/wp-content\/uploads\/2021\/04\/MG_7902-460x288.jpg\" alt=\"\" class=\"wp-image-77233\" srcset=\"https:\/\/infoecos.com.ar\/wp-content\/uploads\/2021\/04\/MG_7902-460x288.jpg 460w, https:\/\/infoecos.com.ar\/wp-content\/uploads\/2021\/04\/MG_7902-920x575.jpg 920w, https:\/\/infoecos.com.ar\/wp-content\/uploads\/2021\/04\/MG_7902-768x480.jpg 768w, https:\/\/infoecos.com.ar\/wp-content\/uploads\/2021\/04\/MG_7902-1536x960.jpg 1536w, https:\/\/infoecos.com.ar\/wp-content\/uploads\/2021\/04\/MG_7902-2048x1280.jpg 2048w, https:\/\/infoecos.com.ar\/wp-content\/uploads\/2021\/04\/MG_7902-1024x640.jpg 1024w\" sizes=\"(max-width: 460px) 100vw, 460px\" \/><\/figure><\/div>\n\n\n\n<p>Por parte del Comit\u00e9 de Expertos estuvieron presentes Elisa Estenssoro, Guillermo Docena, Ezequiel Alvarez, Jorge Rachid, Juan Manuel Carballeda, Jorge Aliaga, Rodrigo Quiroga, Ana Huergo, Daniel Feierstein, Irene Pagano, Rosa Bologna, Sebasti\u00e1n Uchitel, V\u00edctor Romanowski, Tom\u00e1s Orduna, Franco M\u00e1rsico, Susana Ortale, Clarisa Testa, Santiago Pesci, Soledad Gonzalez, Marina Pifano, Federico Aguero, Leonel Tesler, Marita Conti y Guillermo Dur\u00e1n.<\/p>\n\n\n\n<p>Participaron tambi\u00e9n de la videoconferencia el jefe de Asesores del Ministerio de Salud, Enio Garc\u00eda; la directora de Epidemiolog\u00eda, Teresa Varela; las subsecretar\u00edas de Salud Mental, Julieta Calmels, y de Gesti\u00f3n de la Informaci\u00f3n, Educaci\u00f3n Permanente y Fiscalizaci\u00f3n, Leticia Ceriani; los presidentes de la Comisi\u00f3n de Investigaciones Cient\u00edficas, Carlos Na\u00f3n; y de IOMA, Homero Giles; y el subsecretario de Ciencia y Tecnolog\u00eda provincial, Federico Ag\u00fcero.<\/p>\n","protected":false},"excerpt":{"rendered":"<p>Kicillof sostuvo que \u201cnuestro objetivo es demorar los contagios mientras aceleramos el plan de vacunaci\u00f3n y seguimos trabajando para aplicar una mayor cantidad de dosis\u201d<\/p>\n","protected":false},"author":2,"featured_media":77230,"comment_status":"closed","ping_status":"open","sticky":false,"template":"","format":"standard","meta":{"footnotes":""},"categories":[29],"tags":[3518],"class_list":["post-77229","post","type-post","status-publish","format-standard","has-post-thumbnail","hentry","category-c2nota1","tag-el-gobernador-con-especialistas"],"yoast_head":"<!-- This site is optimized with the Yoast SEO plugin v23.4 - https:\/\/yoast.com\/wordpress\/plugins\/seo\/ -->\n<title>Kicillof durante la reuni\u00f3n con expertos: &quot;los casos est\u00e1n aumentando de forma acelerada&quot; - Infoecos<\/title>\n<meta name=\"robots\" content=\"index, follow, max-snippet:-1, max-image-preview:large, max-video-preview:-1\" \/>\n<link rel=\"canonical\" href=\"https:\/\/infoecos.com.ar\/index.php\/kicillof-durante-la-reunion-con-expertos-los-casos-estan-aumentando-de-forma-acelerada\/\" \/>\n<meta property=\"og:locale\" content=\"es_ES\" \/>\n<meta property=\"og:type\" content=\"article\" \/>\n<meta property=\"og:title\" content=\"Kicillof durante la reuni\u00f3n con expertos: &quot;los casos est\u00e1n aumentando de forma acelerada&quot; - Infoecos\" \/>\n<meta property=\"og:description\" content=\"Kicillof sostuvo que \u201cnuestro objetivo es demorar los contagios mientras aceleramos el plan de vacunaci\u00f3n y seguimos trabajando para aplicar una mayor cantidad de dosis\u201d\" \/>\n<meta property=\"og:url\" content=\"https:\/\/infoecos.com.ar\/index.php\/kicillof-durante-la-reunion-con-expertos-los-casos-estan-aumentando-de-forma-acelerada\/\" \/>\n<meta property=\"og:site_name\" content=\"Infoecos\" \/>\n<meta property=\"article:publisher\" content=\"https:\/\/www.facebook.com\/profile.php?id=100063200290284\" \/>\n<meta property=\"article:published_time\" content=\"2021-04-06T00:32:17+00:00\" \/>\n<meta property=\"article:modified_time\" content=\"2021-04-06T00:32:19+00:00\" \/>\n<meta property=\"og:image\" content=\"https:\/\/infoecos.com.ar\/wp-content\/uploads\/2021\/04\/MG_7824-scaled.jpg\" \/>\n\t<meta property=\"og:image:width\" content=\"2560\" \/>\n\t<meta property=\"og:image:height\" content=\"1600\" \/>\n\t<meta property=\"og:image:type\" content=\"image\/jpeg\" \/>\n<meta name=\"author\" content=\"Jorge Matheus\" \/>\n<meta name=\"twitter:card\" content=\"summary_large_image\" \/>\n<meta name=\"twitter:creator\" content=\"@infoecos\" \/>\n<meta name=\"twitter:site\" content=\"@infoecos\" \/>\n<meta name=\"twitter:label1\" content=\"Escrito por\" \/>\n\t<meta name=\"twitter:data1\" content=\"Jorge Matheus\" \/>\n\t<meta name=\"twitter:label2\" content=\"Tiempo de lectura\" \/>\n\t<meta name=\"twitter:data2\" content=\"3 minutos\" \/>\n<script type=\"application\/ld+json\" class=\"yoast-schema-graph\">{\"@context\":\"https:\/\/schema.org\",\"@graph\":[{\"@type\":\"Article\",\"@id\":\"https:\/\/infoecos.com.ar\/index.php\/kicillof-durante-la-reunion-con-expertos-los-casos-estan-aumentando-de-forma-acelerada\/#article\",\"isPartOf\":{\"@id\":\"https:\/\/infoecos.com.ar\/index.php\/kicillof-durante-la-reunion-con-expertos-los-casos-estan-aumentando-de-forma-acelerada\/\"},\"author\":{\"name\":\"Jorge Matheus\",\"@id\":\"https:\/\/infoecos.com.ar\/#\/schema\/person\/8f5ace5ce73b4b4aac4b7245aee6f191\"},\"headline\":\"Kicillof durante la reuni\u00f3n con expertos: \u00ablos casos est\u00e1n aumentando de forma acelerada\u00bb\",\"datePublished\":\"2021-04-06T00:32:17+00:00\",\"dateModified\":\"2021-04-06T00:32:19+00:00\",\"mainEntityOfPage\":{\"@id\":\"https:\/\/infoecos.com.ar\/index.php\/kicillof-durante-la-reunion-con-expertos-los-casos-estan-aumentando-de-forma-acelerada\/\"},\"wordCount\":651,\"publisher\":{\"@id\":\"https:\/\/infoecos.com.ar\/#organization\"},\"image\":{\"@id\":\"https:\/\/infoecos.com.ar\/index.php\/kicillof-durante-la-reunion-con-expertos-los-casos-estan-aumentando-de-forma-acelerada\/#primaryimage\"},\"thumbnailUrl\":\"https:\/\/infoecos.com.ar\/wp-content\/uploads\/2021\/04\/MG_7824-scaled.jpg\",\"keywords\":[\"EL GOBERNADOR CON ESPECIALISTAS\"],\"articleSection\":[\"C2 nota 1\"],\"inLanguage\":\"es\"},{\"@type\":\"WebPage\",\"@id\":\"https:\/\/infoecos.com.ar\/index.php\/kicillof-durante-la-reunion-con-expertos-los-casos-estan-aumentando-de-forma-acelerada\/\",\"url\":\"https:\/\/infoecos.com.ar\/index.php\/kicillof-durante-la-reunion-con-expertos-los-casos-estan-aumentando-de-forma-acelerada\/\",\"name\":\"Kicillof durante la reuni\u00f3n con expertos: \\\"los casos est\u00e1n aumentando de forma acelerada\\\" - Infoecos\",\"isPartOf\":{\"@id\":\"https:\/\/infoecos.com.ar\/#website\"},\"primaryImageOfPage\":{\"@id\":\"https:\/\/infoecos.com.ar\/index.php\/kicillof-durante-la-reunion-con-expertos-los-casos-estan-aumentando-de-forma-acelerada\/#primaryimage\"},\"image\":{\"@id\":\"https:\/\/infoecos.com.ar\/index.php\/kicillof-durante-la-reunion-con-expertos-los-casos-estan-aumentando-de-forma-acelerada\/#primaryimage\"},\"thumbnailUrl\":\"https:\/\/infoecos.com.ar\/wp-content\/uploads\/2021\/04\/MG_7824-scaled.jpg\",\"datePublished\":\"2021-04-06T00:32:17+00:00\",\"dateModified\":\"2021-04-06T00:32:19+00:00\",\"breadcrumb\":{\"@id\":\"https:\/\/infoecos.com.ar\/index.php\/kicillof-durante-la-reunion-con-expertos-los-casos-estan-aumentando-de-forma-acelerada\/#breadcrumb\"},\"inLanguage\":\"es\",\"potentialAction\":[{\"@type\":\"ReadAction\",\"target\":[\"https:\/\/infoecos.com.ar\/index.php\/kicillof-durante-la-reunion-con-expertos-los-casos-estan-aumentando-de-forma-acelerada\/\"]}]},{\"@type\":\"ImageObject\",\"inLanguage\":\"es\",\"@id\":\"https:\/\/infoecos.com.ar\/index.php\/kicillof-durante-la-reunion-con-expertos-los-casos-estan-aumentando-de-forma-acelerada\/#primaryimage\",\"url\":\"https:\/\/infoecos.com.ar\/wp-content\/uploads\/2021\/04\/MG_7824-scaled.jpg\",\"contentUrl\":\"https:\/\/infoecos.com.ar\/wp-content\/uploads\/2021\/04\/MG_7824-scaled.jpg\",\"width\":2560,\"height\":1600},{\"@type\":\"BreadcrumbList\",\"@id\":\"https:\/\/infoecos.com.ar\/index.php\/kicillof-durante-la-reunion-con-expertos-los-casos-estan-aumentando-de-forma-acelerada\/#breadcrumb\",\"itemListElement\":[{\"@type\":\"ListItem\",\"position\":1,\"name\":\"Portada\",\"item\":\"https:\/\/infoecos.com.ar\/\"},{\"@type\":\"ListItem\",\"position\":2,\"name\":\"Kicillof durante la reuni\u00f3n con expertos: \u00ablos casos est\u00e1n aumentando de forma acelerada\u00bb\"}]},{\"@type\":\"WebSite\",\"@id\":\"https:\/\/infoecos.com.ar\/#website\",\"url\":\"https:\/\/infoecos.com.ar\/\",\"name\":\"Infoecos\",\"description\":\"Noticias de trenque lauquen y la zona\",\"publisher\":{\"@id\":\"https:\/\/infoecos.com.ar\/#organization\"},\"alternateName\":\"Noticias\",\"potentialAction\":[{\"@type\":\"SearchAction\",\"target\":{\"@type\":\"EntryPoint\",\"urlTemplate\":\"https:\/\/infoecos.com.ar\/?s={search_term_string}\"},\"query-input\":{\"@type\":\"PropertyValueSpecification\",\"valueRequired\":true,\"valueName\":\"search_term_string\"}}],\"inLanguage\":\"es\"},{\"@type\":\"Organization\",\"@id\":\"https:\/\/infoecos.com.ar\/#organization\",\"name\":\"Infoecos\",\"alternateName\":\"Noticias\",\"url\":\"https:\/\/infoecos.com.ar\/\",\"logo\":{\"@type\":\"ImageObject\",\"inLanguage\":\"es\",\"@id\":\"https:\/\/infoecos.com.ar\/#\/schema\/logo\/image\/\",\"url\":\"https:\/\/infoecos.com.ar\/wp-content\/uploads\/2024\/03\/cropped-logo.png\",\"contentUrl\":\"https:\/\/infoecos.com.ar\/wp-content\/uploads\/2024\/03\/cropped-logo.png\",\"width\":374,\"height\":90,\"caption\":\"Infoecos\"},\"image\":{\"@id\":\"https:\/\/infoecos.com.ar\/#\/schema\/logo\/image\/\"},\"sameAs\":[\"https:\/\/www.facebook.com\/profile.php?id=100063200290284\",\"https:\/\/x.com\/infoecos\"]},{\"@type\":\"Person\",\"@id\":\"https:\/\/infoecos.com.ar\/#\/schema\/person\/8f5ace5ce73b4b4aac4b7245aee6f191\",\"name\":\"Jorge Matheus\",\"url\":\"https:\/\/infoecos.com.ar\/index.php\/author\/jomatheus\/\"}]}<\/script>\n<!-- \/ Yoast SEO plugin. -->","yoast_head_json":{"title":"Kicillof durante la reuni\u00f3n con expertos: \"los casos est\u00e1n aumentando de forma acelerada\" - Infoecos","robots":{"index":"index","follow":"follow","max-snippet":"max-snippet:-1","max-image-preview":"max-image-preview:large","max-video-preview":"max-video-preview:-1"},"canonical":"https:\/\/infoecos.com.ar\/index.php\/kicillof-durante-la-reunion-con-expertos-los-casos-estan-aumentando-de-forma-acelerada\/","og_locale":"es_ES","og_type":"article","og_title":"Kicillof durante la reuni\u00f3n con expertos: \"los casos est\u00e1n aumentando de forma acelerada\" - Infoecos","og_description":"Kicillof sostuvo que \u201cnuestro objetivo es demorar los contagios mientras aceleramos el plan de vacunaci\u00f3n y seguimos trabajando para aplicar una mayor cantidad de dosis\u201d","og_url":"https:\/\/infoecos.com.ar\/index.php\/kicillof-durante-la-reunion-con-expertos-los-casos-estan-aumentando-de-forma-acelerada\/","og_site_name":"Infoecos","article_publisher":"https:\/\/www.facebook.com\/profile.php?id=100063200290284","article_published_time":"2021-04-06T00:32:17+00:00","article_modified_time":"2021-04-06T00:32:19+00:00","og_image":[{"width":2560,"height":1600,"url":"https:\/\/infoecos.com.ar\/wp-content\/uploads\/2021\/04\/MG_7824-scaled.jpg","type":"image\/jpeg"}],"author":"Jorge Matheus","twitter_card":"summary_large_image","twitter_creator":"@infoecos","twitter_site":"@infoecos","twitter_misc":{"Escrito por":"Jorge Matheus","Tiempo de lectura":"3 minutos"},"schema":{"@context":"https:\/\/schema.org","@graph":[{"@type":"Article","@id":"https:\/\/infoecos.com.ar\/index.php\/kicillof-durante-la-reunion-con-expertos-los-casos-estan-aumentando-de-forma-acelerada\/#article","isPartOf":{"@id":"https:\/\/infoecos.com.ar\/index.php\/kicillof-durante-la-reunion-con-expertos-los-casos-estan-aumentando-de-forma-acelerada\/"},"author":{"name":"Jorge Matheus","@id":"https:\/\/infoecos.com.ar\/#\/schema\/person\/8f5ace5ce73b4b4aac4b7245aee6f191"},"headline":"Kicillof durante la reuni\u00f3n con expertos: \u00ablos casos est\u00e1n aumentando de forma acelerada\u00bb","datePublished":"2021-04-06T00:32:17+00:00","dateModified":"2021-04-06T00:32:19+00:00","mainEntityOfPage":{"@id":"https:\/\/infoecos.com.ar\/index.php\/kicillof-durante-la-reunion-con-expertos-los-casos-estan-aumentando-de-forma-acelerada\/"},"wordCount":651,"publisher":{"@id":"https:\/\/infoecos.com.ar\/#organization"},"image":{"@id":"https:\/\/infoecos.com.ar\/index.php\/kicillof-durante-la-reunion-con-expertos-los-casos-estan-aumentando-de-forma-acelerada\/#primaryimage"},"thumbnailUrl":"https:\/\/infoecos.com.ar\/wp-content\/uploads\/2021\/04\/MG_7824-scaled.jpg","keywords":["EL GOBERNADOR CON ESPECIALISTAS"],"articleSection":["C2 nota 1"],"inLanguage":"es"},{"@type":"WebPage","@id":"https:\/\/infoecos.com.ar\/index.php\/kicillof-durante-la-reunion-con-expertos-los-casos-estan-aumentando-de-forma-acelerada\/","url":"https:\/\/infoecos.com.ar\/index.php\/kicillof-durante-la-reunion-con-expertos-los-casos-estan-aumentando-de-forma-acelerada\/","name":"Kicillof durante la reuni\u00f3n con expertos: \"los casos est\u00e1n aumentando de forma acelerada\" - Infoecos","isPartOf":{"@id":"https:\/\/infoecos.com.ar\/#website"},"primaryImageOfPage":{"@id":"https:\/\/infoecos.com.ar\/index.php\/kicillof-durante-la-reunion-con-expertos-los-casos-estan-aumentando-de-forma-acelerada\/#primaryimage"},"image":{"@id":"https:\/\/infoecos.com.ar\/index.php\/kicillof-durante-la-reunion-con-expertos-los-casos-estan-aumentando-de-forma-acelerada\/#primaryimage"},"thumbnailUrl":"https:\/\/infoecos.com.ar\/wp-content\/uploads\/2021\/04\/MG_7824-scaled.jpg","datePublished":"2021-04-06T00:32:17+00:00","dateModified":"2021-04-06T00:32:19+00:00","breadcrumb":{"@id":"https:\/\/infoecos.com.ar\/index.php\/kicillof-durante-la-reunion-con-expertos-los-casos-estan-aumentando-de-forma-acelerada\/#breadcrumb"},"inLanguage":"es","potentialAction":[{"@type":"ReadAction","target":["https:\/\/infoecos.com.ar\/index.php\/kicillof-durante-la-reunion-con-expertos-los-casos-estan-aumentando-de-forma-acelerada\/"]}]},{"@type":"ImageObject","inLanguage":"es","@id":"https:\/\/infoecos.com.ar\/index.php\/kicillof-durante-la-reunion-con-expertos-los-casos-estan-aumentando-de-forma-acelerada\/#primaryimage","url":"https:\/\/infoecos.com.ar\/wp-content\/uploads\/2021\/04\/MG_7824-scaled.jpg","contentUrl":"https:\/\/infoecos.com.ar\/wp-content\/uploads\/2021\/04\/MG_7824-scaled.jpg","width":2560,"height":1600},{"@type":"BreadcrumbList","@id":"https:\/\/infoecos.com.ar\/index.php\/kicillof-durante-la-reunion-con-expertos-los-casos-estan-aumentando-de-forma-acelerada\/#breadcrumb","itemListElement":[{"@type":"ListItem","position":1,"name":"Portada","item":"https:\/\/infoecos.com.ar\/"},{"@type":"ListItem","position":2,"name":"Kicillof durante la reuni\u00f3n con expertos: \u00ablos casos est\u00e1n aumentando de forma acelerada\u00bb"}]},{"@type":"WebSite","@id":"https:\/\/infoecos.com.ar\/#website","url":"https:\/\/infoecos.com.ar\/","name":"Infoecos","description":"Noticias de trenque lauquen y la zona","publisher":{"@id":"https:\/\/infoecos.com.ar\/#organization"},"alternateName":"Noticias","potentialAction":[{"@type":"SearchAction","target":{"@type":"EntryPoint","urlTemplate":"https:\/\/infoecos.com.ar\/?s={search_term_string}"},"query-input":{"@type":"PropertyValueSpecification","valueRequired":true,"valueName":"search_term_string"}}],"inLanguage":"es"},{"@type":"Organization","@id":"https:\/\/infoecos.com.ar\/#organization","name":"Infoecos","alternateName":"Noticias","url":"https:\/\/infoecos.com.ar\/","logo":{"@type":"ImageObject","inLanguage":"es","@id":"https:\/\/infoecos.com.ar\/#\/schema\/logo\/image\/","url":"https:\/\/infoecos.com.ar\/wp-content\/uploads\/2024\/03\/cropped-logo.png","contentUrl":"https:\/\/infoecos.com.ar\/wp-content\/uploads\/2024\/03\/cropped-logo.png","width":374,"height":90,"caption":"Infoecos"},"image":{"@id":"https:\/\/infoecos.com.ar\/#\/schema\/logo\/image\/"},"sameAs":["https:\/\/www.facebook.com\/profile.php?id=100063200290284","https:\/\/x.com\/infoecos"]},{"@type":"Person","@id":"https:\/\/infoecos.com.ar\/#\/schema\/person\/8f5ace5ce73b4b4aac4b7245aee6f191","name":"Jorge Matheus","url":"https:\/\/infoecos.com.ar\/index.php\/author\/jomatheus\/"}]}},"featured_image_urls":{"full":["https:\/\/infoecos.com.ar\/wp-content\/uploads\/2021\/04\/MG_7824-scaled.jpg",2560,1600,false],"thumbnail":["https:\/\/infoecos.com.ar\/wp-content\/uploads\/2021\/04\/MG_7824-150x150.jpg",150,150,true],"medium":["https:\/\/infoecos.com.ar\/wp-content\/uploads\/2021\/04\/MG_7824-460x287.jpg",460,287,true],"medium_large":["https:\/\/infoecos.com.ar\/wp-content\/uploads\/2021\/04\/MG_7824-768x480.jpg",640,400,true],"large":["https:\/\/infoecos.com.ar\/wp-content\/uploads\/2021\/04\/MG_7824-920x575.jpg",640,400,true],"1536x1536":["https:\/\/infoecos.com.ar\/wp-content\/uploads\/2021\/04\/MG_7824-1536x960.jpg",1536,960,true],"2048x2048":["https:\/\/infoecos.com.ar\/wp-content\/uploads\/2021\/04\/MG_7824-2048x1280.jpg",2048,1280,true],"covernews-slider-full":["https:\/\/infoecos.com.ar\/wp-content\/uploads\/2021\/04\/MG_7824-1536x1020.jpg",1077,715,true],"covernews-slider-center":["https:\/\/infoecos.com.ar\/wp-content\/uploads\/2021\/04\/MG_7824-936x897.jpg",522,500,true],"covernews-featured":["https:\/\/infoecos.com.ar\/wp-content\/uploads\/2021\/04\/MG_7824-1024x640.jpg",1024,640,true],"covernews-medium":["https:\/\/infoecos.com.ar\/wp-content\/uploads\/2021\/04\/MG_7824-720x380.jpg",540,285,true],"covernews-medium-square":["https:\/\/infoecos.com.ar\/wp-content\/uploads\/2021\/04\/MG_7824-675x450.jpg",375,250,true]},"author_info":{"info":["Jorge Matheus"]},"category_info":"<a href=\"https:\/\/infoecos.com.ar\/index.php\/category\/c2nota1\/\" rel=\"category tag\">C2 nota 1<\/a>","tag_info":"C2 nota 1","comment_count":"0","_links":{"self":[{"href":"https:\/\/infoecos.com.ar\/index.php\/wp-json\/wp\/v2\/posts\/77229"}],"collection":[{"href":"https:\/\/infoecos.com.ar\/index.php\/wp-json\/wp\/v2\/posts"}],"about":[{"href":"https:\/\/infoecos.com.ar\/index.php\/wp-json\/wp\/v2\/types\/post"}],"author":[{"embeddable":true,"href":"https:\/\/infoecos.com.ar\/index.php\/wp-json\/wp\/v2\/users\/2"}],"replies":[{"embeddable":true,"href":"https:\/\/infoecos.com.ar\/index.php\/wp-json\/wp\/v2\/comments?post=77229"}],"version-history":[{"count":1,"href":"https:\/\/infoecos.com.ar\/index.php\/wp-json\/wp\/v2\/posts\/77229\/revisions"}],"predecessor-version":[{"id":77234,"href":"https:\/\/infoecos.com.ar\/index.php\/wp-json\/wp\/v2\/posts\/77229\/revisions\/77234"}],"wp:featuredmedia":[{"embeddable":true,"href":"https:\/\/infoecos.com.ar\/index.php\/wp-json\/wp\/v2\/media\/77230"}],"wp:attachment":[{"href":"https:\/\/infoecos.com.ar\/index.php\/wp-json\/wp\/v2\/media?parent=77229"}],"wp:term":[{"taxonomy":"category","embeddable":true,"href":"https:\/\/infoecos.com.ar\/index.php\/wp-json\/wp\/v2\/categories?post=77229"},{"taxonomy":"post_tag","embeddable":true,"href":"https:\/\/infoecos.com.ar\/index.php\/wp-json\/wp\/v2\/tags?post=77229"}],"curies":[{"name":"wp","href":"https:\/\/api.w.org\/{rel}","templated":true}]}}