{"id":77237,"date":"2021-04-06T15:16:47","date_gmt":"2021-04-06T18:16:47","guid":{"rendered":"http:\/\/infoecos.com.ar\/?p=77237"},"modified":"2021-04-06T15:17:02","modified_gmt":"2021-04-06T18:17:02","slug":"el-massismo-pide-por-la-postergacion-o-suspension-de-las-paso-frente-a-la-segunda-ola-de-covid","status":"publish","type":"post","link":"https:\/\/infoecos.com.ar\/index.php\/el-massismo-pide-por-la-postergacion-o-suspension-de-las-paso-frente-a-la-segunda-ola-de-covid\/","title":{"rendered":"El Massismo pide por la postergaci\u00f3n o suspensi\u00f3n de las PASO, frente a la segunda ola de COVID"},"content":{"rendered":"\n<p>Referentes del Frente Renovador, que conduce Sergio Massa, manifestaron en Twitter su preocupaci\u00f3n y pidieron por la postergaci\u00f3n o suspensi\u00f3n de las PASO ante la delicada situaci\u00f3n sanitaria por la segunda ola de COVID.<\/p>\n\n\n\n<div class=\"wp-block-image\"><figure class=\"aligncenter size-medium\"><img loading=\"lazy\" decoding=\"async\" width=\"460\" height=\"259\" src=\"http:\/\/infoecos.com.ar\/wp-content\/uploads\/2021\/04\/selvacarlos-460x259.jpg\" alt=\"\" class=\"wp-image-77238\" srcset=\"https:\/\/infoecos.com.ar\/wp-content\/uploads\/2021\/04\/selvacarlos-460x259.jpg 460w, https:\/\/infoecos.com.ar\/wp-content\/uploads\/2021\/04\/selvacarlos-920x518.jpg 920w, https:\/\/infoecos.com.ar\/wp-content\/uploads\/2021\/04\/selvacarlos-768x432.jpg 768w, https:\/\/infoecos.com.ar\/wp-content\/uploads\/2021\/04\/selvacarlos-1024x576.jpg 1024w, https:\/\/infoecos.com.ar\/wp-content\/uploads\/2021\/04\/selvacarlos.jpg 1200w\" sizes=\"(max-width: 460px) 100vw, 460px\" \/><\/figure><\/div>\n\n\n\n<p>As\u00ed lo afirm\u00f3 el diputado nacional <strong>Carlos Selva<\/strong>, que public\u00f3 en su cuenta personal: \u00abPorqu\u00e9 no votar el mismo d\u00eda PASO y general, intercalando cada fuerza de acuerdo a la elecci\u00f3n de la gente y sumando los votos de una sola vez. No hay lema porque es voto a legisladores y las listas se intercalan respetando proporcionalidad.\u00bb<\/p>\n\n\n\n<p>Por otro lado, <strong>Ramiro Guti\u00e9rrez<\/strong>, tambi\u00e9n referente del Massismo en la C\u00e1mara baja, expres\u00f3: \u00abLa salud est\u00e1 primero, y es por eso que en un contexto como el que enfrentamos, no podemos empujar y encerrar a miles de ciudadanos y ciudadanas a resolver los problemas internos de la pol\u00edtica. La pol\u00edtica debe resolver los problemas de la gente y no al rev\u00e9s\u00bb.<\/p>\n\n\n\n<div class=\"wp-block-image\"><figure class=\"aligncenter size-medium\"><img decoding=\"async\" src=\"http:\/\/infoecos.com.ar\/wp-content\/uploads\/DSC_5113-460x307.jpg\" alt=\"\" class=\"wp-image-44634\"\/><figcaption>Guti\u00e9rrez, Ramiro<\/figcaption><\/figure><\/div>\n\n\n\n<p>Mientras que el legislador provincial <strong>Jorge D&#8217; Onofrio<\/strong> se\u00f1al\u00f3: \u00abPlantear la suspensi\u00f3n de esta elecci\u00f3n, unificarla en una sola fecha, o probar con la boleta \u00fanica por fuerza pol\u00edtica son todas opciones que debemos abordar, tratar y discutir, pensando en la salud de los argentinos y argentinas\u00bb.<\/p>\n\n\n\n<div class=\"wp-block-image\"><figure class=\"aligncenter size-medium\"><img decoding=\"async\" src=\"http:\/\/infoecos.com.ar\/wp-content\/uploads\/D\u00b4Onofrio-recinto-460x307.jpg\" alt=\"\" class=\"wp-image-47797\"\/><figcaption>D\u00b4Onofrio <\/figcaption><\/figure><\/div>\n\n\n\n<p>Por su parte, en su cuenta de Twitter, <strong>Juan Jos\u00e9 Tufaro<\/strong>, referente el massismo en CABA, expres\u00f3: \u00abLa salud est\u00e1 primero, y es por eso que debemos replantear la organizaci\u00f3n de las PASO. Es un desprop\u00f3sito reunir a miles de personas en los centros de votaci\u00f3n por m\u00e1s de 12hs frente a la pandemia que vivimos. Buscar opciones ante esta situaci\u00f3n es nuestra responsabilidad\u00bb.<\/p>\n\n\n\n<div class=\"wp-block-image\"><figure class=\"aligncenter size-medium\"><img loading=\"lazy\" decoding=\"async\" width=\"460\" height=\"306\" src=\"http:\/\/infoecos.com.ar\/wp-content\/uploads\/2021\/04\/tufaro-460x306.jpg\" alt=\"\" class=\"wp-image-77239\" srcset=\"https:\/\/infoecos.com.ar\/wp-content\/uploads\/2021\/04\/tufaro-460x306.jpg 460w, https:\/\/infoecos.com.ar\/wp-content\/uploads\/2021\/04\/tufaro-768x512.jpg 768w, https:\/\/infoecos.com.ar\/wp-content\/uploads\/2021\/04\/tufaro-675x450.jpg 675w, https:\/\/infoecos.com.ar\/wp-content\/uploads\/2021\/04\/tufaro.jpg 800w\" sizes=\"(max-width: 460px) 100vw, 460px\" \/><\/figure><\/div>\n","protected":false},"excerpt":{"rendered":"<p>Referentes del Frente Renovador, que conduce Sergio Massa, manifestaron en Twitter su preocupaci\u00f3n<\/p>\n","protected":false},"author":2,"featured_media":43250,"comment_status":"closed","ping_status":"open","sticky":false,"template":"","format":"standard","meta":{"footnotes":""},"categories":[50],"tags":[3519],"class_list":["post-77237","post","type-post","status-publish","format-standard","has-post-thumbnail","hentry","category-c1nota4","tag-postergacion-de-las-paso"],"yoast_head":"<!-- This site is optimized with the Yoast SEO plugin v23.4 - https:\/\/yoast.com\/wordpress\/plugins\/seo\/ -->\n<title>El Massismo pide por la postergaci\u00f3n o suspensi\u00f3n de las PASO, frente a la segunda ola de COVID - Infoecos<\/title>\n<meta name=\"robots\" content=\"index, follow, max-snippet:-1, max-image-preview:large, max-video-preview:-1\" \/>\n<link rel=\"canonical\" href=\"https:\/\/infoecos.com.ar\/index.php\/el-massismo-pide-por-la-postergacion-o-suspension-de-las-paso-frente-a-la-segunda-ola-de-covid\/\" \/>\n<meta property=\"og:locale\" content=\"es_ES\" \/>\n<meta property=\"og:type\" content=\"article\" \/>\n<meta property=\"og:title\" content=\"El Massismo pide por la postergaci\u00f3n o suspensi\u00f3n de las PASO, frente a la segunda ola de COVID - Infoecos\" \/>\n<meta property=\"og:description\" content=\"Referentes del Frente Renovador, que conduce Sergio Massa, manifestaron en Twitter su preocupaci\u00f3n\" \/>\n<meta property=\"og:url\" content=\"https:\/\/infoecos.com.ar\/index.php\/el-massismo-pide-por-la-postergacion-o-suspension-de-las-paso-frente-a-la-segunda-ola-de-covid\/\" \/>\n<meta property=\"og:site_name\" content=\"Infoecos\" \/>\n<meta property=\"article:publisher\" content=\"https:\/\/www.facebook.com\/profile.php?id=100063200290284\" \/>\n<meta property=\"article:published_time\" content=\"2021-04-06T18:16:47+00:00\" \/>\n<meta property=\"article:modified_time\" content=\"2021-04-06T18:17:02+00:00\" \/>\n<meta property=\"og:image\" content=\"https:\/\/infoecos.com.ar\/wp-content\/uploads\/59989c70cc08b.jpg\" \/>\n\t<meta property=\"og:image:width\" content=\"1280\" \/>\n\t<meta property=\"og:image:height\" content=\"720\" \/>\n\t<meta property=\"og:image:type\" content=\"image\/jpeg\" \/>\n<meta name=\"author\" content=\"Jorge Matheus\" \/>\n<meta name=\"twitter:card\" content=\"summary_large_image\" \/>\n<meta name=\"twitter:creator\" content=\"@infoecos\" \/>\n<meta name=\"twitter:site\" content=\"@infoecos\" \/>\n<meta name=\"twitter:label1\" content=\"Escrito por\" \/>\n\t<meta name=\"twitter:data1\" content=\"Jorge Matheus\" \/>\n\t<meta name=\"twitter:label2\" content=\"Tiempo de lectura\" \/>\n\t<meta name=\"twitter:data2\" content=\"1 minuto\" \/>\n<script type=\"application\/ld+json\" class=\"yoast-schema-graph\">{\"@context\":\"https:\/\/schema.org\",\"@graph\":[{\"@type\":\"Article\",\"@id\":\"https:\/\/infoecos.com.ar\/index.php\/el-massismo-pide-por-la-postergacion-o-suspension-de-las-paso-frente-a-la-segunda-ola-de-covid\/#article\",\"isPartOf\":{\"@id\":\"https:\/\/infoecos.com.ar\/index.php\/el-massismo-pide-por-la-postergacion-o-suspension-de-las-paso-frente-a-la-segunda-ola-de-covid\/\"},\"author\":{\"name\":\"Jorge Matheus\",\"@id\":\"https:\/\/infoecos.com.ar\/#\/schema\/person\/8f5ace5ce73b4b4aac4b7245aee6f191\"},\"headline\":\"El Massismo pide por la postergaci\u00f3n o suspensi\u00f3n de las PASO, frente a la segunda ola de COVID\",\"datePublished\":\"2021-04-06T18:16:47+00:00\",\"dateModified\":\"2021-04-06T18:17:02+00:00\",\"mainEntityOfPage\":{\"@id\":\"https:\/\/infoecos.com.ar\/index.php\/el-massismo-pide-por-la-postergacion-o-suspension-de-las-paso-frente-a-la-segunda-ola-de-covid\/\"},\"wordCount\":310,\"publisher\":{\"@id\":\"https:\/\/infoecos.com.ar\/#organization\"},\"image\":{\"@id\":\"https:\/\/infoecos.com.ar\/index.php\/el-massismo-pide-por-la-postergacion-o-suspension-de-las-paso-frente-a-la-segunda-ola-de-covid\/#primaryimage\"},\"thumbnailUrl\":\"\",\"keywords\":[\"postergaci\u00f3n de las paso\"],\"articleSection\":[\"C1 N4\"],\"inLanguage\":\"es\"},{\"@type\":\"WebPage\",\"@id\":\"https:\/\/infoecos.com.ar\/index.php\/el-massismo-pide-por-la-postergacion-o-suspension-de-las-paso-frente-a-la-segunda-ola-de-covid\/\",\"url\":\"https:\/\/infoecos.com.ar\/index.php\/el-massismo-pide-por-la-postergacion-o-suspension-de-las-paso-frente-a-la-segunda-ola-de-covid\/\",\"name\":\"El Massismo pide por la postergaci\u00f3n o suspensi\u00f3n de las PASO, frente a la segunda ola de COVID - Infoecos\",\"isPartOf\":{\"@id\":\"https:\/\/infoecos.com.ar\/#website\"},\"primaryImageOfPage\":{\"@id\":\"https:\/\/infoecos.com.ar\/index.php\/el-massismo-pide-por-la-postergacion-o-suspension-de-las-paso-frente-a-la-segunda-ola-de-covid\/#primaryimage\"},\"image\":{\"@id\":\"https:\/\/infoecos.com.ar\/index.php\/el-massismo-pide-por-la-postergacion-o-suspension-de-las-paso-frente-a-la-segunda-ola-de-covid\/#primaryimage\"},\"thumbnailUrl\":\"\",\"datePublished\":\"2021-04-06T18:16:47+00:00\",\"dateModified\":\"2021-04-06T18:17:02+00:00\",\"breadcrumb\":{\"@id\":\"https:\/\/infoecos.com.ar\/index.php\/el-massismo-pide-por-la-postergacion-o-suspension-de-las-paso-frente-a-la-segunda-ola-de-covid\/#breadcrumb\"},\"inLanguage\":\"es\",\"potentialAction\":[{\"@type\":\"ReadAction\",\"target\":[\"https:\/\/infoecos.com.ar\/index.php\/el-massismo-pide-por-la-postergacion-o-suspension-de-las-paso-frente-a-la-segunda-ola-de-covid\/\"]}]},{\"@type\":\"ImageObject\",\"inLanguage\":\"es\",\"@id\":\"https:\/\/infoecos.com.ar\/index.php\/el-massismo-pide-por-la-postergacion-o-suspension-de-las-paso-frente-a-la-segunda-ola-de-covid\/#primaryimage\",\"url\":\"\",\"contentUrl\":\"\"},{\"@type\":\"BreadcrumbList\",\"@id\":\"https:\/\/infoecos.com.ar\/index.php\/el-massismo-pide-por-la-postergacion-o-suspension-de-las-paso-frente-a-la-segunda-ola-de-covid\/#breadcrumb\",\"itemListElement\":[{\"@type\":\"ListItem\",\"position\":1,\"name\":\"Portada\",\"item\":\"https:\/\/infoecos.com.ar\/\"},{\"@type\":\"ListItem\",\"position\":2,\"name\":\"El Massismo pide por la postergaci\u00f3n o suspensi\u00f3n de las PASO, frente a la segunda ola de COVID\"}]},{\"@type\":\"WebSite\",\"@id\":\"https:\/\/infoecos.com.ar\/#website\",\"url\":\"https:\/\/infoecos.com.ar\/\",\"name\":\"Infoecos\",\"description\":\"Noticias de trenque lauquen y la zona\",\"publisher\":{\"@id\":\"https:\/\/infoecos.com.ar\/#organization\"},\"alternateName\":\"Noticias\",\"potentialAction\":[{\"@type\":\"SearchAction\",\"target\":{\"@type\":\"EntryPoint\",\"urlTemplate\":\"https:\/\/infoecos.com.ar\/?s={search_term_string}\"},\"query-input\":{\"@type\":\"PropertyValueSpecification\",\"valueRequired\":true,\"valueName\":\"search_term_string\"}}],\"inLanguage\":\"es\"},{\"@type\":\"Organization\",\"@id\":\"https:\/\/infoecos.com.ar\/#organization\",\"name\":\"Infoecos\",\"alternateName\":\"Noticias\",\"url\":\"https:\/\/infoecos.com.ar\/\",\"logo\":{\"@type\":\"ImageObject\",\"inLanguage\":\"es\",\"@id\":\"https:\/\/infoecos.com.ar\/#\/schema\/logo\/image\/\",\"url\":\"https:\/\/infoecos.com.ar\/wp-content\/uploads\/2024\/03\/cropped-logo.png\",\"contentUrl\":\"https:\/\/infoecos.com.ar\/wp-content\/uploads\/2024\/03\/cropped-logo.png\",\"width\":374,\"height\":90,\"caption\":\"Infoecos\"},\"image\":{\"@id\":\"https:\/\/infoecos.com.ar\/#\/schema\/logo\/image\/\"},\"sameAs\":[\"https:\/\/www.facebook.com\/profile.php?id=100063200290284\",\"https:\/\/x.com\/infoecos\"]},{\"@type\":\"Person\",\"@id\":\"https:\/\/infoecos.com.ar\/#\/schema\/person\/8f5ace5ce73b4b4aac4b7245aee6f191\",\"name\":\"Jorge Matheus\",\"url\":\"https:\/\/infoecos.com.ar\/index.php\/author\/jomatheus\/\"}]}<\/script>\n<!-- \/ Yoast SEO plugin. -->","yoast_head_json":{"title":"El Massismo pide por la postergaci\u00f3n o suspensi\u00f3n de las PASO, frente a la segunda ola de COVID - Infoecos","robots":{"index":"index","follow":"follow","max-snippet":"max-snippet:-1","max-image-preview":"max-image-preview:large","max-video-preview":"max-video-preview:-1"},"canonical":"https:\/\/infoecos.com.ar\/index.php\/el-massismo-pide-por-la-postergacion-o-suspension-de-las-paso-frente-a-la-segunda-ola-de-covid\/","og_locale":"es_ES","og_type":"article","og_title":"El Massismo pide por la postergaci\u00f3n o suspensi\u00f3n de las PASO, frente a la segunda ola de COVID - Infoecos","og_description":"Referentes del Frente Renovador, que conduce Sergio Massa, manifestaron en Twitter su preocupaci\u00f3n","og_url":"https:\/\/infoecos.com.ar\/index.php\/el-massismo-pide-por-la-postergacion-o-suspension-de-las-paso-frente-a-la-segunda-ola-de-covid\/","og_site_name":"Infoecos","article_publisher":"https:\/\/www.facebook.com\/profile.php?id=100063200290284","article_published_time":"2021-04-06T18:16:47+00:00","article_modified_time":"2021-04-06T18:17:02+00:00","og_image":[{"width":1280,"height":720,"url":"https:\/\/infoecos.com.ar\/wp-content\/uploads\/59989c70cc08b.jpg","type":"image\/jpeg"}],"author":"Jorge Matheus","twitter_card":"summary_large_image","twitter_creator":"@infoecos","twitter_site":"@infoecos","twitter_misc":{"Escrito por":"Jorge Matheus","Tiempo de lectura":"1 minuto"},"schema":{"@context":"https:\/\/schema.org","@graph":[{"@type":"Article","@id":"https:\/\/infoecos.com.ar\/index.php\/el-massismo-pide-por-la-postergacion-o-suspension-de-las-paso-frente-a-la-segunda-ola-de-covid\/#article","isPartOf":{"@id":"https:\/\/infoecos.com.ar\/index.php\/el-massismo-pide-por-la-postergacion-o-suspension-de-las-paso-frente-a-la-segunda-ola-de-covid\/"},"author":{"name":"Jorge Matheus","@id":"https:\/\/infoecos.com.ar\/#\/schema\/person\/8f5ace5ce73b4b4aac4b7245aee6f191"},"headline":"El Massismo pide por la postergaci\u00f3n o suspensi\u00f3n de las PASO, frente a la segunda ola de COVID","datePublished":"2021-04-06T18:16:47+00:00","dateModified":"2021-04-06T18:17:02+00:00","mainEntityOfPage":{"@id":"https:\/\/infoecos.com.ar\/index.php\/el-massismo-pide-por-la-postergacion-o-suspension-de-las-paso-frente-a-la-segunda-ola-de-covid\/"},"wordCount":310,"publisher":{"@id":"https:\/\/infoecos.com.ar\/#organization"},"image":{"@id":"https:\/\/infoecos.com.ar\/index.php\/el-massismo-pide-por-la-postergacion-o-suspension-de-las-paso-frente-a-la-segunda-ola-de-covid\/#primaryimage"},"thumbnailUrl":"","keywords":["postergaci\u00f3n de las paso"],"articleSection":["C1 N4"],"inLanguage":"es"},{"@type":"WebPage","@id":"https:\/\/infoecos.com.ar\/index.php\/el-massismo-pide-por-la-postergacion-o-suspension-de-las-paso-frente-a-la-segunda-ola-de-covid\/","url":"https:\/\/infoecos.com.ar\/index.php\/el-massismo-pide-por-la-postergacion-o-suspension-de-las-paso-frente-a-la-segunda-ola-de-covid\/","name":"El Massismo pide por la postergaci\u00f3n o suspensi\u00f3n de las PASO, frente a la segunda ola de COVID - Infoecos","isPartOf":{"@id":"https:\/\/infoecos.com.ar\/#website"},"primaryImageOfPage":{"@id":"https:\/\/infoecos.com.ar\/index.php\/el-massismo-pide-por-la-postergacion-o-suspension-de-las-paso-frente-a-la-segunda-ola-de-covid\/#primaryimage"},"image":{"@id":"https:\/\/infoecos.com.ar\/index.php\/el-massismo-pide-por-la-postergacion-o-suspension-de-las-paso-frente-a-la-segunda-ola-de-covid\/#primaryimage"},"thumbnailUrl":"","datePublished":"2021-04-06T18:16:47+00:00","dateModified":"2021-04-06T18:17:02+00:00","breadcrumb":{"@id":"https:\/\/infoecos.com.ar\/index.php\/el-massismo-pide-por-la-postergacion-o-suspension-de-las-paso-frente-a-la-segunda-ola-de-covid\/#breadcrumb"},"inLanguage":"es","potentialAction":[{"@type":"ReadAction","target":["https:\/\/infoecos.com.ar\/index.php\/el-massismo-pide-por-la-postergacion-o-suspension-de-las-paso-frente-a-la-segunda-ola-de-covid\/"]}]},{"@type":"ImageObject","inLanguage":"es","@id":"https:\/\/infoecos.com.ar\/index.php\/el-massismo-pide-por-la-postergacion-o-suspension-de-las-paso-frente-a-la-segunda-ola-de-covid\/#primaryimage","url":"","contentUrl":""},{"@type":"BreadcrumbList","@id":"https:\/\/infoecos.com.ar\/index.php\/el-massismo-pide-por-la-postergacion-o-suspension-de-las-paso-frente-a-la-segunda-ola-de-covid\/#breadcrumb","itemListElement":[{"@type":"ListItem","position":1,"name":"Portada","item":"https:\/\/infoecos.com.ar\/"},{"@type":"ListItem","position":2,"name":"El Massismo pide por la postergaci\u00f3n o suspensi\u00f3n de las PASO, frente a la segunda ola de COVID"}]},{"@type":"WebSite","@id":"https:\/\/infoecos.com.ar\/#website","url":"https:\/\/infoecos.com.ar\/","name":"Infoecos","description":"Noticias de trenque lauquen y la zona","publisher":{"@id":"https:\/\/infoecos.com.ar\/#organization"},"alternateName":"Noticias","potentialAction":[{"@type":"SearchAction","target":{"@type":"EntryPoint","urlTemplate":"https:\/\/infoecos.com.ar\/?s={search_term_string}"},"query-input":{"@type":"PropertyValueSpecification","valueRequired":true,"valueName":"search_term_string"}}],"inLanguage":"es"},{"@type":"Organization","@id":"https:\/\/infoecos.com.ar\/#organization","name":"Infoecos","alternateName":"Noticias","url":"https:\/\/infoecos.com.ar\/","logo":{"@type":"ImageObject","inLanguage":"es","@id":"https:\/\/infoecos.com.ar\/#\/schema\/logo\/image\/","url":"https:\/\/infoecos.com.ar\/wp-content\/uploads\/2024\/03\/cropped-logo.png","contentUrl":"https:\/\/infoecos.com.ar\/wp-content\/uploads\/2024\/03\/cropped-logo.png","width":374,"height":90,"caption":"Infoecos"},"image":{"@id":"https:\/\/infoecos.com.ar\/#\/schema\/logo\/image\/"},"sameAs":["https:\/\/www.facebook.com\/profile.php?id=100063200290284","https:\/\/x.com\/infoecos"]},{"@type":"Person","@id":"https:\/\/infoecos.com.ar\/#\/schema\/person\/8f5ace5ce73b4b4aac4b7245aee6f191","name":"Jorge Matheus","url":"https:\/\/infoecos.com.ar\/index.php\/author\/jomatheus\/"}]}},"featured_image_urls":{"full":"","thumbnail":"","medium":"","medium_large":"","large":"","1536x1536":"","2048x2048":"","covernews-slider-full":"","covernews-slider-center":"","covernews-featured":"","covernews-medium":"","covernews-medium-square":""},"author_info":{"info":["Jorge Matheus"]},"category_info":"<a href=\"https:\/\/infoecos.com.ar\/index.php\/category\/c1nota4\/\" rel=\"category tag\">C1 N4<\/a>","tag_info":"C1 N4","comment_count":"0","_links":{"self":[{"href":"https:\/\/infoecos.com.ar\/index.php\/wp-json\/wp\/v2\/posts\/77237"}],"collection":[{"href":"https:\/\/infoecos.com.ar\/index.php\/wp-json\/wp\/v2\/posts"}],"about":[{"href":"https:\/\/infoecos.com.ar\/index.php\/wp-json\/wp\/v2\/types\/post"}],"author":[{"embeddable":true,"href":"https:\/\/infoecos.com.ar\/index.php\/wp-json\/wp\/v2\/users\/2"}],"replies":[{"embeddable":true,"href":"https:\/\/infoecos.com.ar\/index.php\/wp-json\/wp\/v2\/comments?post=77237"}],"version-history":[{"count":1,"href":"https:\/\/infoecos.com.ar\/index.php\/wp-json\/wp\/v2\/posts\/77237\/revisions"}],"predecessor-version":[{"id":77240,"href":"https:\/\/infoecos.com.ar\/index.php\/wp-json\/wp\/v2\/posts\/77237\/revisions\/77240"}],"wp:featuredmedia":[{"embeddable":true,"href":"https:\/\/infoecos.com.ar\/index.php\/wp-json\/"}],"wp:attachment":[{"href":"https:\/\/infoecos.com.ar\/index.php\/wp-json\/wp\/v2\/media?parent=77237"}],"wp:term":[{"taxonomy":"category","embeddable":true,"href":"https:\/\/infoecos.com.ar\/index.php\/wp-json\/wp\/v2\/categories?post=77237"},{"taxonomy":"post_tag","embeddable":true,"href":"https:\/\/infoecos.com.ar\/index.php\/wp-json\/wp\/v2\/tags?post=77237"}],"curies":[{"name":"wp","href":"https:\/\/api.w.org\/{rel}","templated":true}]}}