{"id":77247,"date":"2021-04-06T16:04:39","date_gmt":"2021-04-06T19:04:39","guid":{"rendered":"http:\/\/infoecos.com.ar\/?p=77247"},"modified":"2021-04-06T16:04:48","modified_gmt":"2021-04-06T19:04:48","slug":"elevado-numero-de-casos-activos-en-el-distrito-de-trenque-lauquen","status":"publish","type":"post","link":"https:\/\/infoecos.com.ar\/index.php\/elevado-numero-de-casos-activos-en-el-distrito-de-trenque-lauquen\/","title":{"rendered":"Elevado n\u00famero de casos activos en el distrito de Trenque Lauquen"},"content":{"rendered":"\n<p class=\"wp-block-paragraph\">Un importante ascenso en el n\u00famero de casos activos de Covid-19 se produjo este martes, llegando a 435, como consecuencia de haberse confirmado 102 nuevos casos y de la recuperaci\u00f3n de cinco (5) personas m\u00e1s, fue reportado por la subsecretar\u00eda de Salud municipal de Trenque Lauquen, que adem\u00e1s inform\u00f3 70 casos descartados, 166 sospechosos y 632 personas en aislamiento.<\/p>\n\n\n\n<div class=\"wp-block-image\"><figure class=\"aligncenter size-medium\"><img loading=\"lazy\" decoding=\"async\" width=\"460\" height=\"423\" src=\"http:\/\/infoecos.com.ar\/wp-content\/uploads\/2021\/04\/reportemartes-460x423.jpg\" alt=\"\" class=\"wp-image-77248\" srcset=\"https:\/\/infoecos.com.ar\/wp-content\/uploads\/2021\/04\/reportemartes-460x423.jpg 460w, https:\/\/infoecos.com.ar\/wp-content\/uploads\/2021\/04\/reportemartes-768x706.jpg 768w, https:\/\/infoecos.com.ar\/wp-content\/uploads\/2021\/04\/reportemartes.jpg 800w\" sizes=\"auto, (max-width: 460px) 100vw, 460px\" \/><\/figure><\/div>\n\n\n\n<p class=\"wp-block-paragraph\">De los 102 nuevos casos positivos, 53 se detectaron por hisopado y 49 por criterio o nexo epidemiol\u00f3gico seg\u00fan protocolo actualizado vigente, y 77 corresponden a Trenque Lauquen y 25 a Treinta de Agosto.<\/p>\n\n\n\n<p class=\"wp-block-paragraph\">Entre los 435 casos activos, 370 son de la ciudad cabecera y 65 de Treinta de Agosto; de los cuales 11 se encuentran en el Hospital Municipal, siete (7) en el Centro Extrahospitalario que funciona en el ex hotel Pailla Hu\u00e9 y 417 en sus domicilios particulares.<\/p>\n\n\n\n<p class=\"wp-block-paragraph\">Con las cinco (5) personas recuperadas en las \u00faltimas 24 horas -todas de Trenque Lauquen- ya suman 2.448 las que recibieron el alta desde marzo del a\u00f1o pasado, cuando comenz\u00f3 la pandemia, a la fecha, mientras que en el mismo lapso se descartaron 6.132 casos, incluidos los 70 de hoy, 59 de Trenque Lauquen y 11 de Treinta de Agosto.<\/p>\n\n\n\n<p class=\"wp-block-paragraph\">Hay 166 casos sospechosos, 134 de Trenque Lauquen, 30 de Treinta de Agosto y dos (2) de Beruti, -todos est\u00e1n en sus domicilios- y 632 personas en aislamiento, 557 en la ciudad cabecera, 74 en Treinta de Agosto y una (1) en Beruti.<\/p>\n","protected":false},"excerpt":{"rendered":"<p>Entre los 435 casos activos, 370 son de la ciudad cabecera y 65 de Treinta de Agosto; de los cuales 11 se encuentran en el Hospital Municipal, siete (7) en el Centro Extrahospitalario que funciona en el ex hotel Pailla Hu\u00e9 y 417 en sus domicilios particulares<\/p>\n","protected":false},"author":2,"featured_media":59465,"comment_status":"closed","ping_status":"open","sticky":false,"template":"","format":"standard","meta":{"footnotes":""},"categories":[1612],"tags":[1785],"class_list":["post-77247","post","type-post","status-publish","format-standard","has-post-thumbnail","hentry","category-noticia-principal","tag-coronavirus"],"featured_image_urls":{"full":["https:\/\/infoecos.com.ar\/wp-content\/uploads\/IMG_20200323_191546.jpg",1600,1200,false],"thumbnail":["https:\/\/infoecos.com.ar\/wp-content\/uploads\/IMG_20200323_191546-150x150.jpg",150,150,true],"medium":["https:\/\/infoecos.com.ar\/wp-content\/uploads\/IMG_20200323_191546-460x345.jpg",460,345,true],"medium_large":["https:\/\/infoecos.com.ar\/wp-content\/uploads\/IMG_20200323_191546-768x576.jpg",640,480,true],"large":["https:\/\/infoecos.com.ar\/wp-content\/uploads\/IMG_20200323_191546-920x690.jpg",640,480,true],"1536x1536":["https:\/\/infoecos.com.ar\/wp-content\/uploads\/IMG_20200323_191546-1536x1152.jpg",1536,1152,true],"2048x2048":["https:\/\/infoecos.com.ar\/wp-content\/uploads\/IMG_20200323_191546.jpg",1600,1200,false],"covernews-slider-full":["https:\/\/infoecos.com.ar\/wp-content\/uploads\/IMG_20200323_191546-1536x1020.jpg",1077,715,true],"covernews-slider-center":["https:\/\/infoecos.com.ar\/wp-content\/uploads\/IMG_20200323_191546-936x897.jpg",522,500,true],"covernews-featured":["https:\/\/infoecos.com.ar\/wp-content\/uploads\/IMG_20200323_191546-1024x768.jpg",1024,768,true],"covernews-medium":["https:\/\/infoecos.com.ar\/wp-content\/uploads\/IMG_20200323_191546-720x380.jpg",540,285,true],"covernews-medium-square":["https:\/\/infoecos.com.ar\/wp-content\/uploads\/IMG_20200323_191546-675x450.jpg",375,250,true]},"author_info":{"info":["Jorge Matheus"]},"category_info":"<a href=\"https:\/\/infoecos.com.ar\/index.php\/category\/noticia-principal\/\" rel=\"category tag\">Noticia Principal<\/a>","tag_info":"Noticia Principal","comment_count":"0","_links":{"self":[{"href":"https:\/\/infoecos.com.ar\/index.php\/wp-json\/wp\/v2\/posts\/77247","targetHints":{"allow":["GET"]}}],"collection":[{"href":"https:\/\/infoecos.com.ar\/index.php\/wp-json\/wp\/v2\/posts"}],"about":[{"href":"https:\/\/infoecos.com.ar\/index.php\/wp-json\/wp\/v2\/types\/post"}],"author":[{"embeddable":true,"href":"https:\/\/infoecos.com.ar\/index.php\/wp-json\/wp\/v2\/users\/2"}],"replies":[{"embeddable":true,"href":"https:\/\/infoecos.com.ar\/index.php\/wp-json\/wp\/v2\/comments?post=77247"}],"version-history":[{"count":1,"href":"https:\/\/infoecos.com.ar\/index.php\/wp-json\/wp\/v2\/posts\/77247\/revisions"}],"predecessor-version":[{"id":77249,"href":"https:\/\/infoecos.com.ar\/index.php\/wp-json\/wp\/v2\/posts\/77247\/revisions\/77249"}],"wp:featuredmedia":[{"embeddable":true,"href":"https:\/\/infoecos.com.ar\/index.php\/wp-json\/wp\/v2\/media\/59465"}],"wp:attachment":[{"href":"https:\/\/infoecos.com.ar\/index.php\/wp-json\/wp\/v2\/media?parent=77247"}],"wp:term":[{"taxonomy":"category","embeddable":true,"href":"https:\/\/infoecos.com.ar\/index.php\/wp-json\/wp\/v2\/categories?post=77247"},{"taxonomy":"post_tag","embeddable":true,"href":"https:\/\/infoecos.com.ar\/index.php\/wp-json\/wp\/v2\/tags?post=77247"}],"curies":[{"name":"wp","href":"https:\/\/api.w.org\/{rel}","templated":true}]}}