{"id":77263,"date":"2021-04-06T19:50:26","date_gmt":"2021-04-06T22:50:26","guid":{"rendered":"http:\/\/infoecos.com.ar\/?p=77263"},"modified":"2021-04-06T20:14:51","modified_gmt":"2021-04-06T23:14:51","slug":"la-segunda-ola-es-un-hecho-y-hay-un-aumento-acelerado-de-casos","status":"publish","type":"post","link":"https:\/\/infoecos.com.ar\/index.php\/la-segunda-ola-es-un-hecho-y-hay-un-aumento-acelerado-de-casos\/","title":{"rendered":"\u00abLa segunda ola es un hecho y hay un aumento acelerado de casos\u00bb"},"content":{"rendered":"\n<p>La ministra de Salud, Carla Vizzotti asegur\u00f3 este martes que <strong>\u00ablas pr\u00f3ximas tres semanas son clave\u00bb en el marco de la segunda ola de coronavirus en el pa\u00eds que \u00abes un hecho\u00bb, al tiempo que afirm\u00f3 que el Argentina \u00abtiene la ventaja de haber sostenido la vacunaci\u00f3n antes de que empiecen a aumentar los casos\u00bb.<\/strong><\/p>\n\n\n\n<p>Vizzoti se pronunci\u00f3 la ma\u00f1ana del martes en una conferencia de prensa en Casa de Gobierno, donde traz\u00f3 un panorama de la situaci\u00f3n actual que enfrenta el pa\u00eds en relaci\u00f3n con la pandemia ante un \u00abaumento acelerado de casos\u00bb; mientras que por la tarde expuso ante la comisi\u00f3n de Acci\u00f3n y Salud P\u00fablica de la C\u00e1mara de Diputados.<\/p>\n\n\n\n<div class=\"wp-block-image\"><figure class=\"aligncenter size-medium\"><img loading=\"lazy\" decoding=\"async\" width=\"460\" height=\"259\" src=\"http:\/\/infoecos.com.ar\/wp-content\/uploads\/2021\/04\/vizzotti-460x259.jpg\" alt=\"\" class=\"wp-image-77265\" srcset=\"https:\/\/infoecos.com.ar\/wp-content\/uploads\/2021\/04\/vizzotti-460x259.jpg 460w, https:\/\/infoecos.com.ar\/wp-content\/uploads\/2021\/04\/vizzotti-920x518.jpg 920w, https:\/\/infoecos.com.ar\/wp-content\/uploads\/2021\/04\/vizzotti-768x432.jpg 768w, https:\/\/infoecos.com.ar\/wp-content\/uploads\/2021\/04\/vizzotti.jpg 1004w\" sizes=\"(max-width: 460px) 100vw, 460px\" \/><\/figure><\/div>\n\n\n\n<p>\u00abArgentina tiene \u00abla ventaja de haber sostenido la vacunaci\u00f3n antes de que empiecen a aumentar los casos\u00bb de coronavirus, asegur\u00f3 la ministra en Diputados y dijo que el Gobierno observa \u00abcon preocupaci\u00f3n el crecimiento\u00bb de casos en lo que se define como el inicio de la segunda ola de la pandemia.<\/p>\n\n\n\n<p><strong>Vizzoti expuso ante la comisi\u00f3n de Acci\u00f3n Social y Salud P\u00fablica de la C\u00e1mara de Diputados&nbsp;<\/strong>a trav\u00e9s del sistema de videoconferencia, luego de la<strong>&nbsp;reuni\u00f3n que mantuvo en Casa de Gobierno con el jefe de Gabinete, Santiago Cafiero, y con los equipos de salud de la provincia de Buenos Aires y del distrito porte\u00f1o.<\/strong><\/p>\n\n\n\n<p>En el encuentro en Casa Rosada se analiz\u00f3 la situaci\u00f3n epidemiol\u00f3gica en el \u00c1rea Metropolitana de Buenos Aires (AMBA), se inform\u00f3 oficialmente.<\/p>\n\n\n\n<p><strong>La reuni\u00f3n en Casa de Gobierno<\/strong><\/p>\n\n\n\n<p>La ministra de Salud se\u00f1al\u00f3 que en el encuentro mantenido<strong>&nbsp;en Casa Rosada \u00abse analiz\u00f3 el aumento de casos\u00bb y \u00aben base a la evidencia cient\u00edfica y en el consenso federal\u00bb<\/strong>, c\u00f3mo&nbsp;<strong>\u00abgenerar las acciones\u00bb para minimizar el impacto de la segunda ola de la pandemia.<\/strong><\/p>\n\n\n\n<p>\u00abArgentina tiene la ventaja de haber sostenido la vacunaci\u00f3n antes de que empiecen a aumentar los casos, esto no resuelve el problema pero es alentador en relaci\u00f3n a lo que significa tener una tasa muy alta del personal de salud vacunado\u00bb, dijo.<\/p>\n\n\n\n<p>Agreg\u00f3 que es un&nbsp;<strong>dato alentador<\/strong>&nbsp;que \u00ab<strong>un 90 por ciento del equipo de la salud recibi\u00f3 una primera dosis de la vacuna\u00bb&nbsp;<\/strong>contra el coronavirus y un \u00ab60 por ciento ya tiene la segunda dosis\u00bb.<\/p>\n\n\n\n<p>Vizzotti se\u00f1al\u00f3 que el sistema de salud argentino \u00abse ha fortalecido desde que comenz\u00f3 la pandemia\u00bb, con el aumento de \u00abun 50 por ciento la cantidad de camas y un 60 por ciento los respiradores\u00bb.<\/p>\n\n\n\n<p>Tambi\u00e9n<strong>&nbsp;destac\u00f3 el avance que tuvo el plan de vacunaci\u00f3n en los mayores de ochenta a\u00f1os<\/strong>&nbsp;y c\u00f3mo se est\u00e1 efectuando la vacunaci\u00f3n en los mayores de 70.<\/p>\n\n\n\n<figure class=\"wp-block-embed is-type-video is-provider-youtube wp-block-embed-youtube wp-embed-aspect-16-9 wp-has-aspect-ratio\"><div class=\"wp-block-embed__wrapper\">\n<iframe loading=\"lazy\" title=\"Vizzotti conf\u00eda en un acuerdo de tres semanas con &quot;esfuerzo concreto&quot; para vacunar m\u00e1s\" width=\"640\" height=\"360\" src=\"https:\/\/www.youtube.com\/embed\/uVxjnlcD7Ho?start=1&#038;feature=oembed\" frameborder=\"0\" allow=\"accelerometer; autoplay; clipboard-write; encrypted-media; gyroscope; picture-in-picture; web-share\" referrerpolicy=\"strict-origin-when-cross-origin\" allowfullscreen><\/iframe>\n<\/div><\/figure>\n\n\n\n<p><strong>Conferencia de prensa<\/strong><\/p>\n\n\n\n<p>Existe un \u00abaumento sostenido y acelerado\u00bb de los casos de Covid-19, describi\u00f3.En ese sentido, se inform\u00f3 que<strong>durante la \u00faltima semanas se<a href=\"https:\/\/www.telam.com.ar\/notas\/202104\/549784-aumento-departamentos-riesgo-epidemiologico.html\" target=\"_blank\" rel=\"noreferrer noopener\">pas\u00f3 de 48 a 85 la cantidad de departamentos en \u00abalto riesgo\u00bb epidemiol\u00f3gico<\/a>, pasando de 12 millones de personas a m\u00e1s de 25 millones las que viven en esa situaci\u00f3n,&nbsp;<\/strong>asegur\u00f3 Vizzotti en conferencia de prensa en Casa Rosada por la ma\u00f1ana.<\/p>\n\n\n\n<p>La ministra sostuvo que, con las m\u00e1s de 7 millones de vacunas recibidas y las 2 millones de dosis de la \u00faltima semana,<strong>el esfuerzo debe ser estar concentrado en disminuir los contagios, no tensionar el sistema de salud, y dar tiempo a que m\u00e1s dosis lleguen a las poblaciones objetivo.<\/strong><\/p>\n\n\n\n<p>Vizzotti destac\u00f3 que la Argentina \u00abhaya empezado a vacunar antes del aumento de casos\u00bb de esta segunda ola, precis\u00f3 que ya se inmuniz\u00f3 el 90 por ciento del personal de salud en todo el pa\u00eds con una dosis y a m\u00e1s del 50% de los mayores de 80 a\u00f1os.<\/p>\n\n\n\n<p>En ese sentido, aunque aclar\u00f3 que el criterio de distribuci\u00f3n de vacunas sigue siendo el de la proporcionalidad entre las provincias, afirm\u00f3 que se estudian ajustes que permitan atender situaciones puntuales, como una mayor cantidad de personas con poblaci\u00f3n de riesgo que habiten en un mismo lugar.<\/p>\n\n\n\n<p>La colaboraci\u00f3n del PAMI en la Ciudad de Buenos Aires para llegar a m\u00e1s adultos mayores y esos \u00abajustes\u00bb vienen a responder al pedido de las autoridades porte\u00f1as por llegar a una distribuci\u00f3n que atienda a esos factores etarios m\u00e1s preponderantes en la Capital.<\/p>\n","protected":false},"excerpt":{"rendered":"<p>Vizzoti expuso ante la comisi\u00f3n de Acci\u00f3n Social y Salud P\u00fablica de la C\u00e1mara de Diputados a trav\u00e9s del sistema de videoconferencia, luego de la reuni\u00f3n que mantuvo en Casa de Gobierno con el jefe de Gabinete, Santiago Cafiero, y con los equipos de salud de la provincia de Buenos Aires y del distrito porte\u00f1o<\/p>\n","protected":false},"author":2,"featured_media":77265,"comment_status":"closed","ping_status":"open","sticky":false,"template":"","format":"standard","meta":{"footnotes":""},"categories":[197],"tags":[3525],"class_list":["post-77263","post","type-post","status-publish","format-standard","has-post-thumbnail","hentry","category-c3nota4","tag-declaraciones-de-carla-vizzotti"],"yoast_head":"<!-- This site is optimized with the Yoast SEO plugin v23.4 - https:\/\/yoast.com\/wordpress\/plugins\/seo\/ -->\n<title>&quot;La segunda ola es un hecho y hay un aumento acelerado de casos&quot; - Infoecos<\/title>\n<meta name=\"robots\" content=\"index, follow, max-snippet:-1, max-image-preview:large, max-video-preview:-1\" \/>\n<link rel=\"canonical\" href=\"https:\/\/infoecos.com.ar\/index.php\/la-segunda-ola-es-un-hecho-y-hay-un-aumento-acelerado-de-casos\/\" \/>\n<meta property=\"og:locale\" content=\"es_ES\" \/>\n<meta property=\"og:type\" content=\"article\" \/>\n<meta property=\"og:title\" content=\"&quot;La segunda ola es un hecho y hay un aumento acelerado de casos&quot; - Infoecos\" \/>\n<meta property=\"og:description\" content=\"Vizzoti expuso ante la comisi\u00f3n de Acci\u00f3n Social y Salud P\u00fablica de la C\u00e1mara de Diputados a trav\u00e9s del sistema de videoconferencia, luego de la reuni\u00f3n que mantuvo en Casa de Gobierno con el jefe de Gabinete, Santiago Cafiero, y con los equipos de salud de la provincia de Buenos Aires y del distrito porte\u00f1o\" \/>\n<meta property=\"og:url\" content=\"https:\/\/infoecos.com.ar\/index.php\/la-segunda-ola-es-un-hecho-y-hay-un-aumento-acelerado-de-casos\/\" \/>\n<meta property=\"og:site_name\" content=\"Infoecos\" \/>\n<meta property=\"article:publisher\" content=\"https:\/\/www.facebook.com\/profile.php?id=100063200290284\" \/>\n<meta property=\"article:published_time\" content=\"2021-04-06T22:50:26+00:00\" \/>\n<meta property=\"article:modified_time\" content=\"2021-04-06T23:14:51+00:00\" \/>\n<meta property=\"og:image\" content=\"https:\/\/infoecos.com.ar\/wp-content\/uploads\/2021\/04\/vizzotti.jpg\" \/>\n\t<meta property=\"og:image:width\" content=\"1004\" \/>\n\t<meta property=\"og:image:height\" content=\"565\" \/>\n\t<meta property=\"og:image:type\" content=\"image\/jpeg\" \/>\n<meta name=\"author\" content=\"Jorge Matheus\" \/>\n<meta name=\"twitter:card\" content=\"summary_large_image\" \/>\n<meta name=\"twitter:creator\" content=\"@infoecos\" \/>\n<meta name=\"twitter:site\" content=\"@infoecos\" \/>\n<meta name=\"twitter:label1\" content=\"Escrito por\" \/>\n\t<meta name=\"twitter:data1\" content=\"Jorge Matheus\" \/>\n\t<meta name=\"twitter:label2\" content=\"Tiempo de lectura\" \/>\n\t<meta name=\"twitter:data2\" content=\"4 minutos\" \/>\n<script type=\"application\/ld+json\" class=\"yoast-schema-graph\">{\"@context\":\"https:\/\/schema.org\",\"@graph\":[{\"@type\":\"Article\",\"@id\":\"https:\/\/infoecos.com.ar\/index.php\/la-segunda-ola-es-un-hecho-y-hay-un-aumento-acelerado-de-casos\/#article\",\"isPartOf\":{\"@id\":\"https:\/\/infoecos.com.ar\/index.php\/la-segunda-ola-es-un-hecho-y-hay-un-aumento-acelerado-de-casos\/\"},\"author\":{\"name\":\"Jorge Matheus\",\"@id\":\"https:\/\/infoecos.com.ar\/#\/schema\/person\/8f5ace5ce73b4b4aac4b7245aee6f191\"},\"headline\":\"\u00abLa segunda ola es un hecho y hay un aumento acelerado de casos\u00bb\",\"datePublished\":\"2021-04-06T22:50:26+00:00\",\"dateModified\":\"2021-04-06T23:14:51+00:00\",\"mainEntityOfPage\":{\"@id\":\"https:\/\/infoecos.com.ar\/index.php\/la-segunda-ola-es-un-hecho-y-hay-un-aumento-acelerado-de-casos\/\"},\"wordCount\":768,\"publisher\":{\"@id\":\"https:\/\/infoecos.com.ar\/#organization\"},\"image\":{\"@id\":\"https:\/\/infoecos.com.ar\/index.php\/la-segunda-ola-es-un-hecho-y-hay-un-aumento-acelerado-de-casos\/#primaryimage\"},\"thumbnailUrl\":\"https:\/\/infoecos.com.ar\/wp-content\/uploads\/2021\/04\/vizzotti.jpg\",\"keywords\":[\"DECLARACIONES DE CARLA VIZZOTTI\"],\"articleSection\":[\"C3 N4\"],\"inLanguage\":\"es\"},{\"@type\":\"WebPage\",\"@id\":\"https:\/\/infoecos.com.ar\/index.php\/la-segunda-ola-es-un-hecho-y-hay-un-aumento-acelerado-de-casos\/\",\"url\":\"https:\/\/infoecos.com.ar\/index.php\/la-segunda-ola-es-un-hecho-y-hay-un-aumento-acelerado-de-casos\/\",\"name\":\"\\\"La segunda ola es un hecho y hay un aumento acelerado de casos\\\" - Infoecos\",\"isPartOf\":{\"@id\":\"https:\/\/infoecos.com.ar\/#website\"},\"primaryImageOfPage\":{\"@id\":\"https:\/\/infoecos.com.ar\/index.php\/la-segunda-ola-es-un-hecho-y-hay-un-aumento-acelerado-de-casos\/#primaryimage\"},\"image\":{\"@id\":\"https:\/\/infoecos.com.ar\/index.php\/la-segunda-ola-es-un-hecho-y-hay-un-aumento-acelerado-de-casos\/#primaryimage\"},\"thumbnailUrl\":\"https:\/\/infoecos.com.ar\/wp-content\/uploads\/2021\/04\/vizzotti.jpg\",\"datePublished\":\"2021-04-06T22:50:26+00:00\",\"dateModified\":\"2021-04-06T23:14:51+00:00\",\"breadcrumb\":{\"@id\":\"https:\/\/infoecos.com.ar\/index.php\/la-segunda-ola-es-un-hecho-y-hay-un-aumento-acelerado-de-casos\/#breadcrumb\"},\"inLanguage\":\"es\",\"potentialAction\":[{\"@type\":\"ReadAction\",\"target\":[\"https:\/\/infoecos.com.ar\/index.php\/la-segunda-ola-es-un-hecho-y-hay-un-aumento-acelerado-de-casos\/\"]}]},{\"@type\":\"ImageObject\",\"inLanguage\":\"es\",\"@id\":\"https:\/\/infoecos.com.ar\/index.php\/la-segunda-ola-es-un-hecho-y-hay-un-aumento-acelerado-de-casos\/#primaryimage\",\"url\":\"https:\/\/infoecos.com.ar\/wp-content\/uploads\/2021\/04\/vizzotti.jpg\",\"contentUrl\":\"https:\/\/infoecos.com.ar\/wp-content\/uploads\/2021\/04\/vizzotti.jpg\",\"width\":1004,\"height\":565},{\"@type\":\"BreadcrumbList\",\"@id\":\"https:\/\/infoecos.com.ar\/index.php\/la-segunda-ola-es-un-hecho-y-hay-un-aumento-acelerado-de-casos\/#breadcrumb\",\"itemListElement\":[{\"@type\":\"ListItem\",\"position\":1,\"name\":\"Portada\",\"item\":\"https:\/\/infoecos.com.ar\/\"},{\"@type\":\"ListItem\",\"position\":2,\"name\":\"\u00abLa segunda ola es un hecho y hay un aumento acelerado de casos\u00bb\"}]},{\"@type\":\"WebSite\",\"@id\":\"https:\/\/infoecos.com.ar\/#website\",\"url\":\"https:\/\/infoecos.com.ar\/\",\"name\":\"Infoecos\",\"description\":\"Noticias de trenque lauquen y la zona\",\"publisher\":{\"@id\":\"https:\/\/infoecos.com.ar\/#organization\"},\"alternateName\":\"Noticias\",\"potentialAction\":[{\"@type\":\"SearchAction\",\"target\":{\"@type\":\"EntryPoint\",\"urlTemplate\":\"https:\/\/infoecos.com.ar\/?s={search_term_string}\"},\"query-input\":{\"@type\":\"PropertyValueSpecification\",\"valueRequired\":true,\"valueName\":\"search_term_string\"}}],\"inLanguage\":\"es\"},{\"@type\":\"Organization\",\"@id\":\"https:\/\/infoecos.com.ar\/#organization\",\"name\":\"Infoecos\",\"alternateName\":\"Noticias\",\"url\":\"https:\/\/infoecos.com.ar\/\",\"logo\":{\"@type\":\"ImageObject\",\"inLanguage\":\"es\",\"@id\":\"https:\/\/infoecos.com.ar\/#\/schema\/logo\/image\/\",\"url\":\"https:\/\/infoecos.com.ar\/wp-content\/uploads\/2024\/03\/cropped-logo.png\",\"contentUrl\":\"https:\/\/infoecos.com.ar\/wp-content\/uploads\/2024\/03\/cropped-logo.png\",\"width\":374,\"height\":90,\"caption\":\"Infoecos\"},\"image\":{\"@id\":\"https:\/\/infoecos.com.ar\/#\/schema\/logo\/image\/\"},\"sameAs\":[\"https:\/\/www.facebook.com\/profile.php?id=100063200290284\",\"https:\/\/x.com\/infoecos\"]},{\"@type\":\"Person\",\"@id\":\"https:\/\/infoecos.com.ar\/#\/schema\/person\/8f5ace5ce73b4b4aac4b7245aee6f191\",\"name\":\"Jorge Matheus\",\"url\":\"https:\/\/infoecos.com.ar\/index.php\/author\/jomatheus\/\"}]}<\/script>\n<!-- \/ Yoast SEO plugin. -->","yoast_head_json":{"title":"\"La segunda ola es un hecho y hay un aumento acelerado de casos\" - Infoecos","robots":{"index":"index","follow":"follow","max-snippet":"max-snippet:-1","max-image-preview":"max-image-preview:large","max-video-preview":"max-video-preview:-1"},"canonical":"https:\/\/infoecos.com.ar\/index.php\/la-segunda-ola-es-un-hecho-y-hay-un-aumento-acelerado-de-casos\/","og_locale":"es_ES","og_type":"article","og_title":"\"La segunda ola es un hecho y hay un aumento acelerado de casos\" - Infoecos","og_description":"Vizzoti expuso ante la comisi\u00f3n de Acci\u00f3n Social y Salud P\u00fablica de la C\u00e1mara de Diputados a trav\u00e9s del sistema de videoconferencia, luego de la reuni\u00f3n que mantuvo en Casa de Gobierno con el jefe de Gabinete, Santiago Cafiero, y con los equipos de salud de la provincia de Buenos Aires y del distrito porte\u00f1o","og_url":"https:\/\/infoecos.com.ar\/index.php\/la-segunda-ola-es-un-hecho-y-hay-un-aumento-acelerado-de-casos\/","og_site_name":"Infoecos","article_publisher":"https:\/\/www.facebook.com\/profile.php?id=100063200290284","article_published_time":"2021-04-06T22:50:26+00:00","article_modified_time":"2021-04-06T23:14:51+00:00","og_image":[{"width":1004,"height":565,"url":"https:\/\/infoecos.com.ar\/wp-content\/uploads\/2021\/04\/vizzotti.jpg","type":"image\/jpeg"}],"author":"Jorge Matheus","twitter_card":"summary_large_image","twitter_creator":"@infoecos","twitter_site":"@infoecos","twitter_misc":{"Escrito por":"Jorge Matheus","Tiempo de lectura":"4 minutos"},"schema":{"@context":"https:\/\/schema.org","@graph":[{"@type":"Article","@id":"https:\/\/infoecos.com.ar\/index.php\/la-segunda-ola-es-un-hecho-y-hay-un-aumento-acelerado-de-casos\/#article","isPartOf":{"@id":"https:\/\/infoecos.com.ar\/index.php\/la-segunda-ola-es-un-hecho-y-hay-un-aumento-acelerado-de-casos\/"},"author":{"name":"Jorge Matheus","@id":"https:\/\/infoecos.com.ar\/#\/schema\/person\/8f5ace5ce73b4b4aac4b7245aee6f191"},"headline":"\u00abLa segunda ola es un hecho y hay un aumento acelerado de casos\u00bb","datePublished":"2021-04-06T22:50:26+00:00","dateModified":"2021-04-06T23:14:51+00:00","mainEntityOfPage":{"@id":"https:\/\/infoecos.com.ar\/index.php\/la-segunda-ola-es-un-hecho-y-hay-un-aumento-acelerado-de-casos\/"},"wordCount":768,"publisher":{"@id":"https:\/\/infoecos.com.ar\/#organization"},"image":{"@id":"https:\/\/infoecos.com.ar\/index.php\/la-segunda-ola-es-un-hecho-y-hay-un-aumento-acelerado-de-casos\/#primaryimage"},"thumbnailUrl":"https:\/\/infoecos.com.ar\/wp-content\/uploads\/2021\/04\/vizzotti.jpg","keywords":["DECLARACIONES DE CARLA VIZZOTTI"],"articleSection":["C3 N4"],"inLanguage":"es"},{"@type":"WebPage","@id":"https:\/\/infoecos.com.ar\/index.php\/la-segunda-ola-es-un-hecho-y-hay-un-aumento-acelerado-de-casos\/","url":"https:\/\/infoecos.com.ar\/index.php\/la-segunda-ola-es-un-hecho-y-hay-un-aumento-acelerado-de-casos\/","name":"\"La segunda ola es un hecho y hay un aumento acelerado de casos\" - Infoecos","isPartOf":{"@id":"https:\/\/infoecos.com.ar\/#website"},"primaryImageOfPage":{"@id":"https:\/\/infoecos.com.ar\/index.php\/la-segunda-ola-es-un-hecho-y-hay-un-aumento-acelerado-de-casos\/#primaryimage"},"image":{"@id":"https:\/\/infoecos.com.ar\/index.php\/la-segunda-ola-es-un-hecho-y-hay-un-aumento-acelerado-de-casos\/#primaryimage"},"thumbnailUrl":"https:\/\/infoecos.com.ar\/wp-content\/uploads\/2021\/04\/vizzotti.jpg","datePublished":"2021-04-06T22:50:26+00:00","dateModified":"2021-04-06T23:14:51+00:00","breadcrumb":{"@id":"https:\/\/infoecos.com.ar\/index.php\/la-segunda-ola-es-un-hecho-y-hay-un-aumento-acelerado-de-casos\/#breadcrumb"},"inLanguage":"es","potentialAction":[{"@type":"ReadAction","target":["https:\/\/infoecos.com.ar\/index.php\/la-segunda-ola-es-un-hecho-y-hay-un-aumento-acelerado-de-casos\/"]}]},{"@type":"ImageObject","inLanguage":"es","@id":"https:\/\/infoecos.com.ar\/index.php\/la-segunda-ola-es-un-hecho-y-hay-un-aumento-acelerado-de-casos\/#primaryimage","url":"https:\/\/infoecos.com.ar\/wp-content\/uploads\/2021\/04\/vizzotti.jpg","contentUrl":"https:\/\/infoecos.com.ar\/wp-content\/uploads\/2021\/04\/vizzotti.jpg","width":1004,"height":565},{"@type":"BreadcrumbList","@id":"https:\/\/infoecos.com.ar\/index.php\/la-segunda-ola-es-un-hecho-y-hay-un-aumento-acelerado-de-casos\/#breadcrumb","itemListElement":[{"@type":"ListItem","position":1,"name":"Portada","item":"https:\/\/infoecos.com.ar\/"},{"@type":"ListItem","position":2,"name":"\u00abLa segunda ola es un hecho y hay un aumento acelerado de casos\u00bb"}]},{"@type":"WebSite","@id":"https:\/\/infoecos.com.ar\/#website","url":"https:\/\/infoecos.com.ar\/","name":"Infoecos","description":"Noticias de trenque lauquen y la zona","publisher":{"@id":"https:\/\/infoecos.com.ar\/#organization"},"alternateName":"Noticias","potentialAction":[{"@type":"SearchAction","target":{"@type":"EntryPoint","urlTemplate":"https:\/\/infoecos.com.ar\/?s={search_term_string}"},"query-input":{"@type":"PropertyValueSpecification","valueRequired":true,"valueName":"search_term_string"}}],"inLanguage":"es"},{"@type":"Organization","@id":"https:\/\/infoecos.com.ar\/#organization","name":"Infoecos","alternateName":"Noticias","url":"https:\/\/infoecos.com.ar\/","logo":{"@type":"ImageObject","inLanguage":"es","@id":"https:\/\/infoecos.com.ar\/#\/schema\/logo\/image\/","url":"https:\/\/infoecos.com.ar\/wp-content\/uploads\/2024\/03\/cropped-logo.png","contentUrl":"https:\/\/infoecos.com.ar\/wp-content\/uploads\/2024\/03\/cropped-logo.png","width":374,"height":90,"caption":"Infoecos"},"image":{"@id":"https:\/\/infoecos.com.ar\/#\/schema\/logo\/image\/"},"sameAs":["https:\/\/www.facebook.com\/profile.php?id=100063200290284","https:\/\/x.com\/infoecos"]},{"@type":"Person","@id":"https:\/\/infoecos.com.ar\/#\/schema\/person\/8f5ace5ce73b4b4aac4b7245aee6f191","name":"Jorge Matheus","url":"https:\/\/infoecos.com.ar\/index.php\/author\/jomatheus\/"}]}},"featured_image_urls":{"full":["https:\/\/infoecos.com.ar\/wp-content\/uploads\/2021\/04\/vizzotti.jpg",1004,565,false],"thumbnail":["https:\/\/infoecos.com.ar\/wp-content\/uploads\/2021\/04\/vizzotti-150x150.jpg",150,150,true],"medium":["https:\/\/infoecos.com.ar\/wp-content\/uploads\/2021\/04\/vizzotti-460x259.jpg",460,259,true],"medium_large":["https:\/\/infoecos.com.ar\/wp-content\/uploads\/2021\/04\/vizzotti-768x432.jpg",640,360,true],"large":["https:\/\/infoecos.com.ar\/wp-content\/uploads\/2021\/04\/vizzotti-920x518.jpg",640,360,true],"1536x1536":["https:\/\/infoecos.com.ar\/wp-content\/uploads\/2021\/04\/vizzotti.jpg",1004,565,false],"2048x2048":["https:\/\/infoecos.com.ar\/wp-content\/uploads\/2021\/04\/vizzotti.jpg",1004,565,false],"covernews-slider-full":["https:\/\/infoecos.com.ar\/wp-content\/uploads\/2021\/04\/vizzotti.jpg",1004,565,false],"covernews-slider-center":["https:\/\/infoecos.com.ar\/wp-content\/uploads\/2021\/04\/vizzotti-936x565.jpg",800,483,true],"covernews-featured":["https:\/\/infoecos.com.ar\/wp-content\/uploads\/2021\/04\/vizzotti.jpg",1004,565,false],"covernews-medium":["https:\/\/infoecos.com.ar\/wp-content\/uploads\/2021\/04\/vizzotti-720x380.jpg",540,285,true],"covernews-medium-square":["https:\/\/infoecos.com.ar\/wp-content\/uploads\/2021\/04\/vizzotti-675x450.jpg",375,250,true]},"author_info":{"info":["Jorge Matheus"]},"category_info":"<a href=\"https:\/\/infoecos.com.ar\/index.php\/category\/c3nota4\/\" rel=\"category tag\">C3 N4<\/a>","tag_info":"C3 N4","comment_count":"0","_links":{"self":[{"href":"https:\/\/infoecos.com.ar\/index.php\/wp-json\/wp\/v2\/posts\/77263"}],"collection":[{"href":"https:\/\/infoecos.com.ar\/index.php\/wp-json\/wp\/v2\/posts"}],"about":[{"href":"https:\/\/infoecos.com.ar\/index.php\/wp-json\/wp\/v2\/types\/post"}],"author":[{"embeddable":true,"href":"https:\/\/infoecos.com.ar\/index.php\/wp-json\/wp\/v2\/users\/2"}],"replies":[{"embeddable":true,"href":"https:\/\/infoecos.com.ar\/index.php\/wp-json\/wp\/v2\/comments?post=77263"}],"version-history":[{"count":3,"href":"https:\/\/infoecos.com.ar\/index.php\/wp-json\/wp\/v2\/posts\/77263\/revisions"}],"predecessor-version":[{"id":77269,"href":"https:\/\/infoecos.com.ar\/index.php\/wp-json\/wp\/v2\/posts\/77263\/revisions\/77269"}],"wp:featuredmedia":[{"embeddable":true,"href":"https:\/\/infoecos.com.ar\/index.php\/wp-json\/wp\/v2\/media\/77265"}],"wp:attachment":[{"href":"https:\/\/infoecos.com.ar\/index.php\/wp-json\/wp\/v2\/media?parent=77263"}],"wp:term":[{"taxonomy":"category","embeddable":true,"href":"https:\/\/infoecos.com.ar\/index.php\/wp-json\/wp\/v2\/categories?post=77263"},{"taxonomy":"post_tag","embeddable":true,"href":"https:\/\/infoecos.com.ar\/index.php\/wp-json\/wp\/v2\/tags?post=77263"}],"curies":[{"name":"wp","href":"https:\/\/api.w.org\/{rel}","templated":true}]}}