{"id":77284,"date":"2021-04-07T01:02:29","date_gmt":"2021-04-07T04:02:29","guid":{"rendered":"http:\/\/infoecos.com.ar\/?p=77284"},"modified":"2021-04-07T01:03:12","modified_gmt":"2021-04-07T04:03:12","slug":"record-de-casos-de-covid-19-en-bahia-blanca","status":"publish","type":"post","link":"https:\/\/infoecos.com.ar\/index.php\/record-de-casos-de-covid-19-en-bahia-blanca\/","title":{"rendered":"R\u00e9cord de casos de COVID 19 en Bah\u00eda Blanca"},"content":{"rendered":"\n<p class=\"wp-block-paragraph\">&nbsp;El&nbsp;Municipio de Bah\u00eda Blanca inform\u00f3 que se registraron 222 nuevos casos de coronavirus y una muerte en esa ciudad. <\/p>\n\n\n\n<p class=\"wp-block-paragraph\">&nbsp;Adem\u00e1s, se\u00f1al\u00f3 que otras 96 personas terminaron de recuperarse de la enfermedad.<\/p>\n\n\n\n<p class=\"wp-block-paragraph\">La cifra de contagios es la m\u00e1s alta reportada desde el inicio de la pandemia.<\/p>\n\n\n\n<p class=\"wp-block-paragraph\">Hasta ayer, el d\u00eda con m\u00e1s casos en Bah\u00eda Blanca hab\u00eda sido el 7 de octubre del a\u00f1o pasado, con 183.<\/p>\n\n\n\n<p class=\"wp-block-paragraph\">Fuentes oficiales aclararon que, al venir de un fin de semana largo, parte de los laboratorios reci\u00e9n volvieron a trabajar este lunes y se juntaron los test.&nbsp;<\/p>\n\n\n\n<p class=\"wp-block-paragraph\"><a rel=\"noreferrer noopener\" href=\"https:\/\/www.lanueva.com\/nota\/2021-4-6-9-5-0-monte-hermoso-reporto-su-mayor-cantidad-de-contagios-en-toda-la-pandemia\" target=\"_blank\">Lo mismo ocurri\u00f3 en Monte Hermoso<\/a>, lugar en el que fueron reportados ayer 22 nuevos casos.<\/p>\n\n\n\n<p class=\"wp-block-paragraph\">En ese sentido, ascendi\u00f3 a 16.400 la cifra total de contagios en Bah\u00eda.<\/p>\n\n\n\n<p class=\"wp-block-paragraph\">De all\u00ed, 853 casos permanecen activos, 370 personas fallecieron y las restantes 15.177 ya se recuperaron.<\/p>\n\n\n\n<p class=\"wp-block-paragraph\">Finalmente, el promedio es de 80,7 casos en los \u00faltimos 14 d\u00edas y de 104 en la \u00faltima semana.<\/p>\n","protected":false},"excerpt":{"rendered":"<p>Hasta ayer, el d\u00eda con m\u00e1s casos en Bah\u00eda Blanca hab\u00eda sido el 7 de octubre del a\u00f1o pasado, con 183<\/p>\n","protected":false},"author":2,"featured_media":68476,"comment_status":"closed","ping_status":"open","sticky":false,"template":"","format":"standard","meta":{"footnotes":""},"categories":[24],"tags":[3528],"class_list":["post-77284","post","type-post","status-publish","format-standard","has-post-thumbnail","hentry","category-c1nota3","tag-desde-el-inicio-de-la-pandemia"],"featured_image_urls":{"full":["https:\/\/infoecos.com.ar\/wp-content\/uploads\/2020\/09\/bbmunici.png",500,300,false],"thumbnail":["https:\/\/infoecos.com.ar\/wp-content\/uploads\/2020\/09\/bbmunici-150x150.png",150,150,true],"medium":["https:\/\/infoecos.com.ar\/wp-content\/uploads\/2020\/09\/bbmunici-460x276.png",460,276,true],"medium_large":["https:\/\/infoecos.com.ar\/wp-content\/uploads\/2020\/09\/bbmunici.png",500,300,false],"large":["https:\/\/infoecos.com.ar\/wp-content\/uploads\/2020\/09\/bbmunici.png",500,300,false],"1536x1536":["https:\/\/infoecos.com.ar\/wp-content\/uploads\/2020\/09\/bbmunici.png",500,300,false],"2048x2048":["https:\/\/infoecos.com.ar\/wp-content\/uploads\/2020\/09\/bbmunici.png",500,300,false],"covernews-slider-full":["https:\/\/infoecos.com.ar\/wp-content\/uploads\/2020\/09\/bbmunici.png",500,300,false],"covernews-slider-center":["https:\/\/infoecos.com.ar\/wp-content\/uploads\/2020\/09\/bbmunici.png",500,300,false],"covernews-featured":["https:\/\/infoecos.com.ar\/wp-content\/uploads\/2020\/09\/bbmunici.png",500,300,false],"covernews-medium":["https:\/\/infoecos.com.ar\/wp-content\/uploads\/2020\/09\/bbmunici.png",500,300,false],"covernews-medium-square":["https:\/\/infoecos.com.ar\/wp-content\/uploads\/2020\/09\/bbmunici.png",400,240,false]},"author_info":{"info":["Jorge Matheus"]},"category_info":"<a href=\"https:\/\/infoecos.com.ar\/index.php\/category\/c1nota3\/\" rel=\"category tag\">C1 N3<\/a>","tag_info":"C1 N3","comment_count":"0","_links":{"self":[{"href":"https:\/\/infoecos.com.ar\/index.php\/wp-json\/wp\/v2\/posts\/77284","targetHints":{"allow":["GET"]}}],"collection":[{"href":"https:\/\/infoecos.com.ar\/index.php\/wp-json\/wp\/v2\/posts"}],"about":[{"href":"https:\/\/infoecos.com.ar\/index.php\/wp-json\/wp\/v2\/types\/post"}],"author":[{"embeddable":true,"href":"https:\/\/infoecos.com.ar\/index.php\/wp-json\/wp\/v2\/users\/2"}],"replies":[{"embeddable":true,"href":"https:\/\/infoecos.com.ar\/index.php\/wp-json\/wp\/v2\/comments?post=77284"}],"version-history":[{"count":2,"href":"https:\/\/infoecos.com.ar\/index.php\/wp-json\/wp\/v2\/posts\/77284\/revisions"}],"predecessor-version":[{"id":77286,"href":"https:\/\/infoecos.com.ar\/index.php\/wp-json\/wp\/v2\/posts\/77284\/revisions\/77286"}],"wp:featuredmedia":[{"embeddable":true,"href":"https:\/\/infoecos.com.ar\/index.php\/wp-json\/wp\/v2\/media\/68476"}],"wp:attachment":[{"href":"https:\/\/infoecos.com.ar\/index.php\/wp-json\/wp\/v2\/media?parent=77284"}],"wp:term":[{"taxonomy":"category","embeddable":true,"href":"https:\/\/infoecos.com.ar\/index.php\/wp-json\/wp\/v2\/categories?post=77284"},{"taxonomy":"post_tag","embeddable":true,"href":"https:\/\/infoecos.com.ar\/index.php\/wp-json\/wp\/v2\/tags?post=77284"}],"curies":[{"name":"wp","href":"https:\/\/api.w.org\/{rel}","templated":true}]}}