{"id":77287,"date":"2021-04-07T01:07:42","date_gmt":"2021-04-07T04:07:42","guid":{"rendered":"http:\/\/infoecos.com.ar\/?p=77287"},"modified":"2021-04-07T01:07:45","modified_gmt":"2021-04-07T04:07:45","slug":"el-intendente-de-juntos-por-el-cambio-en-adolfo-alsina-suma-a-su-equipo-a-a-una-ex-candidata-del-frente-de-todos","status":"publish","type":"post","link":"https:\/\/infoecos.com.ar\/index.php\/el-intendente-de-juntos-por-el-cambio-en-adolfo-alsina-suma-a-su-equipo-a-a-una-ex-candidata-del-frente-de-todos\/","title":{"rendered":"El intendente de Juntos por el Cambio en Adolfo Alsina suma a su equipo a a una ex candidata del Frente de Todos"},"content":{"rendered":"\n<p>La doctora&nbsp;<strong>Paula Cuco,&nbsp;<\/strong>ex candidata a senadora del Frente de Todos, es la nueva Asesora Letrada de la Municipalidad de Adolfo Alsina que conduce&nbsp;<strong>Javier Andres&nbsp;<\/strong>(JxC).<\/p>\n\n\n\n<p>La nueva asesora, reemplaza en el cargo al doctor<strong>&nbsp;Ferm\u00edn Volpe<\/strong>, quien se desempe\u00f1\u00f3 desde el inicio de la gesti\u00f3n de Javier Andres, 10 de diciembre de 2019, hasta el 14 de marzo de este a\u00f1o.<\/p>\n\n\n\n<div class=\"wp-block-image\"><figure class=\"aligncenter size-medium\"><img loading=\"lazy\" decoding=\"async\" width=\"460\" height=\"258\" src=\"http:\/\/infoecos.com.ar\/wp-content\/uploads\/2021\/04\/20210406175244_javier-andres-464x261-1-460x258.jpg\" alt=\"\" class=\"wp-image-77288\" srcset=\"https:\/\/infoecos.com.ar\/wp-content\/uploads\/2021\/04\/20210406175244_javier-andres-464x261-1-460x258.jpg 460w, https:\/\/infoecos.com.ar\/wp-content\/uploads\/2021\/04\/20210406175244_javier-andres-464x261-1-768x430.jpg 768w, https:\/\/infoecos.com.ar\/wp-content\/uploads\/2021\/04\/20210406175244_javier-andres-464x261-1.jpg 880w\" sizes=\"(max-width: 460px) 100vw, 460px\" \/><\/figure><\/div>\n\n\n\n<p>La confirmaci\u00f3n la realiz\u00f3 este mi\u00e9rcoles la abogada&nbsp;<strong>Delfina Uribe Echevarr\u00eda<\/strong>&nbsp;en la sesi\u00f3n ordinaria del Concejo Deliberante.<\/p>\n\n\n\n<p>\u201cMe gustar\u00eda decir unas palabras con respecto a lo que fue la funci\u00f3n del se\u00f1or Asesor Letrado, doctor Ferm\u00edn Volpe, quien ha desempe\u00f1ado funciones durante un a\u00f1o y tres meses, desde el inicio de la gesti\u00f3n el 10 de diciembre de 2019 hasta el d\u00eda 14 de marzo de este a\u00f1o\u201d, expres\u00f3 la concejal de Juntos por el Cambio Evoluci\u00f3n.<\/p>\n\n\n\n<p>\u201cMe gustar\u00eda agradecer la buena predisposici\u00f3n que tuvo para este Concejo, su actitud noble ante su trabajo y predispuesto siempre para aclarar y participar de cualquier interconsulta que le ha realizado este Concejo, dese\u00e1ndole lo mejor para lo que contin\u00fae\u201d, manifest\u00f3.<\/p>\n\n\n\n<p>\u201cTambi\u00e9n hacer p\u00fablico que el nuevo Asesor Letrado que tiene el Municipio es la doctora Paula Cuco, a quien tambi\u00e9n nos ofrecemos para estar a su disposici\u00f3n en todo lo que es el trabajo conjunto que tenemos y tan asiduo con el \u00e1rea de Asesor\u00eda Letrada, y le damos la bienvenida, pero me gustar\u00eda que quede claro que desde el d\u00eda 14 el doctor Ferm\u00edn Volpe ya no es m\u00e1s el Asesor Letrado del Municipio\u201d, agreg\u00f3&nbsp;Echevarr\u00eda.<\/p>\n","protected":false},"excerpt":{"rendered":"<p>La confirmaci\u00f3n la realiz\u00f3 este mi\u00e9rcoles la abogada Delfina Uribe Echevarr\u00eda en la sesi\u00f3n ordinaria del Concejo Deliberante<\/p>\n","protected":false},"author":2,"featured_media":77288,"comment_status":"closed","ping_status":"open","sticky":false,"template":"","format":"standard","meta":{"footnotes":""},"categories":[48],"tags":[3529],"class_list":["post-77287","post","type-post","status-publish","format-standard","has-post-thumbnail","hentry","category-c2nota3","tag-el-arte-de-lo-posible"],"yoast_head":"<!-- This site is optimized with the Yoast SEO plugin v23.4 - https:\/\/yoast.com\/wordpress\/plugins\/seo\/ -->\n<title>El intendente de Juntos por el Cambio en Adolfo Alsina suma a su equipo a a una ex candidata del Frente de Todos - Infoecos<\/title>\n<meta name=\"robots\" content=\"index, follow, max-snippet:-1, max-image-preview:large, max-video-preview:-1\" \/>\n<link rel=\"canonical\" href=\"https:\/\/infoecos.com.ar\/index.php\/el-intendente-de-juntos-por-el-cambio-en-adolfo-alsina-suma-a-su-equipo-a-a-una-ex-candidata-del-frente-de-todos\/\" \/>\n<meta property=\"og:locale\" content=\"es_ES\" \/>\n<meta property=\"og:type\" content=\"article\" \/>\n<meta property=\"og:title\" content=\"El intendente de Juntos por el Cambio en Adolfo Alsina suma a su equipo a a una ex candidata del Frente de Todos - Infoecos\" \/>\n<meta property=\"og:description\" content=\"La confirmaci\u00f3n la realiz\u00f3 este mi\u00e9rcoles la abogada Delfina Uribe Echevarr\u00eda en la sesi\u00f3n ordinaria del Concejo Deliberante\" \/>\n<meta property=\"og:url\" content=\"https:\/\/infoecos.com.ar\/index.php\/el-intendente-de-juntos-por-el-cambio-en-adolfo-alsina-suma-a-su-equipo-a-a-una-ex-candidata-del-frente-de-todos\/\" \/>\n<meta property=\"og:site_name\" content=\"Infoecos\" \/>\n<meta property=\"article:publisher\" content=\"https:\/\/www.facebook.com\/profile.php?id=100063200290284\" \/>\n<meta property=\"article:published_time\" content=\"2021-04-07T04:07:42+00:00\" \/>\n<meta property=\"article:modified_time\" content=\"2021-04-07T04:07:45+00:00\" \/>\n<meta property=\"og:image\" content=\"https:\/\/infoecos.com.ar\/wp-content\/uploads\/2021\/04\/20210406175244_javier-andres-464x261-1.jpg\" \/>\n\t<meta property=\"og:image:width\" content=\"880\" \/>\n\t<meta property=\"og:image:height\" content=\"493\" \/>\n\t<meta property=\"og:image:type\" content=\"image\/jpeg\" \/>\n<meta name=\"author\" content=\"Jorge Matheus\" \/>\n<meta name=\"twitter:card\" content=\"summary_large_image\" \/>\n<meta name=\"twitter:creator\" content=\"@infoecos\" \/>\n<meta name=\"twitter:site\" content=\"@infoecos\" \/>\n<meta name=\"twitter:label1\" content=\"Escrito por\" \/>\n\t<meta name=\"twitter:data1\" content=\"Jorge Matheus\" \/>\n\t<meta name=\"twitter:label2\" content=\"Tiempo de lectura\" \/>\n\t<meta name=\"twitter:data2\" content=\"1 minuto\" \/>\n<script type=\"application\/ld+json\" class=\"yoast-schema-graph\">{\"@context\":\"https:\/\/schema.org\",\"@graph\":[{\"@type\":\"Article\",\"@id\":\"https:\/\/infoecos.com.ar\/index.php\/el-intendente-de-juntos-por-el-cambio-en-adolfo-alsina-suma-a-su-equipo-a-a-una-ex-candidata-del-frente-de-todos\/#article\",\"isPartOf\":{\"@id\":\"https:\/\/infoecos.com.ar\/index.php\/el-intendente-de-juntos-por-el-cambio-en-adolfo-alsina-suma-a-su-equipo-a-a-una-ex-candidata-del-frente-de-todos\/\"},\"author\":{\"name\":\"Jorge Matheus\",\"@id\":\"https:\/\/infoecos.com.ar\/#\/schema\/person\/8f5ace5ce73b4b4aac4b7245aee6f191\"},\"headline\":\"El intendente de Juntos por el Cambio en Adolfo Alsina suma a su equipo a a una ex candidata del Frente de Todos\",\"datePublished\":\"2021-04-07T04:07:42+00:00\",\"dateModified\":\"2021-04-07T04:07:45+00:00\",\"mainEntityOfPage\":{\"@id\":\"https:\/\/infoecos.com.ar\/index.php\/el-intendente-de-juntos-por-el-cambio-en-adolfo-alsina-suma-a-su-equipo-a-a-una-ex-candidata-del-frente-de-todos\/\"},\"wordCount\":315,\"publisher\":{\"@id\":\"https:\/\/infoecos.com.ar\/#organization\"},\"image\":{\"@id\":\"https:\/\/infoecos.com.ar\/index.php\/el-intendente-de-juntos-por-el-cambio-en-adolfo-alsina-suma-a-su-equipo-a-a-una-ex-candidata-del-frente-de-todos\/#primaryimage\"},\"thumbnailUrl\":\"https:\/\/infoecos.com.ar\/wp-content\/uploads\/2021\/04\/20210406175244_javier-andres-464x261-1.jpg\",\"keywords\":[\"EL ARTE DE LO POSIBLE\"],\"articleSection\":[\"C2 N3\"],\"inLanguage\":\"es\"},{\"@type\":\"WebPage\",\"@id\":\"https:\/\/infoecos.com.ar\/index.php\/el-intendente-de-juntos-por-el-cambio-en-adolfo-alsina-suma-a-su-equipo-a-a-una-ex-candidata-del-frente-de-todos\/\",\"url\":\"https:\/\/infoecos.com.ar\/index.php\/el-intendente-de-juntos-por-el-cambio-en-adolfo-alsina-suma-a-su-equipo-a-a-una-ex-candidata-del-frente-de-todos\/\",\"name\":\"El intendente de Juntos por el Cambio en Adolfo Alsina suma a su equipo a a una ex candidata del Frente de Todos - Infoecos\",\"isPartOf\":{\"@id\":\"https:\/\/infoecos.com.ar\/#website\"},\"primaryImageOfPage\":{\"@id\":\"https:\/\/infoecos.com.ar\/index.php\/el-intendente-de-juntos-por-el-cambio-en-adolfo-alsina-suma-a-su-equipo-a-a-una-ex-candidata-del-frente-de-todos\/#primaryimage\"},\"image\":{\"@id\":\"https:\/\/infoecos.com.ar\/index.php\/el-intendente-de-juntos-por-el-cambio-en-adolfo-alsina-suma-a-su-equipo-a-a-una-ex-candidata-del-frente-de-todos\/#primaryimage\"},\"thumbnailUrl\":\"https:\/\/infoecos.com.ar\/wp-content\/uploads\/2021\/04\/20210406175244_javier-andres-464x261-1.jpg\",\"datePublished\":\"2021-04-07T04:07:42+00:00\",\"dateModified\":\"2021-04-07T04:07:45+00:00\",\"breadcrumb\":{\"@id\":\"https:\/\/infoecos.com.ar\/index.php\/el-intendente-de-juntos-por-el-cambio-en-adolfo-alsina-suma-a-su-equipo-a-a-una-ex-candidata-del-frente-de-todos\/#breadcrumb\"},\"inLanguage\":\"es\",\"potentialAction\":[{\"@type\":\"ReadAction\",\"target\":[\"https:\/\/infoecos.com.ar\/index.php\/el-intendente-de-juntos-por-el-cambio-en-adolfo-alsina-suma-a-su-equipo-a-a-una-ex-candidata-del-frente-de-todos\/\"]}]},{\"@type\":\"ImageObject\",\"inLanguage\":\"es\",\"@id\":\"https:\/\/infoecos.com.ar\/index.php\/el-intendente-de-juntos-por-el-cambio-en-adolfo-alsina-suma-a-su-equipo-a-a-una-ex-candidata-del-frente-de-todos\/#primaryimage\",\"url\":\"https:\/\/infoecos.com.ar\/wp-content\/uploads\/2021\/04\/20210406175244_javier-andres-464x261-1.jpg\",\"contentUrl\":\"https:\/\/infoecos.com.ar\/wp-content\/uploads\/2021\/04\/20210406175244_javier-andres-464x261-1.jpg\",\"width\":880,\"height\":493},{\"@type\":\"BreadcrumbList\",\"@id\":\"https:\/\/infoecos.com.ar\/index.php\/el-intendente-de-juntos-por-el-cambio-en-adolfo-alsina-suma-a-su-equipo-a-a-una-ex-candidata-del-frente-de-todos\/#breadcrumb\",\"itemListElement\":[{\"@type\":\"ListItem\",\"position\":1,\"name\":\"Portada\",\"item\":\"https:\/\/infoecos.com.ar\/\"},{\"@type\":\"ListItem\",\"position\":2,\"name\":\"El intendente de Juntos por el Cambio en Adolfo Alsina suma a su equipo a a una ex candidata del Frente de Todos\"}]},{\"@type\":\"WebSite\",\"@id\":\"https:\/\/infoecos.com.ar\/#website\",\"url\":\"https:\/\/infoecos.com.ar\/\",\"name\":\"Infoecos\",\"description\":\"Noticias de trenque lauquen y la zona\",\"publisher\":{\"@id\":\"https:\/\/infoecos.com.ar\/#organization\"},\"alternateName\":\"Noticias\",\"potentialAction\":[{\"@type\":\"SearchAction\",\"target\":{\"@type\":\"EntryPoint\",\"urlTemplate\":\"https:\/\/infoecos.com.ar\/?s={search_term_string}\"},\"query-input\":{\"@type\":\"PropertyValueSpecification\",\"valueRequired\":true,\"valueName\":\"search_term_string\"}}],\"inLanguage\":\"es\"},{\"@type\":\"Organization\",\"@id\":\"https:\/\/infoecos.com.ar\/#organization\",\"name\":\"Infoecos\",\"alternateName\":\"Noticias\",\"url\":\"https:\/\/infoecos.com.ar\/\",\"logo\":{\"@type\":\"ImageObject\",\"inLanguage\":\"es\",\"@id\":\"https:\/\/infoecos.com.ar\/#\/schema\/logo\/image\/\",\"url\":\"https:\/\/infoecos.com.ar\/wp-content\/uploads\/2024\/03\/cropped-logo.png\",\"contentUrl\":\"https:\/\/infoecos.com.ar\/wp-content\/uploads\/2024\/03\/cropped-logo.png\",\"width\":374,\"height\":90,\"caption\":\"Infoecos\"},\"image\":{\"@id\":\"https:\/\/infoecos.com.ar\/#\/schema\/logo\/image\/\"},\"sameAs\":[\"https:\/\/www.facebook.com\/profile.php?id=100063200290284\",\"https:\/\/x.com\/infoecos\"]},{\"@type\":\"Person\",\"@id\":\"https:\/\/infoecos.com.ar\/#\/schema\/person\/8f5ace5ce73b4b4aac4b7245aee6f191\",\"name\":\"Jorge Matheus\",\"url\":\"https:\/\/infoecos.com.ar\/index.php\/author\/jomatheus\/\"}]}<\/script>\n<!-- \/ Yoast SEO plugin. -->","yoast_head_json":{"title":"El intendente de Juntos por el Cambio en Adolfo Alsina suma a su equipo a a una ex candidata del Frente de Todos - Infoecos","robots":{"index":"index","follow":"follow","max-snippet":"max-snippet:-1","max-image-preview":"max-image-preview:large","max-video-preview":"max-video-preview:-1"},"canonical":"https:\/\/infoecos.com.ar\/index.php\/el-intendente-de-juntos-por-el-cambio-en-adolfo-alsina-suma-a-su-equipo-a-a-una-ex-candidata-del-frente-de-todos\/","og_locale":"es_ES","og_type":"article","og_title":"El intendente de Juntos por el Cambio en Adolfo Alsina suma a su equipo a a una ex candidata del Frente de Todos - Infoecos","og_description":"La confirmaci\u00f3n la realiz\u00f3 este mi\u00e9rcoles la abogada Delfina Uribe Echevarr\u00eda en la sesi\u00f3n ordinaria del Concejo Deliberante","og_url":"https:\/\/infoecos.com.ar\/index.php\/el-intendente-de-juntos-por-el-cambio-en-adolfo-alsina-suma-a-su-equipo-a-a-una-ex-candidata-del-frente-de-todos\/","og_site_name":"Infoecos","article_publisher":"https:\/\/www.facebook.com\/profile.php?id=100063200290284","article_published_time":"2021-04-07T04:07:42+00:00","article_modified_time":"2021-04-07T04:07:45+00:00","og_image":[{"width":880,"height":493,"url":"https:\/\/infoecos.com.ar\/wp-content\/uploads\/2021\/04\/20210406175244_javier-andres-464x261-1.jpg","type":"image\/jpeg"}],"author":"Jorge Matheus","twitter_card":"summary_large_image","twitter_creator":"@infoecos","twitter_site":"@infoecos","twitter_misc":{"Escrito por":"Jorge Matheus","Tiempo de lectura":"1 minuto"},"schema":{"@context":"https:\/\/schema.org","@graph":[{"@type":"Article","@id":"https:\/\/infoecos.com.ar\/index.php\/el-intendente-de-juntos-por-el-cambio-en-adolfo-alsina-suma-a-su-equipo-a-a-una-ex-candidata-del-frente-de-todos\/#article","isPartOf":{"@id":"https:\/\/infoecos.com.ar\/index.php\/el-intendente-de-juntos-por-el-cambio-en-adolfo-alsina-suma-a-su-equipo-a-a-una-ex-candidata-del-frente-de-todos\/"},"author":{"name":"Jorge Matheus","@id":"https:\/\/infoecos.com.ar\/#\/schema\/person\/8f5ace5ce73b4b4aac4b7245aee6f191"},"headline":"El intendente de Juntos por el Cambio en Adolfo Alsina suma a su equipo a a una ex candidata del Frente de Todos","datePublished":"2021-04-07T04:07:42+00:00","dateModified":"2021-04-07T04:07:45+00:00","mainEntityOfPage":{"@id":"https:\/\/infoecos.com.ar\/index.php\/el-intendente-de-juntos-por-el-cambio-en-adolfo-alsina-suma-a-su-equipo-a-a-una-ex-candidata-del-frente-de-todos\/"},"wordCount":315,"publisher":{"@id":"https:\/\/infoecos.com.ar\/#organization"},"image":{"@id":"https:\/\/infoecos.com.ar\/index.php\/el-intendente-de-juntos-por-el-cambio-en-adolfo-alsina-suma-a-su-equipo-a-a-una-ex-candidata-del-frente-de-todos\/#primaryimage"},"thumbnailUrl":"https:\/\/infoecos.com.ar\/wp-content\/uploads\/2021\/04\/20210406175244_javier-andres-464x261-1.jpg","keywords":["EL ARTE DE LO POSIBLE"],"articleSection":["C2 N3"],"inLanguage":"es"},{"@type":"WebPage","@id":"https:\/\/infoecos.com.ar\/index.php\/el-intendente-de-juntos-por-el-cambio-en-adolfo-alsina-suma-a-su-equipo-a-a-una-ex-candidata-del-frente-de-todos\/","url":"https:\/\/infoecos.com.ar\/index.php\/el-intendente-de-juntos-por-el-cambio-en-adolfo-alsina-suma-a-su-equipo-a-a-una-ex-candidata-del-frente-de-todos\/","name":"El intendente de Juntos por el Cambio en Adolfo Alsina suma a su equipo a a una ex candidata del Frente de Todos - Infoecos","isPartOf":{"@id":"https:\/\/infoecos.com.ar\/#website"},"primaryImageOfPage":{"@id":"https:\/\/infoecos.com.ar\/index.php\/el-intendente-de-juntos-por-el-cambio-en-adolfo-alsina-suma-a-su-equipo-a-a-una-ex-candidata-del-frente-de-todos\/#primaryimage"},"image":{"@id":"https:\/\/infoecos.com.ar\/index.php\/el-intendente-de-juntos-por-el-cambio-en-adolfo-alsina-suma-a-su-equipo-a-a-una-ex-candidata-del-frente-de-todos\/#primaryimage"},"thumbnailUrl":"https:\/\/infoecos.com.ar\/wp-content\/uploads\/2021\/04\/20210406175244_javier-andres-464x261-1.jpg","datePublished":"2021-04-07T04:07:42+00:00","dateModified":"2021-04-07T04:07:45+00:00","breadcrumb":{"@id":"https:\/\/infoecos.com.ar\/index.php\/el-intendente-de-juntos-por-el-cambio-en-adolfo-alsina-suma-a-su-equipo-a-a-una-ex-candidata-del-frente-de-todos\/#breadcrumb"},"inLanguage":"es","potentialAction":[{"@type":"ReadAction","target":["https:\/\/infoecos.com.ar\/index.php\/el-intendente-de-juntos-por-el-cambio-en-adolfo-alsina-suma-a-su-equipo-a-a-una-ex-candidata-del-frente-de-todos\/"]}]},{"@type":"ImageObject","inLanguage":"es","@id":"https:\/\/infoecos.com.ar\/index.php\/el-intendente-de-juntos-por-el-cambio-en-adolfo-alsina-suma-a-su-equipo-a-a-una-ex-candidata-del-frente-de-todos\/#primaryimage","url":"https:\/\/infoecos.com.ar\/wp-content\/uploads\/2021\/04\/20210406175244_javier-andres-464x261-1.jpg","contentUrl":"https:\/\/infoecos.com.ar\/wp-content\/uploads\/2021\/04\/20210406175244_javier-andres-464x261-1.jpg","width":880,"height":493},{"@type":"BreadcrumbList","@id":"https:\/\/infoecos.com.ar\/index.php\/el-intendente-de-juntos-por-el-cambio-en-adolfo-alsina-suma-a-su-equipo-a-a-una-ex-candidata-del-frente-de-todos\/#breadcrumb","itemListElement":[{"@type":"ListItem","position":1,"name":"Portada","item":"https:\/\/infoecos.com.ar\/"},{"@type":"ListItem","position":2,"name":"El intendente de Juntos por el Cambio en Adolfo Alsina suma a su equipo a a una ex candidata del Frente de Todos"}]},{"@type":"WebSite","@id":"https:\/\/infoecos.com.ar\/#website","url":"https:\/\/infoecos.com.ar\/","name":"Infoecos","description":"Noticias de trenque lauquen y la zona","publisher":{"@id":"https:\/\/infoecos.com.ar\/#organization"},"alternateName":"Noticias","potentialAction":[{"@type":"SearchAction","target":{"@type":"EntryPoint","urlTemplate":"https:\/\/infoecos.com.ar\/?s={search_term_string}"},"query-input":{"@type":"PropertyValueSpecification","valueRequired":true,"valueName":"search_term_string"}}],"inLanguage":"es"},{"@type":"Organization","@id":"https:\/\/infoecos.com.ar\/#organization","name":"Infoecos","alternateName":"Noticias","url":"https:\/\/infoecos.com.ar\/","logo":{"@type":"ImageObject","inLanguage":"es","@id":"https:\/\/infoecos.com.ar\/#\/schema\/logo\/image\/","url":"https:\/\/infoecos.com.ar\/wp-content\/uploads\/2024\/03\/cropped-logo.png","contentUrl":"https:\/\/infoecos.com.ar\/wp-content\/uploads\/2024\/03\/cropped-logo.png","width":374,"height":90,"caption":"Infoecos"},"image":{"@id":"https:\/\/infoecos.com.ar\/#\/schema\/logo\/image\/"},"sameAs":["https:\/\/www.facebook.com\/profile.php?id=100063200290284","https:\/\/x.com\/infoecos"]},{"@type":"Person","@id":"https:\/\/infoecos.com.ar\/#\/schema\/person\/8f5ace5ce73b4b4aac4b7245aee6f191","name":"Jorge Matheus","url":"https:\/\/infoecos.com.ar\/index.php\/author\/jomatheus\/"}]}},"featured_image_urls":{"full":["https:\/\/infoecos.com.ar\/wp-content\/uploads\/2021\/04\/20210406175244_javier-andres-464x261-1.jpg",880,493,false],"thumbnail":["https:\/\/infoecos.com.ar\/wp-content\/uploads\/2021\/04\/20210406175244_javier-andres-464x261-1-150x150.jpg",150,150,true],"medium":["https:\/\/infoecos.com.ar\/wp-content\/uploads\/2021\/04\/20210406175244_javier-andres-464x261-1-460x258.jpg",460,258,true],"medium_large":["https:\/\/infoecos.com.ar\/wp-content\/uploads\/2021\/04\/20210406175244_javier-andres-464x261-1-768x430.jpg",640,358,true],"large":["https:\/\/infoecos.com.ar\/wp-content\/uploads\/2021\/04\/20210406175244_javier-andres-464x261-1.jpg",640,359,false],"1536x1536":["https:\/\/infoecos.com.ar\/wp-content\/uploads\/2021\/04\/20210406175244_javier-andres-464x261-1.jpg",880,493,false],"2048x2048":["https:\/\/infoecos.com.ar\/wp-content\/uploads\/2021\/04\/20210406175244_javier-andres-464x261-1.jpg",880,493,false],"covernews-slider-full":["https:\/\/infoecos.com.ar\/wp-content\/uploads\/2021\/04\/20210406175244_javier-andres-464x261-1.jpg",880,493,false],"covernews-slider-center":["https:\/\/infoecos.com.ar\/wp-content\/uploads\/2021\/04\/20210406175244_javier-andres-464x261-1.jpg",800,448,false],"covernews-featured":["https:\/\/infoecos.com.ar\/wp-content\/uploads\/2021\/04\/20210406175244_javier-andres-464x261-1.jpg",880,493,false],"covernews-medium":["https:\/\/infoecos.com.ar\/wp-content\/uploads\/2021\/04\/20210406175244_javier-andres-464x261-1-720x380.jpg",540,285,true],"covernews-medium-square":["https:\/\/infoecos.com.ar\/wp-content\/uploads\/2021\/04\/20210406175244_javier-andres-464x261-1-675x450.jpg",375,250,true]},"author_info":{"info":["Jorge Matheus"]},"category_info":"<a href=\"https:\/\/infoecos.com.ar\/index.php\/category\/c2nota3\/\" rel=\"category tag\">C2 N3<\/a>","tag_info":"C2 N3","comment_count":"0","_links":{"self":[{"href":"https:\/\/infoecos.com.ar\/index.php\/wp-json\/wp\/v2\/posts\/77287"}],"collection":[{"href":"https:\/\/infoecos.com.ar\/index.php\/wp-json\/wp\/v2\/posts"}],"about":[{"href":"https:\/\/infoecos.com.ar\/index.php\/wp-json\/wp\/v2\/types\/post"}],"author":[{"embeddable":true,"href":"https:\/\/infoecos.com.ar\/index.php\/wp-json\/wp\/v2\/users\/2"}],"replies":[{"embeddable":true,"href":"https:\/\/infoecos.com.ar\/index.php\/wp-json\/wp\/v2\/comments?post=77287"}],"version-history":[{"count":1,"href":"https:\/\/infoecos.com.ar\/index.php\/wp-json\/wp\/v2\/posts\/77287\/revisions"}],"predecessor-version":[{"id":77289,"href":"https:\/\/infoecos.com.ar\/index.php\/wp-json\/wp\/v2\/posts\/77287\/revisions\/77289"}],"wp:featuredmedia":[{"embeddable":true,"href":"https:\/\/infoecos.com.ar\/index.php\/wp-json\/wp\/v2\/media\/77288"}],"wp:attachment":[{"href":"https:\/\/infoecos.com.ar\/index.php\/wp-json\/wp\/v2\/media?parent=77287"}],"wp:term":[{"taxonomy":"category","embeddable":true,"href":"https:\/\/infoecos.com.ar\/index.php\/wp-json\/wp\/v2\/categories?post=77287"},{"taxonomy":"post_tag","embeddable":true,"href":"https:\/\/infoecos.com.ar\/index.php\/wp-json\/wp\/v2\/tags?post=77287"}],"curies":[{"name":"wp","href":"https:\/\/api.w.org\/{rel}","templated":true}]}}