{"id":77291,"date":"2021-04-07T20:13:03","date_gmt":"2021-04-07T23:13:03","guid":{"rendered":"http:\/\/infoecos.com.ar\/?p=77291"},"modified":"2021-04-07T20:16:33","modified_gmt":"2021-04-07T23:16:33","slug":"el-presidente-de-la-nacion-anuncio-las-nuevas-medidas-para-combatir-la-segunda-ola-de-coronavirus","status":"publish","type":"post","link":"https:\/\/infoecos.com.ar\/index.php\/el-presidente-de-la-nacion-anuncio-las-nuevas-medidas-para-combatir-la-segunda-ola-de-coronavirus\/","title":{"rendered":"El presidente de la Naci\u00f3n anunci\u00f3 las nuevas medidas para combatir la segunda ola de coronavirus"},"content":{"rendered":"\n<p class=\"wp-block-paragraph\">El presidente Alberto Fern\u00e1ndez anunci\u00f3 que quedan suspendidos los \u00abviajes grupales\u00bb y que en las zonas de mayor riesgo epidemiol\u00f3gico se restringir\u00e1 la circulaci\u00f3n nocturna desde las 0 hasta las 6, al anunciar nuevas medidas para contener la segunda ola de contagios de coronavirus.<\/p>\n\n\n\n<p class=\"wp-block-paragraph\">\u00abLas pr\u00f3ximas tres semanas son clave\u201d para bajar la velocidad de los contagios de coronavirus, dijo el jefe de Estado en un mensaje televisado.<\/p>\n\n\n\n<div class=\"wp-block-image\"><figure class=\"aligncenter size-medium\"><img loading=\"lazy\" decoding=\"async\" width=\"460\" height=\"259\" src=\"http:\/\/infoecos.com.ar\/wp-content\/uploads\/2021\/04\/fernandeznuevasmedidas-460x259.jpg\" alt=\"\" class=\"wp-image-77293\" srcset=\"https:\/\/infoecos.com.ar\/wp-content\/uploads\/2021\/04\/fernandeznuevasmedidas-460x259.jpg 460w, https:\/\/infoecos.com.ar\/wp-content\/uploads\/2021\/04\/fernandeznuevasmedidas-920x518.jpg 920w, https:\/\/infoecos.com.ar\/wp-content\/uploads\/2021\/04\/fernandeznuevasmedidas-768x432.jpg 768w, https:\/\/infoecos.com.ar\/wp-content\/uploads\/2021\/04\/fernandeznuevasmedidas.jpg 1004w\" sizes=\"auto, (max-width: 460px) 100vw, 460px\" \/><\/figure><\/div>\n\n\n\n<p class=\"wp-block-paragraph\">El Presidente tambi\u00e9n afirm\u00f3 que se vedar\u00e1n las reuniones en casas particulares y al aire libre para m\u00e1s de 20 personas, los bingos y discotecas permanecer\u00e1n cerrados y los bares y restaurantes deber\u00e1n cesar su actividad a las 23.<\/p>\n\n\n\n<p class=\"wp-block-paragraph\">Tampoco se podr\u00e1n realizar actividades deportivas en lugares cerrados y en el AMBA la utilizaci\u00f3n del transporte p\u00fablico estar\u00e1 reservado a los trabajadores esenciales y a la comunidad educativa.<\/p>\n\n\n\n<p class=\"wp-block-paragraph\"><strong>Las medidas entrar\u00e1n en vigor en el primer minuto del viernes 9 de abril , hasta el pr\u00f3ximo 30 de abril.<\/strong><\/p>\n\n\n\n<div class=\"wp-block-image\"><figure class=\"aligncenter size-medium\"><img loading=\"lazy\" decoding=\"async\" width=\"214\" height=\"460\" src=\"http:\/\/infoecos.com.ar\/wp-content\/uploads\/2021\/04\/zonasderiesgo-214x460.png\" alt=\"\" class=\"wp-image-77292\" srcset=\"https:\/\/infoecos.com.ar\/wp-content\/uploads\/2021\/04\/zonasderiesgo-214x460.png 214w, https:\/\/infoecos.com.ar\/wp-content\/uploads\/2021\/04\/zonasderiesgo-427x920.png 427w, https:\/\/infoecos.com.ar\/wp-content\/uploads\/2021\/04\/zonasderiesgo-768x1655.png 768w, https:\/\/infoecos.com.ar\/wp-content\/uploads\/2021\/04\/zonasderiesgo-713x1536.png 713w, https:\/\/infoecos.com.ar\/wp-content\/uploads\/2021\/04\/zonasderiesgo.png 849w\" sizes=\"auto, (max-width: 214px) 100vw, 214px\" \/><\/figure><\/div>\n\n\n\n<p class=\"wp-block-paragraph\">\u201cNo me gusta que se haga pol\u00edtica con la pandemia. Lo cierto es que el relajamiento social continu\u00f3 en los \u00faltimos d\u00edas y el virus est\u00e1 volviendo con vigor. Argentina entr\u00f3 en la segunda ola de contagios\u201d, asegur\u00f3 el jefe de Estado en uno de los pasajes de su alocuci\u00f3n.<\/p>\n\n\n\n<p class=\"wp-block-paragraph\">En ese sentido, Fern\u00e1ndez apunt\u00f3 que los casos aumentaron el 26 por ciento en el pa\u00eds y el 53 por ciento en el AMBA, desde donde el coronavirus \u201cse irradia\u201d al resto del territorio nacional.<\/p>\n\n\n\n<p class=\"wp-block-paragraph\">Fern\u00e1ndez asegur\u00f3 que las nuevas medidas tendr\u00e1n en cuenta la productividad y la presencia en las escuelas, y explic\u00f3 que \u201cse reforzaran\u201d los controles en el transporte para asegurar el traslado de trabajadores esenciales.<\/p>\n\n\n\n<p class=\"wp-block-paragraph\">&#8211; Se suspenden para todo el pa\u00eds los viajes grupales de Egresados y Egresadas, de Estudio y de Grupos Tur\u00edsticos.<\/p>\n\n\n\n<p class=\"wp-block-paragraph\">&#8211; En las zonas del pa\u00eds consideradas de mediano riesgo epidemiol\u00f3gico y sanitario es facultad y responsabilidad de gobernadores y gobernadoras adoptar en forma temprana medidas que disminuyan la circulaci\u00f3n para prevenir los contagios. Ello es as\u00ed, pues es del resorte exclusivo de las provincias el monitorear y hacer cumplir cualquier medida restrictiva de la circulaci\u00f3n.<\/p>\n\n\n\n<p class=\"wp-block-paragraph\">&#8211; En las zonas del pa\u00eds donde hay mayor riesgo epidemiol\u00f3gico y sanitario, se tomar\u00e1n adem\u00e1s las siguientes medidas.<\/p>\n\n\n\n<p class=\"wp-block-paragraph\">a. Se suspenden actividades sociales en domicilios particulares.<\/p>\n\n\n\n<p class=\"wp-block-paragraph\">b. Se suspenden reuniones sociales en espacios p\u00fablicos al aire libre de m\u00e1s de 20 personas.<\/p>\n\n\n\n<p class=\"wp-block-paragraph\">c. Se suspenden actividades de Casino, Bingo, Discotecas o cualquier sal\u00f3n de fiestas.<\/p>\n\n\n\n<p class=\"wp-block-paragraph\">d. Se suspende la pr\u00e1ctica recreativa de cualquier deporte en lugares cerrados donde participen m\u00e1s de 10 personas.<\/p>\n\n\n\n<p class=\"wp-block-paragraph\">e. Se establece el cierre de los bares y restaurantes a partir de las 23hs.<\/p>\n\n\n\n<p class=\"wp-block-paragraph\">f. Se proh\u00edbe la circulaci\u00f3n entre las 00.00 y las 06.00 de la ma\u00f1ana de cada d\u00eda. Seg\u00fan las jurisdicciones, las autoridades podr\u00e1n solo ampliar estos horarios en funci\u00f3n de las especificidades de cada lugar.<\/p>\n\n\n\n<p class=\"wp-block-paragraph\">&#8211; Espec\u00edficamente, en el AMBA s\u00f3lo podr\u00e1n usar el transporte p\u00fablico de pasajeros trabajadores considerados esenciales, toda la comunidad educativa y aquellos que ya fueron expresamente autorizados.<\/p>\n\n\n\n<p class=\"wp-block-paragraph\">&#8211; Estas medidas de cuidado estar\u00e1n vigentes desde las 0 horas de este viernes 9 de abril hasta el 30 de abril. El Gobierno Nacional evaluar\u00e1 cuidadosamente la correcta implementaci\u00f3n de las medidas.<\/p>\n","protected":false},"excerpt":{"rendered":"<p>Fern\u00e1ndez apunt\u00f3 que los casos aumentaron el 26 por ciento en el pa\u00eds y el 53 por ciento en el AMBA, desde donde el coronavirus \u201cse irradia\u201d al resto del territorio nacional<\/p>\n","protected":false},"author":2,"featured_media":77293,"comment_status":"closed","ping_status":"open","sticky":false,"template":"","format":"standard","meta":{"footnotes":""},"categories":[1612],"tags":[3531],"class_list":["post-77291","post","type-post","status-publish","format-standard","has-post-thumbnail","hentry","category-noticia-principal","tag-a-partir-del-9-de-abril"],"featured_image_urls":{"full":["https:\/\/infoecos.com.ar\/wp-content\/uploads\/2021\/04\/fernandeznuevasmedidas.jpg",1004,565,false],"thumbnail":["https:\/\/infoecos.com.ar\/wp-content\/uploads\/2021\/04\/fernandeznuevasmedidas-150x150.jpg",150,150,true],"medium":["https:\/\/infoecos.com.ar\/wp-content\/uploads\/2021\/04\/fernandeznuevasmedidas-460x259.jpg",460,259,true],"medium_large":["https:\/\/infoecos.com.ar\/wp-content\/uploads\/2021\/04\/fernandeznuevasmedidas-768x432.jpg",640,360,true],"large":["https:\/\/infoecos.com.ar\/wp-content\/uploads\/2021\/04\/fernandeznuevasmedidas-920x518.jpg",640,360,true],"1536x1536":["https:\/\/infoecos.com.ar\/wp-content\/uploads\/2021\/04\/fernandeznuevasmedidas.jpg",1004,565,false],"2048x2048":["https:\/\/infoecos.com.ar\/wp-content\/uploads\/2021\/04\/fernandeznuevasmedidas.jpg",1004,565,false],"covernews-slider-full":["https:\/\/infoecos.com.ar\/wp-content\/uploads\/2021\/04\/fernandeznuevasmedidas.jpg",1004,565,false],"covernews-slider-center":["https:\/\/infoecos.com.ar\/wp-content\/uploads\/2021\/04\/fernandeznuevasmedidas-936x565.jpg",800,483,true],"covernews-featured":["https:\/\/infoecos.com.ar\/wp-content\/uploads\/2021\/04\/fernandeznuevasmedidas.jpg",1004,565,false],"covernews-medium":["https:\/\/infoecos.com.ar\/wp-content\/uploads\/2021\/04\/fernandeznuevasmedidas-720x380.jpg",540,285,true],"covernews-medium-square":["https:\/\/infoecos.com.ar\/wp-content\/uploads\/2021\/04\/fernandeznuevasmedidas-675x450.jpg",375,250,true]},"author_info":{"info":["Jorge Matheus"]},"category_info":"<a href=\"https:\/\/infoecos.com.ar\/index.php\/category\/noticia-principal\/\" rel=\"category tag\">Noticia Principal<\/a>","tag_info":"Noticia Principal","comment_count":"0","_links":{"self":[{"href":"https:\/\/infoecos.com.ar\/index.php\/wp-json\/wp\/v2\/posts\/77291","targetHints":{"allow":["GET"]}}],"collection":[{"href":"https:\/\/infoecos.com.ar\/index.php\/wp-json\/wp\/v2\/posts"}],"about":[{"href":"https:\/\/infoecos.com.ar\/index.php\/wp-json\/wp\/v2\/types\/post"}],"author":[{"embeddable":true,"href":"https:\/\/infoecos.com.ar\/index.php\/wp-json\/wp\/v2\/users\/2"}],"replies":[{"embeddable":true,"href":"https:\/\/infoecos.com.ar\/index.php\/wp-json\/wp\/v2\/comments?post=77291"}],"version-history":[{"count":1,"href":"https:\/\/infoecos.com.ar\/index.php\/wp-json\/wp\/v2\/posts\/77291\/revisions"}],"predecessor-version":[{"id":77294,"href":"https:\/\/infoecos.com.ar\/index.php\/wp-json\/wp\/v2\/posts\/77291\/revisions\/77294"}],"wp:featuredmedia":[{"embeddable":true,"href":"https:\/\/infoecos.com.ar\/index.php\/wp-json\/wp\/v2\/media\/77293"}],"wp:attachment":[{"href":"https:\/\/infoecos.com.ar\/index.php\/wp-json\/wp\/v2\/media?parent=77291"}],"wp:term":[{"taxonomy":"category","embeddable":true,"href":"https:\/\/infoecos.com.ar\/index.php\/wp-json\/wp\/v2\/categories?post=77291"},{"taxonomy":"post_tag","embeddable":true,"href":"https:\/\/infoecos.com.ar\/index.php\/wp-json\/wp\/v2\/tags?post=77291"}],"curies":[{"name":"wp","href":"https:\/\/api.w.org\/{rel}","templated":true}]}}