{"id":77304,"date":"2021-04-07T20:50:38","date_gmt":"2021-04-07T23:50:38","guid":{"rendered":"http:\/\/infoecos.com.ar\/?p=77304"},"modified":"2021-04-07T20:50:43","modified_gmt":"2021-04-07T23:50:43","slug":"siguio-aumentando-el-numero-de-casos-activos-en-el-distrito-de-trenque-lauquen","status":"publish","type":"post","link":"https:\/\/infoecos.com.ar\/index.php\/siguio-aumentando-el-numero-de-casos-activos-en-el-distrito-de-trenque-lauquen\/","title":{"rendered":"Sigui\u00f3 aumentando el n\u00famero de casos activos en el distrito de Trenque Lauquen"},"content":{"rendered":"\n<p class=\"wp-block-paragraph\">Otro aumento importante de casos activos de Covid-19 se registr\u00f3 este mi\u00e9rcoles, llegando el n\u00famero a 519 en todo el distrito, como consecuencia de haberse confirmado 95 nuevos casos y de recuperarse otras 12 personas, de acuerdo al reporte brindado por la subsecretar\u00eda de Salud municipal, que adem\u00e1s inform\u00f3 87 casos descartados, 136 sospechosos y 714 personas en aislamiento.<\/p>\n\n\n\n<div class=\"wp-block-image\"><figure class=\"aligncenter size-medium\"><img loading=\"lazy\" decoding=\"async\" width=\"460\" height=\"423\" src=\"http:\/\/infoecos.com.ar\/wp-content\/uploads\/2021\/04\/REPORTEMIERCOLES-460x423.jpg\" alt=\"\" class=\"wp-image-77305\" srcset=\"https:\/\/infoecos.com.ar\/wp-content\/uploads\/2021\/04\/REPORTEMIERCOLES-460x423.jpg 460w, https:\/\/infoecos.com.ar\/wp-content\/uploads\/2021\/04\/REPORTEMIERCOLES-768x706.jpg 768w, https:\/\/infoecos.com.ar\/wp-content\/uploads\/2021\/04\/REPORTEMIERCOLES.jpg 800w\" sizes=\"auto, (max-width: 460px) 100vw, 460px\" \/><\/figure><\/div>\n\n\n\n<p class=\"wp-block-paragraph\">A los 95 casos activos de la fecha, hay que agregarle otro caso confirmado que fue cargado en el sistema el martes por la tarde, despu\u00e9s de haberse dado a conocer el informe diario diario.<\/p>\n\n\n\n<p class=\"wp-block-paragraph\">De los 95 nuevos casos positivos, 59 se detectaron por hisopado y 36 por criterio o nexo epidemiol\u00f3gico seg\u00fan protocolo actualizado vigente, y 71 corresponden a Trenque Lauquen y 25 a Treinta de Agosto.<\/p>\n\n\n\n<p class=\"wp-block-paragraph\">Entre los 519 casos activos, 429 son de la ciudad cabecera y 90 de Treinta de Agosto: 12 se encuentran en el Hospital Municipal, seis (6) en el Centro Extrahospitalario que funciona en el ex hotel Pailla Hu\u00e9 y 501 en sus domicilios particulares.<\/p>\n\n\n\n<p class=\"wp-block-paragraph\">Con las 12 personas recuperadas en las \u00faltimas 24 horas -todas de Trenque Lauquen- ya suman 2.460 las que recibieron el alta desde marzo del a\u00f1o pasado, cuando comenz\u00f3 la pandemia, a la fecha, mientras que en el mismo lapso se descartaron 6.219 casos, incluidos los 87 de hoy, 72 de Trenque Lauquen, 13 de Treinta de Agosto y dos (2) de Beruti.<\/p>\n\n\n\n<p class=\"wp-block-paragraph\">Hay 136 casos sospechosos, 124 de Trenque Lauquen, nueve (9) de Treinta de Agosto y tres (3) de Beruti, -135 est\u00e1n en sus domicilios y uno (1) en el Hospital Municipal- y 714 personas en aislamiento, 644 en la ciudad cabecera y 70 en Treinta de Agosto.<\/p>\n","protected":false},"excerpt":{"rendered":"<p>Entre los 519 casos activos, 429 son de la ciudad cabecera y 90 de Treinta de Agosto: 12 se encuentran en el Hospital Municipal, seis (6) en el Centro Extrahospitalario que funciona en el ex hotel Pailla Hu\u00e9 y 501 en sus domicilios particulares<\/p>\n","protected":false},"author":2,"featured_media":60374,"comment_status":"closed","ping_status":"open","sticky":false,"template":"","format":"standard","meta":{"footnotes":""},"categories":[28],"tags":[3533],"class_list":["post-77304","post","type-post","status-publish","format-standard","has-post-thumbnail","hentry","category-c1nota1","tag-se-reportaron-519-este-miercoles"],"featured_image_urls":{"full":["https:\/\/infoecos.com.ar\/wp-content\/uploads\/tl45guardiahospital-2.jpg",912,608,false],"thumbnail":["https:\/\/infoecos.com.ar\/wp-content\/uploads\/tl45guardiahospital-2-150x150.jpg",150,150,true],"medium":["https:\/\/infoecos.com.ar\/wp-content\/uploads\/tl45guardiahospital-2-460x307.jpg",460,307,true],"medium_large":["https:\/\/infoecos.com.ar\/wp-content\/uploads\/tl45guardiahospital-2-768x512.jpg",640,427,true],"large":["https:\/\/infoecos.com.ar\/wp-content\/uploads\/tl45guardiahospital-2.jpg",640,427,false],"1536x1536":["https:\/\/infoecos.com.ar\/wp-content\/uploads\/tl45guardiahospital-2.jpg",912,608,false],"2048x2048":["https:\/\/infoecos.com.ar\/wp-content\/uploads\/tl45guardiahospital-2.jpg",912,608,false],"covernews-slider-full":["https:\/\/infoecos.com.ar\/wp-content\/uploads\/tl45guardiahospital-2.jpg",912,608,false],"covernews-slider-center":["https:\/\/infoecos.com.ar\/wp-content\/uploads\/tl45guardiahospital-2.jpg",750,500,false],"covernews-featured":["https:\/\/infoecos.com.ar\/wp-content\/uploads\/tl45guardiahospital-2.jpg",912,608,false],"covernews-medium":["https:\/\/infoecos.com.ar\/wp-content\/uploads\/tl45guardiahospital-2-720x380.jpg",540,285,true],"covernews-medium-square":["https:\/\/infoecos.com.ar\/wp-content\/uploads\/tl45guardiahospital-2-675x450.jpg",375,250,true]},"author_info":{"info":["Jorge Matheus"]},"category_info":"<a href=\"https:\/\/infoecos.com.ar\/index.php\/category\/c1nota1\/\" rel=\"category tag\">C1 N1<\/a>","tag_info":"C1 N1","comment_count":"0","_links":{"self":[{"href":"https:\/\/infoecos.com.ar\/index.php\/wp-json\/wp\/v2\/posts\/77304","targetHints":{"allow":["GET"]}}],"collection":[{"href":"https:\/\/infoecos.com.ar\/index.php\/wp-json\/wp\/v2\/posts"}],"about":[{"href":"https:\/\/infoecos.com.ar\/index.php\/wp-json\/wp\/v2\/types\/post"}],"author":[{"embeddable":true,"href":"https:\/\/infoecos.com.ar\/index.php\/wp-json\/wp\/v2\/users\/2"}],"replies":[{"embeddable":true,"href":"https:\/\/infoecos.com.ar\/index.php\/wp-json\/wp\/v2\/comments?post=77304"}],"version-history":[{"count":1,"href":"https:\/\/infoecos.com.ar\/index.php\/wp-json\/wp\/v2\/posts\/77304\/revisions"}],"predecessor-version":[{"id":77306,"href":"https:\/\/infoecos.com.ar\/index.php\/wp-json\/wp\/v2\/posts\/77304\/revisions\/77306"}],"wp:featuredmedia":[{"embeddable":true,"href":"https:\/\/infoecos.com.ar\/index.php\/wp-json\/wp\/v2\/media\/60374"}],"wp:attachment":[{"href":"https:\/\/infoecos.com.ar\/index.php\/wp-json\/wp\/v2\/media?parent=77304"}],"wp:term":[{"taxonomy":"category","embeddable":true,"href":"https:\/\/infoecos.com.ar\/index.php\/wp-json\/wp\/v2\/categories?post=77304"},{"taxonomy":"post_tag","embeddable":true,"href":"https:\/\/infoecos.com.ar\/index.php\/wp-json\/wp\/v2\/tags?post=77304"}],"curies":[{"name":"wp","href":"https:\/\/api.w.org\/{rel}","templated":true}]}}