{"id":77325,"date":"2021-04-13T15:34:41","date_gmt":"2021-04-13T18:34:41","guid":{"rendered":"http:\/\/infoecos.com.ar\/?p=77325"},"modified":"2021-04-13T15:40:38","modified_gmt":"2021-04-13T18:40:38","slug":"se-reparara-la-cubierta-la-escuela-de-educacion-secundaria-numero-1-de-trenque-lauquen","status":"publish","type":"post","link":"https:\/\/infoecos.com.ar\/index.php\/se-reparara-la-cubierta-la-escuela-de-educacion-secundaria-numero-1-de-trenque-lauquen\/","title":{"rendered":"Se reparar\u00e1 la cubierta de la Escuela Secundaria n\u00famero 1 de Trenque Lauquen"},"content":{"rendered":"\n<p class=\"wp-block-paragraph\">Se reparar\u00e1 la cubierta de la Escuela de Educaci\u00f3n Secundaria n\u00famero 1 de Trenque Lauquen. El municipio hizo saber que se adjudic\u00f3 la contrataci\u00f3n de la mano de obra en el marco de la Licitaci\u00f3n Privada n\u00famero 15\/2021.<\/p>\n\n\n\n<p class=\"wp-block-paragraph\">El monto de la inversi\u00f3n es de 3.201.902 pesos y estar\u00e1 a cargo de la empresa Miguel Angel Cortese.<\/p>\n\n\n\n<div class=\"wp-block-image\"><figure class=\"aligncenter size-large\"><img loading=\"lazy\" decoding=\"async\" width=\"512\" height=\"384\" src=\"http:\/\/infoecos.com.ar\/wp-content\/uploads\/2021\/04\/escuelatectl.jpg\" alt=\"\" class=\"wp-image-77326\" srcset=\"https:\/\/infoecos.com.ar\/wp-content\/uploads\/2021\/04\/escuelatectl.jpg 512w, https:\/\/infoecos.com.ar\/wp-content\/uploads\/2021\/04\/escuelatectl-460x345.jpg 460w\" sizes=\"auto, (max-width: 512px) 100vw, 512px\" \/><\/figure><\/div>\n\n\n\n<p class=\"wp-block-paragraph\">La apertura de sobres se realiz\u00f3 el martes 30 de Marzo y tambi\u00e9n participaron de la licitaci\u00f3n <\/p>\n\n\n\n<p class=\"wp-block-paragraph\">El oferente Miguel Angel Cortese se adjudic\u00f3 la contrataci\u00f3n de la mano de obra de la reparaci\u00f3n de la cubierta de la Escuela de Educaci\u00f3n Secundaria T\u00e9cnica n\u00ba1 \/escuela y pasillo taller), de la ciudad de Trenque Lauquen, en el marco de la Licitaci\u00f3n Privada n\u00ba15\/2021 convocada por la municipalidad de Trenque Lauquen. El monto de la inversi\u00f3n es de 3.201.902 pesos.<\/p>\n\n\n\n<p class=\"wp-block-paragraph\">Tambi\u00e9n participaron de la licitaci\u00f3n A:G:M Constructora del Oeste S.A., Daniel Omar Eloy y Guillermo Zabala.<\/p>\n","protected":false},"excerpt":{"rendered":"<p>El monto de la inversi\u00f3n es de 3.201.902 pesos y estar\u00e1 a cargo de la empresa Miguel Angel Cortese<\/p>\n","protected":false},"author":2,"featured_media":77326,"comment_status":"closed","ping_status":"open","sticky":false,"template":"","format":"standard","meta":{"footnotes":""},"categories":[28],"tags":[3537],"class_list":["post-77325","post","type-post","status-publish","format-standard","has-post-thumbnail","hentry","category-c1nota1","tag-obra-en-escuela-secundaria"],"featured_image_urls":{"full":["https:\/\/infoecos.com.ar\/wp-content\/uploads\/2021\/04\/escuelatectl.jpg",512,384,false],"thumbnail":["https:\/\/infoecos.com.ar\/wp-content\/uploads\/2021\/04\/escuelatectl-150x150.jpg",150,150,true],"medium":["https:\/\/infoecos.com.ar\/wp-content\/uploads\/2021\/04\/escuelatectl-460x345.jpg",460,345,true],"medium_large":["https:\/\/infoecos.com.ar\/wp-content\/uploads\/2021\/04\/escuelatectl.jpg",512,384,false],"large":["https:\/\/infoecos.com.ar\/wp-content\/uploads\/2021\/04\/escuelatectl.jpg",512,384,false],"1536x1536":["https:\/\/infoecos.com.ar\/wp-content\/uploads\/2021\/04\/escuelatectl.jpg",512,384,false],"2048x2048":["https:\/\/infoecos.com.ar\/wp-content\/uploads\/2021\/04\/escuelatectl.jpg",512,384,false],"covernews-slider-full":["https:\/\/infoecos.com.ar\/wp-content\/uploads\/2021\/04\/escuelatectl.jpg",512,384,false],"covernews-slider-center":["https:\/\/infoecos.com.ar\/wp-content\/uploads\/2021\/04\/escuelatectl.jpg",512,384,false],"covernews-featured":["https:\/\/infoecos.com.ar\/wp-content\/uploads\/2021\/04\/escuelatectl.jpg",512,384,false],"covernews-medium":["https:\/\/infoecos.com.ar\/wp-content\/uploads\/2021\/04\/escuelatectl-512x380.jpg",458,340,true],"covernews-medium-square":["https:\/\/infoecos.com.ar\/wp-content\/uploads\/2021\/04\/escuelatectl.jpg",333,250,false]},"author_info":{"info":["Jorge Matheus"]},"category_info":"<a href=\"https:\/\/infoecos.com.ar\/index.php\/category\/c1nota1\/\" rel=\"category tag\">C1 N1<\/a>","tag_info":"C1 N1","comment_count":"0","_links":{"self":[{"href":"https:\/\/infoecos.com.ar\/index.php\/wp-json\/wp\/v2\/posts\/77325","targetHints":{"allow":["GET"]}}],"collection":[{"href":"https:\/\/infoecos.com.ar\/index.php\/wp-json\/wp\/v2\/posts"}],"about":[{"href":"https:\/\/infoecos.com.ar\/index.php\/wp-json\/wp\/v2\/types\/post"}],"author":[{"embeddable":true,"href":"https:\/\/infoecos.com.ar\/index.php\/wp-json\/wp\/v2\/users\/2"}],"replies":[{"embeddable":true,"href":"https:\/\/infoecos.com.ar\/index.php\/wp-json\/wp\/v2\/comments?post=77325"}],"version-history":[{"count":3,"href":"https:\/\/infoecos.com.ar\/index.php\/wp-json\/wp\/v2\/posts\/77325\/revisions"}],"predecessor-version":[{"id":77329,"href":"https:\/\/infoecos.com.ar\/index.php\/wp-json\/wp\/v2\/posts\/77325\/revisions\/77329"}],"wp:featuredmedia":[{"embeddable":true,"href":"https:\/\/infoecos.com.ar\/index.php\/wp-json\/wp\/v2\/media\/77326"}],"wp:attachment":[{"href":"https:\/\/infoecos.com.ar\/index.php\/wp-json\/wp\/v2\/media?parent=77325"}],"wp:term":[{"taxonomy":"category","embeddable":true,"href":"https:\/\/infoecos.com.ar\/index.php\/wp-json\/wp\/v2\/categories?post=77325"},{"taxonomy":"post_tag","embeddable":true,"href":"https:\/\/infoecos.com.ar\/index.php\/wp-json\/wp\/v2\/tags?post=77325"}],"curies":[{"name":"wp","href":"https:\/\/api.w.org\/{rel}","templated":true}]}}