{"id":77352,"date":"2021-04-21T16:34:11","date_gmt":"2021-04-21T19:34:11","guid":{"rendered":"http:\/\/infoecos.com.ar\/?p=77352"},"modified":"2021-04-21T16:36:19","modified_gmt":"2021-04-21T19:36:19","slug":"kicillof-con-representantes-de-prepagas-el-sistema-esta-saturado-pero-no-desbordado","status":"publish","type":"post","link":"https:\/\/infoecos.com.ar\/index.php\/kicillof-con-representantes-de-prepagas-el-sistema-esta-saturado-pero-no-desbordado\/","title":{"rendered":"Kicillof con representantes de prepagas: \u00abel sistema est\u00e1 saturado, pero no desbordado\u00bb"},"content":{"rendered":"\n<p class=\"wp-block-paragraph\">El gobernador bonaerense, Axel Kicillof, mantuvo este mi\u00e9rcoles una reuni\u00f3n con representantes de la medicina prepaga y obras sociales en la Casa de la provincia de Buenos Aires, para interiorizarse sobre el panorama de internaciones por coronavirus en el AMBA.<\/p>\n\n\n\n<p class=\"wp-block-paragraph\">Tras el encuentro que particip\u00f3 junto a integrantes del Gabinete, Kicillof remarc\u00f3 que \u201cJunto al Comit\u00e9 de Emergencia provincial tuvimos una extensa reuni\u00f3n con los prestadores y prepagas. Hemos visto que el sistema de salud est\u00e1 saturado, pero no desbordado\u201d subray\u00f3.<\/p>\n\n\n\n<div class=\"wp-block-image\"><figure class=\"aligncenter size-medium\"><img loading=\"lazy\" decoding=\"async\" width=\"460\" height=\"258\" src=\"http:\/\/infoecos.com.ar\/wp-content\/uploads\/2021\/04\/kicillofconprepagas-460x258.png\" alt=\"\" class=\"wp-image-77354\" srcset=\"https:\/\/infoecos.com.ar\/wp-content\/uploads\/2021\/04\/kicillofconprepagas-460x258.png 460w, https:\/\/infoecos.com.ar\/wp-content\/uploads\/2021\/04\/kicillofconprepagas-768x430.png 768w, https:\/\/infoecos.com.ar\/wp-content\/uploads\/2021\/04\/kicillofconprepagas.png 880w\" sizes=\"auto, (max-width: 460px) 100vw, 460px\" \/><\/figure><\/div>\n\n\n\n<p class=\"wp-block-paragraph\">El mandatario aclar\u00f3 que \u201chay una complejidad muy alta para encontrar camas, ya sea para internaciones por covid-19 u otras problem\u00e1ticas\u201d.<\/p>\n\n\n\n<p class=\"wp-block-paragraph\">Y en este tono detall\u00f3 Kicillof junto a Claudio Belocopitt, titular de Swiss Medical que se \u201cest\u00e1 tratando de mejorar los mecanismos de coordinaci\u00f3n y articulaci\u00f3n para que el sistema funcione de manera conjunta con las prepagas argentinas\u201d.<\/p>\n\n\n\n<p class=\"wp-block-paragraph\">Asimismo el mandatario asever\u00f3 que la \u201cintenci\u00f3n fue poner a la Provincia a disposici\u00f3n y dar a conocer la situaci\u00f3n sanitaria, es grave y que la poblaci\u00f3n la conozca. Se va aceptar a cualquiera que necesite atenci\u00f3n\u201d.<\/p>\n\n\n\n<p class=\"wp-block-paragraph\">Finalmente recalc\u00f3 la necesidad de \u201ctrabajar en conjunto desde el sector p\u00fablico provincial, Ciudad de Buenos Aires, Naci\u00f3n y el sistema privado\u201d.<\/p>\n","protected":false},"excerpt":{"rendered":"<p>Mantuvo este mi\u00e9rcoles una reuni\u00f3n con representantes de la medicina prepaga y obras sociales en la Casa de la provincia de Buenos Aires, para interiorizarse sobre el panorama de internaciones por coronavirus en el AMBA<\/p>\n","protected":false},"author":2,"featured_media":77354,"comment_status":"closed","ping_status":"open","sticky":false,"template":"","format":"standard","meta":{"footnotes":""},"categories":[1613],"tags":[3543],"class_list":["post-77352","post","type-post","status-publish","format-standard","has-post-thumbnail","hentry","category-noticia-secundaria","tag-reunion-en-ciudad-de-buenos-aires"],"featured_image_urls":{"full":["https:\/\/infoecos.com.ar\/wp-content\/uploads\/2021\/04\/kicillofconprepagas.png",880,493,false],"thumbnail":["https:\/\/infoecos.com.ar\/wp-content\/uploads\/2021\/04\/kicillofconprepagas-150x150.png",150,150,true],"medium":["https:\/\/infoecos.com.ar\/wp-content\/uploads\/2021\/04\/kicillofconprepagas-460x258.png",460,258,true],"medium_large":["https:\/\/infoecos.com.ar\/wp-content\/uploads\/2021\/04\/kicillofconprepagas-768x430.png",640,358,true],"large":["https:\/\/infoecos.com.ar\/wp-content\/uploads\/2021\/04\/kicillofconprepagas.png",640,359,false],"1536x1536":["https:\/\/infoecos.com.ar\/wp-content\/uploads\/2021\/04\/kicillofconprepagas.png",880,493,false],"2048x2048":["https:\/\/infoecos.com.ar\/wp-content\/uploads\/2021\/04\/kicillofconprepagas.png",880,493,false],"covernews-slider-full":["https:\/\/infoecos.com.ar\/wp-content\/uploads\/2021\/04\/kicillofconprepagas.png",880,493,false],"covernews-slider-center":["https:\/\/infoecos.com.ar\/wp-content\/uploads\/2021\/04\/kicillofconprepagas.png",800,448,false],"covernews-featured":["https:\/\/infoecos.com.ar\/wp-content\/uploads\/2021\/04\/kicillofconprepagas.png",880,493,false],"covernews-medium":["https:\/\/infoecos.com.ar\/wp-content\/uploads\/2021\/04\/kicillofconprepagas-720x380.png",540,285,true],"covernews-medium-square":["https:\/\/infoecos.com.ar\/wp-content\/uploads\/2021\/04\/kicillofconprepagas-675x450.png",375,250,true]},"author_info":{"info":["Jorge Matheus"]},"category_info":"<a href=\"https:\/\/infoecos.com.ar\/index.php\/category\/noticia-secundaria\/\" rel=\"category tag\">Noticia Secundaria<\/a>","tag_info":"Noticia Secundaria","comment_count":"0","_links":{"self":[{"href":"https:\/\/infoecos.com.ar\/index.php\/wp-json\/wp\/v2\/posts\/77352","targetHints":{"allow":["GET"]}}],"collection":[{"href":"https:\/\/infoecos.com.ar\/index.php\/wp-json\/wp\/v2\/posts"}],"about":[{"href":"https:\/\/infoecos.com.ar\/index.php\/wp-json\/wp\/v2\/types\/post"}],"author":[{"embeddable":true,"href":"https:\/\/infoecos.com.ar\/index.php\/wp-json\/wp\/v2\/users\/2"}],"replies":[{"embeddable":true,"href":"https:\/\/infoecos.com.ar\/index.php\/wp-json\/wp\/v2\/comments?post=77352"}],"version-history":[{"count":1,"href":"https:\/\/infoecos.com.ar\/index.php\/wp-json\/wp\/v2\/posts\/77352\/revisions"}],"predecessor-version":[{"id":77356,"href":"https:\/\/infoecos.com.ar\/index.php\/wp-json\/wp\/v2\/posts\/77352\/revisions\/77356"}],"wp:featuredmedia":[{"embeddable":true,"href":"https:\/\/infoecos.com.ar\/index.php\/wp-json\/wp\/v2\/media\/77354"}],"wp:attachment":[{"href":"https:\/\/infoecos.com.ar\/index.php\/wp-json\/wp\/v2\/media?parent=77352"}],"wp:term":[{"taxonomy":"category","embeddable":true,"href":"https:\/\/infoecos.com.ar\/index.php\/wp-json\/wp\/v2\/categories?post=77352"},{"taxonomy":"post_tag","embeddable":true,"href":"https:\/\/infoecos.com.ar\/index.php\/wp-json\/wp\/v2\/tags?post=77352"}],"curies":[{"name":"wp","href":"https:\/\/api.w.org\/{rel}","templated":true}]}}