{"id":77489,"date":"2021-04-28T15:18:46","date_gmt":"2021-04-28T18:18:46","guid":{"rendered":"http:\/\/infoecos.com.ar\/?p=77489"},"modified":"2021-04-29T18:38:43","modified_gmt":"2021-04-29T21:38:43","slug":"guerrera-remarco-que-se-mantendran-todas-las-obras-impulsadas-por-meoni","status":"publish","type":"post","link":"https:\/\/infoecos.com.ar\/index.php\/guerrera-remarco-que-se-mantendran-todas-las-obras-impulsadas-por-meoni\/","title":{"rendered":"Guerrera remarc\u00f3 que se mantendr\u00e1n todas las obras impulsadas por Meoni"},"content":{"rendered":"\n<p>En las \u00faltimas horas, el presidente de Trenes Argentinos Infraestructura (TAI), Alexis Guerrera, puso blanco sobre negro en el escenario del Ministerio de Transporte de la Naci\u00f3n ante el deceso de Mario Meoni. De esa manera, el ex intendente de General Pinto y legislador provincial en uso de licencia remarc\u00f3 que se seguir\u00e1 con el plan de modernizaci\u00f3n del transporte ferroviario que diagram\u00f3 el tres veces intendente de Jun\u00edn.<\/p>\n\n\n\n<p>\u201c<em>Todas las empresas y dependencias del ministerio de Transporte estamos trabajando a pleno, dedicados de lleno en las obras, trabajando a full porque esa es una manera de honrar la memoria de Mario (Meoni)<\/em>\u201d, sentenci\u00f3 Guerrera en conversaci\u00f3n con medios juninenses.<\/p>\n\n\n\n<div class=\"wp-block-image\"><figure class=\"aligncenter size-medium\"><img loading=\"lazy\" decoding=\"async\" width=\"460\" height=\"306\" src=\"http:\/\/infoecos.com.ar\/wp-content\/uploads\/2021\/04\/guerreraymeoni-460x306.jpg\" alt=\"\" class=\"wp-image-77490\" srcset=\"https:\/\/infoecos.com.ar\/wp-content\/uploads\/2021\/04\/guerreraymeoni-460x306.jpg 460w, https:\/\/infoecos.com.ar\/wp-content\/uploads\/2021\/04\/guerreraymeoni-920x613.jpg 920w, https:\/\/infoecos.com.ar\/wp-content\/uploads\/2021\/04\/guerreraymeoni-768x512.jpg 768w, https:\/\/infoecos.com.ar\/wp-content\/uploads\/2021\/04\/guerreraymeoni-675x450.jpg 675w, https:\/\/infoecos.com.ar\/wp-content\/uploads\/2021\/04\/guerreraymeoni.jpg 1024w\" sizes=\"(max-width: 460px) 100vw, 460px\" \/><\/figure><\/div>\n\n\n\n<p>En ese sentido, el titular de TAI destac\u00f3 que \u201c<em>Mario (Meoni) todos los d\u00edas nos presionaba, en el buen sentido, para avanzar con ideas, con proyectos para dar respuesta a los intendentes y a los gobernadores. La Argentina ha perdido a un gran trabajador<\/em>\u201d.<\/p>\n\n\n\n<p>Vale destacar que, en el marco del plan de modernizaci\u00f3n del transporte ferroviario, Trenes Argentinos Infraestructura impulsa 26 pasos bajo nivel en 21 distritos bonaerenses, uno de ellos en Jun\u00edn, y la recuperaci\u00f3n de las estaciones. Por caso, este mi\u00e9rcoles se lanz\u00f3 el llamado a licitaci\u00f3n p\u00fablica para la refacci\u00f3n y puesta en valor de la estaci\u00f3n local.<\/p>\n\n\n\n<p>\u201c<em>Interpretando esa vocaci\u00f3n que ten\u00eda, de trabajar en la b\u00fasqueda de soluciones, nos obliga a reponernos, a juntar fuerzas y seguir trabajando para cumplir todas esas metas. Uno de los grandes objetivos de Mario era poder concretar ese anhelado paso bajo nivel para Jun\u00edn. Vamos a seguir trabajando en eso<\/em>\u201d, destac\u00f3 Guerrera.<\/p>\n\n\n\n<p>As\u00ed, el presidente de TAI adelant\u00f3: \u201c<em>Estamos trabajando con la empresa, hemos tenido reuniones con la Municipalidad. En 30 d\u00edas m\u00e1s estaremos empezando a ver los primeros movimientos del armado del obrador y los primeros trabajos<\/em>\u201d.<\/p>\n\n\n\n<p>\u201c<em>No solamente estamos trabajando con el paso bajo nivel estamos pr\u00f3ximos a darle comienzo a la refacci\u00f3n de la estaci\u00f3n de trenes. En el lapso de tres cuatro meses tambi\u00e9n tendremos una empresa trabajando en la estaci\u00f3n siguiendo este camino de revalorizaci\u00f3n del sistema ferroviario<\/em>\u201d, agreg\u00f3 el pintense Guerrera.<\/p>\n\n\n\n<div class=\"wp-block-image\"><figure class=\"aligncenter size-medium\"><img loading=\"lazy\" decoding=\"async\" width=\"460\" height=\"270\" src=\"http:\/\/infoecos.com.ar\/wp-content\/uploads\/2021\/04\/obrasferroviarias-460x270.jpg\" alt=\"\" class=\"wp-image-77491\" srcset=\"https:\/\/infoecos.com.ar\/wp-content\/uploads\/2021\/04\/obrasferroviarias-460x270.jpg 460w, https:\/\/infoecos.com.ar\/wp-content\/uploads\/2021\/04\/obrasferroviarias-920x541.jpg 920w, https:\/\/infoecos.com.ar\/wp-content\/uploads\/2021\/04\/obrasferroviarias-768x452.jpg 768w, https:\/\/infoecos.com.ar\/wp-content\/uploads\/2021\/04\/obrasferroviarias.jpg 1024w\" sizes=\"(max-width: 460px) 100vw, 460px\" \/><\/figure><\/div>\n\n\n\n<p>En definitiva, el plan contempla una inversi\u00f3n superior a 115 millones de pesos para avanzar a una estaci\u00f3n moderna, que garantice mejor experiencia de espera, con mayor seguridad y accesibilidad. Adem\u00e1s, se modernizar\u00e1n los refugios y la luminaria para garantizar la seguridad de vecinos y vecinas tanto dentro de la estaci\u00f3n como en sus cercan\u00edas.<\/p>\n\n\n\n<p>Asimismo, el funcionario se\u00f1al\u00f3 que la puesta en marcha de un plan de modernizaci\u00f3n del transporte es uno de los hitos en la gesti\u00f3n. \u201c<em>Los pa\u00edses desarrollados lo que han hecho es desarrollar su sistema ferroviario y Argentina ha caminado por una v\u00eda inversa. Vamos a seguir trabajando porque ese es el legado que nos deja Mario<\/em>\u201d, sostuvo.<\/p>\n\n\n\n<p>\u201c<em>La desaparici\u00f3n f\u00edsica de Mario no cambia esta vocaci\u00f3n del ministerio y de Trenes Argentinos Infraestructura de seguir avanzando<\/em>\u201d, cerr\u00f3 Guerrera.<\/p>\n","protected":false},"excerpt":{"rendered":"<p>En declaraciones period\u00edsticas, el presidente de Trenes Argentinos Infraestructura remarc\u00f3 que el plan de trabajos impulsado por la gesti\u00f3n de Mario Meoni no se modificar\u00e1. \u201cNos tirar\u00eda de la oreja si descuidamos estas obras\u201d, lanz\u00f3.<\/p>\n","protected":false},"author":2,"featured_media":77490,"comment_status":"closed","ping_status":"open","sticky":false,"template":"","format":"standard","meta":{"footnotes":""},"categories":[1323],"tags":[3564],"class_list":["post-77489","post","type-post","status-publish","format-standard","has-post-thumbnail","hentry","category-c2nota5","tag-plan-de-modernizacion-ferroviaria"],"yoast_head":"<!-- This site is optimized with the Yoast SEO plugin v23.4 - https:\/\/yoast.com\/wordpress\/plugins\/seo\/ -->\n<title>Guerrera remarc\u00f3 que se mantendr\u00e1n todas las obras impulsadas por Meoni - Infoecos<\/title>\n<meta name=\"robots\" content=\"index, follow, max-snippet:-1, max-image-preview:large, max-video-preview:-1\" \/>\n<link rel=\"canonical\" href=\"https:\/\/infoecos.com.ar\/index.php\/guerrera-remarco-que-se-mantendran-todas-las-obras-impulsadas-por-meoni\/\" \/>\n<meta property=\"og:locale\" content=\"es_ES\" \/>\n<meta property=\"og:type\" content=\"article\" \/>\n<meta property=\"og:title\" content=\"Guerrera remarc\u00f3 que se mantendr\u00e1n todas las obras impulsadas por Meoni - Infoecos\" \/>\n<meta property=\"og:description\" content=\"En declaraciones period\u00edsticas, el presidente de Trenes Argentinos Infraestructura remarc\u00f3 que el plan de trabajos impulsado por la gesti\u00f3n de Mario Meoni no se modificar\u00e1. \u201cNos tirar\u00eda de la oreja si descuidamos estas obras\u201d, lanz\u00f3.\" \/>\n<meta property=\"og:url\" content=\"https:\/\/infoecos.com.ar\/index.php\/guerrera-remarco-que-se-mantendran-todas-las-obras-impulsadas-por-meoni\/\" \/>\n<meta property=\"og:site_name\" content=\"Infoecos\" \/>\n<meta property=\"article:publisher\" content=\"https:\/\/www.facebook.com\/profile.php?id=100063200290284\" \/>\n<meta property=\"article:published_time\" content=\"2021-04-28T18:18:46+00:00\" \/>\n<meta property=\"article:modified_time\" content=\"2021-04-29T21:38:43+00:00\" \/>\n<meta property=\"og:image\" content=\"https:\/\/infoecos.com.ar\/wp-content\/uploads\/2021\/04\/guerreraymeoni.jpg\" \/>\n\t<meta property=\"og:image:width\" content=\"1024\" \/>\n\t<meta property=\"og:image:height\" content=\"682\" \/>\n\t<meta property=\"og:image:type\" content=\"image\/jpeg\" \/>\n<meta name=\"author\" content=\"Jorge Matheus\" \/>\n<meta name=\"twitter:card\" content=\"summary_large_image\" \/>\n<meta name=\"twitter:creator\" content=\"@infoecos\" \/>\n<meta name=\"twitter:site\" content=\"@infoecos\" \/>\n<meta name=\"twitter:label1\" content=\"Escrito por\" \/>\n\t<meta name=\"twitter:data1\" content=\"Jorge Matheus\" \/>\n\t<meta name=\"twitter:label2\" content=\"Tiempo de lectura\" \/>\n\t<meta name=\"twitter:data2\" content=\"3 minutos\" \/>\n<script type=\"application\/ld+json\" class=\"yoast-schema-graph\">{\"@context\":\"https:\/\/schema.org\",\"@graph\":[{\"@type\":\"Article\",\"@id\":\"https:\/\/infoecos.com.ar\/index.php\/guerrera-remarco-que-se-mantendran-todas-las-obras-impulsadas-por-meoni\/#article\",\"isPartOf\":{\"@id\":\"https:\/\/infoecos.com.ar\/index.php\/guerrera-remarco-que-se-mantendran-todas-las-obras-impulsadas-por-meoni\/\"},\"author\":{\"name\":\"Jorge Matheus\",\"@id\":\"https:\/\/infoecos.com.ar\/#\/schema\/person\/8f5ace5ce73b4b4aac4b7245aee6f191\"},\"headline\":\"Guerrera remarc\u00f3 que se mantendr\u00e1n todas las obras impulsadas por Meoni\",\"datePublished\":\"2021-04-28T18:18:46+00:00\",\"dateModified\":\"2021-04-29T21:38:43+00:00\",\"mainEntityOfPage\":{\"@id\":\"https:\/\/infoecos.com.ar\/index.php\/guerrera-remarco-que-se-mantendran-todas-las-obras-impulsadas-por-meoni\/\"},\"wordCount\":530,\"publisher\":{\"@id\":\"https:\/\/infoecos.com.ar\/#organization\"},\"image\":{\"@id\":\"https:\/\/infoecos.com.ar\/index.php\/guerrera-remarco-que-se-mantendran-todas-las-obras-impulsadas-por-meoni\/#primaryimage\"},\"thumbnailUrl\":\"https:\/\/infoecos.com.ar\/wp-content\/uploads\/2021\/04\/guerreraymeoni.jpg\",\"keywords\":[\"PLAN DE MODERNIZACI\u00d3N FERROVIARIA\"],\"articleSection\":[\"C2 N5\"],\"inLanguage\":\"es\"},{\"@type\":\"WebPage\",\"@id\":\"https:\/\/infoecos.com.ar\/index.php\/guerrera-remarco-que-se-mantendran-todas-las-obras-impulsadas-por-meoni\/\",\"url\":\"https:\/\/infoecos.com.ar\/index.php\/guerrera-remarco-que-se-mantendran-todas-las-obras-impulsadas-por-meoni\/\",\"name\":\"Guerrera remarc\u00f3 que se mantendr\u00e1n todas las obras impulsadas por Meoni - Infoecos\",\"isPartOf\":{\"@id\":\"https:\/\/infoecos.com.ar\/#website\"},\"primaryImageOfPage\":{\"@id\":\"https:\/\/infoecos.com.ar\/index.php\/guerrera-remarco-que-se-mantendran-todas-las-obras-impulsadas-por-meoni\/#primaryimage\"},\"image\":{\"@id\":\"https:\/\/infoecos.com.ar\/index.php\/guerrera-remarco-que-se-mantendran-todas-las-obras-impulsadas-por-meoni\/#primaryimage\"},\"thumbnailUrl\":\"https:\/\/infoecos.com.ar\/wp-content\/uploads\/2021\/04\/guerreraymeoni.jpg\",\"datePublished\":\"2021-04-28T18:18:46+00:00\",\"dateModified\":\"2021-04-29T21:38:43+00:00\",\"breadcrumb\":{\"@id\":\"https:\/\/infoecos.com.ar\/index.php\/guerrera-remarco-que-se-mantendran-todas-las-obras-impulsadas-por-meoni\/#breadcrumb\"},\"inLanguage\":\"es\",\"potentialAction\":[{\"@type\":\"ReadAction\",\"target\":[\"https:\/\/infoecos.com.ar\/index.php\/guerrera-remarco-que-se-mantendran-todas-las-obras-impulsadas-por-meoni\/\"]}]},{\"@type\":\"ImageObject\",\"inLanguage\":\"es\",\"@id\":\"https:\/\/infoecos.com.ar\/index.php\/guerrera-remarco-que-se-mantendran-todas-las-obras-impulsadas-por-meoni\/#primaryimage\",\"url\":\"https:\/\/infoecos.com.ar\/wp-content\/uploads\/2021\/04\/guerreraymeoni.jpg\",\"contentUrl\":\"https:\/\/infoecos.com.ar\/wp-content\/uploads\/2021\/04\/guerreraymeoni.jpg\",\"width\":1024,\"height\":682},{\"@type\":\"BreadcrumbList\",\"@id\":\"https:\/\/infoecos.com.ar\/index.php\/guerrera-remarco-que-se-mantendran-todas-las-obras-impulsadas-por-meoni\/#breadcrumb\",\"itemListElement\":[{\"@type\":\"ListItem\",\"position\":1,\"name\":\"Portada\",\"item\":\"https:\/\/infoecos.com.ar\/\"},{\"@type\":\"ListItem\",\"position\":2,\"name\":\"Guerrera remarc\u00f3 que se mantendr\u00e1n todas las obras impulsadas por Meoni\"}]},{\"@type\":\"WebSite\",\"@id\":\"https:\/\/infoecos.com.ar\/#website\",\"url\":\"https:\/\/infoecos.com.ar\/\",\"name\":\"Infoecos\",\"description\":\"Noticias de trenque lauquen y la zona\",\"publisher\":{\"@id\":\"https:\/\/infoecos.com.ar\/#organization\"},\"alternateName\":\"Noticias\",\"potentialAction\":[{\"@type\":\"SearchAction\",\"target\":{\"@type\":\"EntryPoint\",\"urlTemplate\":\"https:\/\/infoecos.com.ar\/?s={search_term_string}\"},\"query-input\":{\"@type\":\"PropertyValueSpecification\",\"valueRequired\":true,\"valueName\":\"search_term_string\"}}],\"inLanguage\":\"es\"},{\"@type\":\"Organization\",\"@id\":\"https:\/\/infoecos.com.ar\/#organization\",\"name\":\"Infoecos\",\"alternateName\":\"Noticias\",\"url\":\"https:\/\/infoecos.com.ar\/\",\"logo\":{\"@type\":\"ImageObject\",\"inLanguage\":\"es\",\"@id\":\"https:\/\/infoecos.com.ar\/#\/schema\/logo\/image\/\",\"url\":\"https:\/\/infoecos.com.ar\/wp-content\/uploads\/2024\/03\/cropped-logo.png\",\"contentUrl\":\"https:\/\/infoecos.com.ar\/wp-content\/uploads\/2024\/03\/cropped-logo.png\",\"width\":374,\"height\":90,\"caption\":\"Infoecos\"},\"image\":{\"@id\":\"https:\/\/infoecos.com.ar\/#\/schema\/logo\/image\/\"},\"sameAs\":[\"https:\/\/www.facebook.com\/profile.php?id=100063200290284\",\"https:\/\/x.com\/infoecos\"]},{\"@type\":\"Person\",\"@id\":\"https:\/\/infoecos.com.ar\/#\/schema\/person\/8f5ace5ce73b4b4aac4b7245aee6f191\",\"name\":\"Jorge Matheus\",\"url\":\"https:\/\/infoecos.com.ar\/index.php\/author\/jomatheus\/\"}]}<\/script>\n<!-- \/ Yoast SEO plugin. -->","yoast_head_json":{"title":"Guerrera remarc\u00f3 que se mantendr\u00e1n todas las obras impulsadas por Meoni - Infoecos","robots":{"index":"index","follow":"follow","max-snippet":"max-snippet:-1","max-image-preview":"max-image-preview:large","max-video-preview":"max-video-preview:-1"},"canonical":"https:\/\/infoecos.com.ar\/index.php\/guerrera-remarco-que-se-mantendran-todas-las-obras-impulsadas-por-meoni\/","og_locale":"es_ES","og_type":"article","og_title":"Guerrera remarc\u00f3 que se mantendr\u00e1n todas las obras impulsadas por Meoni - Infoecos","og_description":"En declaraciones period\u00edsticas, el presidente de Trenes Argentinos Infraestructura remarc\u00f3 que el plan de trabajos impulsado por la gesti\u00f3n de Mario Meoni no se modificar\u00e1. \u201cNos tirar\u00eda de la oreja si descuidamos estas obras\u201d, lanz\u00f3.","og_url":"https:\/\/infoecos.com.ar\/index.php\/guerrera-remarco-que-se-mantendran-todas-las-obras-impulsadas-por-meoni\/","og_site_name":"Infoecos","article_publisher":"https:\/\/www.facebook.com\/profile.php?id=100063200290284","article_published_time":"2021-04-28T18:18:46+00:00","article_modified_time":"2021-04-29T21:38:43+00:00","og_image":[{"width":1024,"height":682,"url":"https:\/\/infoecos.com.ar\/wp-content\/uploads\/2021\/04\/guerreraymeoni.jpg","type":"image\/jpeg"}],"author":"Jorge Matheus","twitter_card":"summary_large_image","twitter_creator":"@infoecos","twitter_site":"@infoecos","twitter_misc":{"Escrito por":"Jorge Matheus","Tiempo de lectura":"3 minutos"},"schema":{"@context":"https:\/\/schema.org","@graph":[{"@type":"Article","@id":"https:\/\/infoecos.com.ar\/index.php\/guerrera-remarco-que-se-mantendran-todas-las-obras-impulsadas-por-meoni\/#article","isPartOf":{"@id":"https:\/\/infoecos.com.ar\/index.php\/guerrera-remarco-que-se-mantendran-todas-las-obras-impulsadas-por-meoni\/"},"author":{"name":"Jorge Matheus","@id":"https:\/\/infoecos.com.ar\/#\/schema\/person\/8f5ace5ce73b4b4aac4b7245aee6f191"},"headline":"Guerrera remarc\u00f3 que se mantendr\u00e1n todas las obras impulsadas por Meoni","datePublished":"2021-04-28T18:18:46+00:00","dateModified":"2021-04-29T21:38:43+00:00","mainEntityOfPage":{"@id":"https:\/\/infoecos.com.ar\/index.php\/guerrera-remarco-que-se-mantendran-todas-las-obras-impulsadas-por-meoni\/"},"wordCount":530,"publisher":{"@id":"https:\/\/infoecos.com.ar\/#organization"},"image":{"@id":"https:\/\/infoecos.com.ar\/index.php\/guerrera-remarco-que-se-mantendran-todas-las-obras-impulsadas-por-meoni\/#primaryimage"},"thumbnailUrl":"https:\/\/infoecos.com.ar\/wp-content\/uploads\/2021\/04\/guerreraymeoni.jpg","keywords":["PLAN DE MODERNIZACI\u00d3N FERROVIARIA"],"articleSection":["C2 N5"],"inLanguage":"es"},{"@type":"WebPage","@id":"https:\/\/infoecos.com.ar\/index.php\/guerrera-remarco-que-se-mantendran-todas-las-obras-impulsadas-por-meoni\/","url":"https:\/\/infoecos.com.ar\/index.php\/guerrera-remarco-que-se-mantendran-todas-las-obras-impulsadas-por-meoni\/","name":"Guerrera remarc\u00f3 que se mantendr\u00e1n todas las obras impulsadas por Meoni - Infoecos","isPartOf":{"@id":"https:\/\/infoecos.com.ar\/#website"},"primaryImageOfPage":{"@id":"https:\/\/infoecos.com.ar\/index.php\/guerrera-remarco-que-se-mantendran-todas-las-obras-impulsadas-por-meoni\/#primaryimage"},"image":{"@id":"https:\/\/infoecos.com.ar\/index.php\/guerrera-remarco-que-se-mantendran-todas-las-obras-impulsadas-por-meoni\/#primaryimage"},"thumbnailUrl":"https:\/\/infoecos.com.ar\/wp-content\/uploads\/2021\/04\/guerreraymeoni.jpg","datePublished":"2021-04-28T18:18:46+00:00","dateModified":"2021-04-29T21:38:43+00:00","breadcrumb":{"@id":"https:\/\/infoecos.com.ar\/index.php\/guerrera-remarco-que-se-mantendran-todas-las-obras-impulsadas-por-meoni\/#breadcrumb"},"inLanguage":"es","potentialAction":[{"@type":"ReadAction","target":["https:\/\/infoecos.com.ar\/index.php\/guerrera-remarco-que-se-mantendran-todas-las-obras-impulsadas-por-meoni\/"]}]},{"@type":"ImageObject","inLanguage":"es","@id":"https:\/\/infoecos.com.ar\/index.php\/guerrera-remarco-que-se-mantendran-todas-las-obras-impulsadas-por-meoni\/#primaryimage","url":"https:\/\/infoecos.com.ar\/wp-content\/uploads\/2021\/04\/guerreraymeoni.jpg","contentUrl":"https:\/\/infoecos.com.ar\/wp-content\/uploads\/2021\/04\/guerreraymeoni.jpg","width":1024,"height":682},{"@type":"BreadcrumbList","@id":"https:\/\/infoecos.com.ar\/index.php\/guerrera-remarco-que-se-mantendran-todas-las-obras-impulsadas-por-meoni\/#breadcrumb","itemListElement":[{"@type":"ListItem","position":1,"name":"Portada","item":"https:\/\/infoecos.com.ar\/"},{"@type":"ListItem","position":2,"name":"Guerrera remarc\u00f3 que se mantendr\u00e1n todas las obras impulsadas por Meoni"}]},{"@type":"WebSite","@id":"https:\/\/infoecos.com.ar\/#website","url":"https:\/\/infoecos.com.ar\/","name":"Infoecos","description":"Noticias de trenque lauquen y la zona","publisher":{"@id":"https:\/\/infoecos.com.ar\/#organization"},"alternateName":"Noticias","potentialAction":[{"@type":"SearchAction","target":{"@type":"EntryPoint","urlTemplate":"https:\/\/infoecos.com.ar\/?s={search_term_string}"},"query-input":{"@type":"PropertyValueSpecification","valueRequired":true,"valueName":"search_term_string"}}],"inLanguage":"es"},{"@type":"Organization","@id":"https:\/\/infoecos.com.ar\/#organization","name":"Infoecos","alternateName":"Noticias","url":"https:\/\/infoecos.com.ar\/","logo":{"@type":"ImageObject","inLanguage":"es","@id":"https:\/\/infoecos.com.ar\/#\/schema\/logo\/image\/","url":"https:\/\/infoecos.com.ar\/wp-content\/uploads\/2024\/03\/cropped-logo.png","contentUrl":"https:\/\/infoecos.com.ar\/wp-content\/uploads\/2024\/03\/cropped-logo.png","width":374,"height":90,"caption":"Infoecos"},"image":{"@id":"https:\/\/infoecos.com.ar\/#\/schema\/logo\/image\/"},"sameAs":["https:\/\/www.facebook.com\/profile.php?id=100063200290284","https:\/\/x.com\/infoecos"]},{"@type":"Person","@id":"https:\/\/infoecos.com.ar\/#\/schema\/person\/8f5ace5ce73b4b4aac4b7245aee6f191","name":"Jorge Matheus","url":"https:\/\/infoecos.com.ar\/index.php\/author\/jomatheus\/"}]}},"featured_image_urls":{"full":["https:\/\/infoecos.com.ar\/wp-content\/uploads\/2021\/04\/guerreraymeoni.jpg",1024,682,false],"thumbnail":["https:\/\/infoecos.com.ar\/wp-content\/uploads\/2021\/04\/guerreraymeoni-150x150.jpg",150,150,true],"medium":["https:\/\/infoecos.com.ar\/wp-content\/uploads\/2021\/04\/guerreraymeoni-460x306.jpg",460,306,true],"medium_large":["https:\/\/infoecos.com.ar\/wp-content\/uploads\/2021\/04\/guerreraymeoni-768x512.jpg",640,427,true],"large":["https:\/\/infoecos.com.ar\/wp-content\/uploads\/2021\/04\/guerreraymeoni-920x613.jpg",640,426,true],"1536x1536":["https:\/\/infoecos.com.ar\/wp-content\/uploads\/2021\/04\/guerreraymeoni.jpg",1024,682,false],"2048x2048":["https:\/\/infoecos.com.ar\/wp-content\/uploads\/2021\/04\/guerreraymeoni.jpg",1024,682,false],"covernews-slider-full":["https:\/\/infoecos.com.ar\/wp-content\/uploads\/2021\/04\/guerreraymeoni.jpg",1024,682,false],"covernews-slider-center":["https:\/\/infoecos.com.ar\/wp-content\/uploads\/2021\/04\/guerreraymeoni-936x682.jpg",686,500,true],"covernews-featured":["https:\/\/infoecos.com.ar\/wp-content\/uploads\/2021\/04\/guerreraymeoni.jpg",1024,682,false],"covernews-medium":["https:\/\/infoecos.com.ar\/wp-content\/uploads\/2021\/04\/guerreraymeoni-720x380.jpg",540,285,true],"covernews-medium-square":["https:\/\/infoecos.com.ar\/wp-content\/uploads\/2021\/04\/guerreraymeoni-675x450.jpg",375,250,true]},"author_info":{"info":["Jorge Matheus"]},"category_info":"<a href=\"https:\/\/infoecos.com.ar\/index.php\/category\/c2nota5\/\" rel=\"category tag\">C2 N5<\/a>","tag_info":"C2 N5","comment_count":"0","_links":{"self":[{"href":"https:\/\/infoecos.com.ar\/index.php\/wp-json\/wp\/v2\/posts\/77489"}],"collection":[{"href":"https:\/\/infoecos.com.ar\/index.php\/wp-json\/wp\/v2\/posts"}],"about":[{"href":"https:\/\/infoecos.com.ar\/index.php\/wp-json\/wp\/v2\/types\/post"}],"author":[{"embeddable":true,"href":"https:\/\/infoecos.com.ar\/index.php\/wp-json\/wp\/v2\/users\/2"}],"replies":[{"embeddable":true,"href":"https:\/\/infoecos.com.ar\/index.php\/wp-json\/wp\/v2\/comments?post=77489"}],"version-history":[{"count":1,"href":"https:\/\/infoecos.com.ar\/index.php\/wp-json\/wp\/v2\/posts\/77489\/revisions"}],"predecessor-version":[{"id":77492,"href":"https:\/\/infoecos.com.ar\/index.php\/wp-json\/wp\/v2\/posts\/77489\/revisions\/77492"}],"wp:featuredmedia":[{"embeddable":true,"href":"https:\/\/infoecos.com.ar\/index.php\/wp-json\/wp\/v2\/media\/77490"}],"wp:attachment":[{"href":"https:\/\/infoecos.com.ar\/index.php\/wp-json\/wp\/v2\/media?parent=77489"}],"wp:term":[{"taxonomy":"category","embeddable":true,"href":"https:\/\/infoecos.com.ar\/index.php\/wp-json\/wp\/v2\/categories?post=77489"},{"taxonomy":"post_tag","embeddable":true,"href":"https:\/\/infoecos.com.ar\/index.php\/wp-json\/wp\/v2\/tags?post=77489"}],"curies":[{"name":"wp","href":"https:\/\/api.w.org\/{rel}","templated":true}]}}