{"id":77493,"date":"2021-04-28T15:47:23","date_gmt":"2021-04-28T18:47:23","guid":{"rendered":"http:\/\/infoecos.com.ar\/?p=77493"},"modified":"2021-04-29T18:14:31","modified_gmt":"2021-04-29T21:14:31","slug":"udocba-reclamo-otra-vez-suspender-las-clases-presenciales-en-la-provincia-sumando-a-pehuajo-y-trenque-lauquen","status":"publish","type":"post","link":"https:\/\/infoecos.com.ar\/index.php\/udocba-reclamo-otra-vez-suspender-las-clases-presenciales-en-la-provincia-sumando-a-pehuajo-y-trenque-lauquen\/","title":{"rendered":"UDOCBA reclam\u00f3, otra vez, suspender las clases presenciales en la provincia sumando a Pehuaj\u00f3 y Trenque Lauquen"},"content":{"rendered":"\n<p>Udocba realiz\u00f3&nbsp;un nuevo reclamo para suspender las clases presenciales en la provincia. En la cuarta secci\u00f3n,&nbsp;esta vez sum\u00f3&nbsp;a&nbsp;Pehuaj\u00f3 y Trenque Lauquen<strong>&nbsp;<\/strong>dentro de la lista que ya integraba&nbsp;Chacabuco&nbsp;de acuerdo a los relevamientos que vienen realizando las distintas filiales, entre las que se destacan&nbsp;Jun\u00edn y Nueve de Julio<strong>.&nbsp;&nbsp;<\/strong><\/p>\n\n\n\n<p>A trav\u00e9s de un comunicado,&nbsp;Udocba&nbsp;manifest\u00f3 que&nbsp;\u00abel motivo de la solicitud radica en que se ha producido un brote o aumento significativo de casos positivos de Covid y se observa un incremento en la velocidad de transmisi\u00f3n\u00bb.&nbsp;<\/p>\n\n\n\n<p>La secretaria general de UDOCBA en Jun\u00edn,&nbsp;Cecilia Paolizzi,&nbsp;explic\u00f3&nbsp;que&nbsp;\u201cante el avance del virus, hace m\u00e1s de una semana que estamos solicitando la suspensi\u00f3n de las clases presenciales, al menos por un tiempo y en los distritos m\u00e1s complicados<strong>,&nbsp;<\/strong>pero seguir trabajando desde la virtualidad\u00bb.<\/p>\n\n\n\n<div class=\"wp-block-image\"><figure class=\"aligncenter size-medium\"><img decoding=\"async\" src=\"http:\/\/infoecos.com.ar\/wp-content\/uploads\/20150302-el-80-de-los-alumnos-de-la-provincia-empez-las-clases-460x322.jpg\" alt=\"\" class=\"wp-image-16635\"\/><figcaption>Escuelas provincia de Buenos Aires<\/figcaption><\/figure><\/div>\n\n\n\n<p>La gremialista remarc\u00f3 que<strong> <\/strong>\u00abla escuela no es foco de contagio, pero s\u00ed de circulaci\u00f3n del virus porque circula mucho personal. Tambi\u00e9n sabemos que los ni\u00f1os poder ser asintom\u00e1ticos y hay muchas burbujas aisladas porque manifiestan dolores de cabeza, de garganta y terminan siendo Covid positivos. Cuando esto ocurre hay que aislar a todos los contactos estrechos\u201d. Desde Udocba se\u00f1alaron que el gremio&nbsp;\u00abviene realizando relevamientos en cada distrito, en los que se monitorean las burbujas, alumnos, docentes y auxiliares contagiados\/as de Covid o que han tenido que ser aislados preventivamente\u00bb.<\/p>\n\n\n\n<p>Asimismo, desde la Uni\u00f3n de Docentes de la Provincia de Buenos Aires remarcaron que el motivo de la solicitud \u00abradica en que se ha producido un brote o aumento significativo de casos positivos de Covid y se observa un incremento en la velocidad de transmisi\u00f3n en Mar del Plata, Trenque Lauquen y Chacabuco\u201d<strong>,<\/strong>&nbsp;sostuvieron.<\/p>\n\n\n\n<p>El referente de Udocba en&nbsp;Nueve&nbsp;de Julio,&nbsp;Jos\u00e9 Luis Bazzetta, asegur\u00f3 que desde el gremio est\u00e1n \u201ca favor de las clases virtuales\u201d, ya que \u201cnuestra postura es que se debe preservar la salud por sobre todas las cosas\u201d.<\/p>\n\n\n\n<p>Bazzetta indic\u00f3 que \u201cla escuela es un foco muy grande\u201d, y que \u201cseg\u00fan un relevamiento de nuestro gremio,<strong>&nbsp;<\/strong>el 30% de las burbujas o grupos se a\u00edslan o tienen que dejar de concurrir a las escuelas por contagios\u201d.<\/p>\n\n\n\n<p>En ese sentido, el referente gremial, consider\u00f3 que \u00abla educaci\u00f3n es importante, pero la prioridad hoy es salvar la vida humana\u00bb,&nbsp;y reconoci\u00f3 que&nbsp;\u00abla continuidad pedag\u00f3gica no se pierde por m\u00e1s que las clases sean virutales\u00bb<strong>.<\/strong><\/p>\n\n\n\n<p>Adem\u00e1s, el gremialista le pidi\u00f3 a<strong>&nbsp;<\/strong>Axel Kicillof, y a la ministra,&nbsp;Agustina Vila<strong> \u00ab<\/strong>seguir con clases virtuales hasta que bajen los contagios\u00bb.<\/p>\n\n\n\n<p>Finalmente, tambi\u00e9n extendi\u00f3 el pedido hacia el municipio de 9 de Julio:&nbsp;\u201cNos parecer\u00eda importante que el intendente&nbsp;Mariano Barroso&nbsp;tambi\u00e9n pida las clases virtuales, ya que tengo entendido que el sistema sanitario nuevejuliense est\u00e1 al borde del colapso\u201d.&nbsp;<\/p>\n\n\n\n<p><strong>Fuente: latecla.info.com<\/strong><\/p>\n","protected":false},"excerpt":{"rendered":"<p>A trav\u00e9s de un comunicado, Udocba manifest\u00f3 que \u00abel motivo de la solicitud radica en que se ha producido un brote o aumento significativo de casos positivos de Covid y se observa un incremento en la velocidad de transmisi\u00f3n\u00bb<\/p>\n","protected":false},"author":2,"featured_media":16635,"comment_status":"closed","ping_status":"open","sticky":false,"template":"","format":"standard","meta":{"footnotes":""},"categories":[48],"tags":[1782],"class_list":["post-77493","post","type-post","status-publish","format-standard","has-post-thumbnail","hentry","category-c2nota3","tag-salud-y-educacion"],"yoast_head":"<!-- This site is optimized with the Yoast SEO plugin v23.4 - https:\/\/yoast.com\/wordpress\/plugins\/seo\/ -->\n<title>UDOCBA reclam\u00f3, otra vez, suspender las clases presenciales en la provincia sumando a Pehuaj\u00f3 y Trenque Lauquen - Infoecos<\/title>\n<meta name=\"robots\" content=\"index, follow, max-snippet:-1, max-image-preview:large, max-video-preview:-1\" \/>\n<link rel=\"canonical\" href=\"https:\/\/infoecos.com.ar\/index.php\/udocba-reclamo-otra-vez-suspender-las-clases-presenciales-en-la-provincia-sumando-a-pehuajo-y-trenque-lauquen\/\" \/>\n<meta property=\"og:locale\" content=\"es_ES\" \/>\n<meta property=\"og:type\" content=\"article\" \/>\n<meta property=\"og:title\" content=\"UDOCBA reclam\u00f3, otra vez, suspender las clases presenciales en la provincia sumando a Pehuaj\u00f3 y Trenque Lauquen - Infoecos\" \/>\n<meta property=\"og:description\" content=\"A trav\u00e9s de un comunicado, Udocba manifest\u00f3 que &quot;el motivo de la solicitud radica en que se ha producido un brote o aumento significativo de casos positivos de Covid y se observa un incremento en la velocidad de transmisi\u00f3n&quot;\" \/>\n<meta property=\"og:url\" content=\"https:\/\/infoecos.com.ar\/index.php\/udocba-reclamo-otra-vez-suspender-las-clases-presenciales-en-la-provincia-sumando-a-pehuajo-y-trenque-lauquen\/\" \/>\n<meta property=\"og:site_name\" content=\"Infoecos\" \/>\n<meta property=\"article:publisher\" content=\"https:\/\/www.facebook.com\/profile.php?id=100063200290284\" \/>\n<meta property=\"article:published_time\" content=\"2021-04-28T18:47:23+00:00\" \/>\n<meta property=\"article:modified_time\" content=\"2021-04-29T21:14:31+00:00\" \/>\n<meta property=\"og:image\" content=\"https:\/\/infoecos.com.ar\/wp-content\/uploads\/20150302-el-80-de-los-alumnos-de-la-provincia-empez-las-clases.jpg\" \/>\n\t<meta property=\"og:image:width\" content=\"700\" \/>\n\t<meta property=\"og:image:height\" content=\"490\" \/>\n\t<meta property=\"og:image:type\" content=\"image\/jpeg\" \/>\n<meta name=\"author\" content=\"Jorge Matheus\" \/>\n<meta name=\"twitter:card\" content=\"summary_large_image\" \/>\n<meta name=\"twitter:creator\" content=\"@infoecos\" \/>\n<meta name=\"twitter:site\" content=\"@infoecos\" \/>\n<meta name=\"twitter:label1\" content=\"Escrito por\" \/>\n\t<meta name=\"twitter:data1\" content=\"Jorge Matheus\" \/>\n\t<meta name=\"twitter:label2\" content=\"Tiempo de lectura\" \/>\n\t<meta name=\"twitter:data2\" content=\"3 minutos\" \/>\n<script type=\"application\/ld+json\" class=\"yoast-schema-graph\">{\"@context\":\"https:\/\/schema.org\",\"@graph\":[{\"@type\":\"Article\",\"@id\":\"https:\/\/infoecos.com.ar\/index.php\/udocba-reclamo-otra-vez-suspender-las-clases-presenciales-en-la-provincia-sumando-a-pehuajo-y-trenque-lauquen\/#article\",\"isPartOf\":{\"@id\":\"https:\/\/infoecos.com.ar\/index.php\/udocba-reclamo-otra-vez-suspender-las-clases-presenciales-en-la-provincia-sumando-a-pehuajo-y-trenque-lauquen\/\"},\"author\":{\"name\":\"Jorge Matheus\",\"@id\":\"https:\/\/infoecos.com.ar\/#\/schema\/person\/8f5ace5ce73b4b4aac4b7245aee6f191\"},\"headline\":\"UDOCBA reclam\u00f3, otra vez, suspender las clases presenciales en la provincia sumando a Pehuaj\u00f3 y Trenque Lauquen\",\"datePublished\":\"2021-04-28T18:47:23+00:00\",\"dateModified\":\"2021-04-29T21:14:31+00:00\",\"mainEntityOfPage\":{\"@id\":\"https:\/\/infoecos.com.ar\/index.php\/udocba-reclamo-otra-vez-suspender-las-clases-presenciales-en-la-provincia-sumando-a-pehuajo-y-trenque-lauquen\/\"},\"wordCount\":544,\"publisher\":{\"@id\":\"https:\/\/infoecos.com.ar\/#organization\"},\"image\":{\"@id\":\"https:\/\/infoecos.com.ar\/index.php\/udocba-reclamo-otra-vez-suspender-las-clases-presenciales-en-la-provincia-sumando-a-pehuajo-y-trenque-lauquen\/#primaryimage\"},\"thumbnailUrl\":\"\",\"keywords\":[\"salud y educaci\u00f3n\"],\"articleSection\":[\"C2 N3\"],\"inLanguage\":\"es\"},{\"@type\":\"WebPage\",\"@id\":\"https:\/\/infoecos.com.ar\/index.php\/udocba-reclamo-otra-vez-suspender-las-clases-presenciales-en-la-provincia-sumando-a-pehuajo-y-trenque-lauquen\/\",\"url\":\"https:\/\/infoecos.com.ar\/index.php\/udocba-reclamo-otra-vez-suspender-las-clases-presenciales-en-la-provincia-sumando-a-pehuajo-y-trenque-lauquen\/\",\"name\":\"UDOCBA reclam\u00f3, otra vez, suspender las clases presenciales en la provincia sumando a Pehuaj\u00f3 y Trenque Lauquen - Infoecos\",\"isPartOf\":{\"@id\":\"https:\/\/infoecos.com.ar\/#website\"},\"primaryImageOfPage\":{\"@id\":\"https:\/\/infoecos.com.ar\/index.php\/udocba-reclamo-otra-vez-suspender-las-clases-presenciales-en-la-provincia-sumando-a-pehuajo-y-trenque-lauquen\/#primaryimage\"},\"image\":{\"@id\":\"https:\/\/infoecos.com.ar\/index.php\/udocba-reclamo-otra-vez-suspender-las-clases-presenciales-en-la-provincia-sumando-a-pehuajo-y-trenque-lauquen\/#primaryimage\"},\"thumbnailUrl\":\"\",\"datePublished\":\"2021-04-28T18:47:23+00:00\",\"dateModified\":\"2021-04-29T21:14:31+00:00\",\"breadcrumb\":{\"@id\":\"https:\/\/infoecos.com.ar\/index.php\/udocba-reclamo-otra-vez-suspender-las-clases-presenciales-en-la-provincia-sumando-a-pehuajo-y-trenque-lauquen\/#breadcrumb\"},\"inLanguage\":\"es\",\"potentialAction\":[{\"@type\":\"ReadAction\",\"target\":[\"https:\/\/infoecos.com.ar\/index.php\/udocba-reclamo-otra-vez-suspender-las-clases-presenciales-en-la-provincia-sumando-a-pehuajo-y-trenque-lauquen\/\"]}]},{\"@type\":\"ImageObject\",\"inLanguage\":\"es\",\"@id\":\"https:\/\/infoecos.com.ar\/index.php\/udocba-reclamo-otra-vez-suspender-las-clases-presenciales-en-la-provincia-sumando-a-pehuajo-y-trenque-lauquen\/#primaryimage\",\"url\":\"\",\"contentUrl\":\"\"},{\"@type\":\"BreadcrumbList\",\"@id\":\"https:\/\/infoecos.com.ar\/index.php\/udocba-reclamo-otra-vez-suspender-las-clases-presenciales-en-la-provincia-sumando-a-pehuajo-y-trenque-lauquen\/#breadcrumb\",\"itemListElement\":[{\"@type\":\"ListItem\",\"position\":1,\"name\":\"Portada\",\"item\":\"https:\/\/infoecos.com.ar\/\"},{\"@type\":\"ListItem\",\"position\":2,\"name\":\"UDOCBA reclam\u00f3, otra vez, suspender las clases presenciales en la provincia sumando a Pehuaj\u00f3 y Trenque Lauquen\"}]},{\"@type\":\"WebSite\",\"@id\":\"https:\/\/infoecos.com.ar\/#website\",\"url\":\"https:\/\/infoecos.com.ar\/\",\"name\":\"Infoecos\",\"description\":\"Noticias de trenque lauquen y la zona\",\"publisher\":{\"@id\":\"https:\/\/infoecos.com.ar\/#organization\"},\"alternateName\":\"Noticias\",\"potentialAction\":[{\"@type\":\"SearchAction\",\"target\":{\"@type\":\"EntryPoint\",\"urlTemplate\":\"https:\/\/infoecos.com.ar\/?s={search_term_string}\"},\"query-input\":{\"@type\":\"PropertyValueSpecification\",\"valueRequired\":true,\"valueName\":\"search_term_string\"}}],\"inLanguage\":\"es\"},{\"@type\":\"Organization\",\"@id\":\"https:\/\/infoecos.com.ar\/#organization\",\"name\":\"Infoecos\",\"alternateName\":\"Noticias\",\"url\":\"https:\/\/infoecos.com.ar\/\",\"logo\":{\"@type\":\"ImageObject\",\"inLanguage\":\"es\",\"@id\":\"https:\/\/infoecos.com.ar\/#\/schema\/logo\/image\/\",\"url\":\"https:\/\/infoecos.com.ar\/wp-content\/uploads\/2024\/03\/cropped-logo.png\",\"contentUrl\":\"https:\/\/infoecos.com.ar\/wp-content\/uploads\/2024\/03\/cropped-logo.png\",\"width\":374,\"height\":90,\"caption\":\"Infoecos\"},\"image\":{\"@id\":\"https:\/\/infoecos.com.ar\/#\/schema\/logo\/image\/\"},\"sameAs\":[\"https:\/\/www.facebook.com\/profile.php?id=100063200290284\",\"https:\/\/x.com\/infoecos\"]},{\"@type\":\"Person\",\"@id\":\"https:\/\/infoecos.com.ar\/#\/schema\/person\/8f5ace5ce73b4b4aac4b7245aee6f191\",\"name\":\"Jorge Matheus\",\"url\":\"https:\/\/infoecos.com.ar\/index.php\/author\/jomatheus\/\"}]}<\/script>\n<!-- \/ Yoast SEO plugin. -->","yoast_head_json":{"title":"UDOCBA reclam\u00f3, otra vez, suspender las clases presenciales en la provincia sumando a Pehuaj\u00f3 y Trenque Lauquen - Infoecos","robots":{"index":"index","follow":"follow","max-snippet":"max-snippet:-1","max-image-preview":"max-image-preview:large","max-video-preview":"max-video-preview:-1"},"canonical":"https:\/\/infoecos.com.ar\/index.php\/udocba-reclamo-otra-vez-suspender-las-clases-presenciales-en-la-provincia-sumando-a-pehuajo-y-trenque-lauquen\/","og_locale":"es_ES","og_type":"article","og_title":"UDOCBA reclam\u00f3, otra vez, suspender las clases presenciales en la provincia sumando a Pehuaj\u00f3 y Trenque Lauquen - Infoecos","og_description":"A trav\u00e9s de un comunicado, Udocba manifest\u00f3 que \"el motivo de la solicitud radica en que se ha producido un brote o aumento significativo de casos positivos de Covid y se observa un incremento en la velocidad de transmisi\u00f3n\"","og_url":"https:\/\/infoecos.com.ar\/index.php\/udocba-reclamo-otra-vez-suspender-las-clases-presenciales-en-la-provincia-sumando-a-pehuajo-y-trenque-lauquen\/","og_site_name":"Infoecos","article_publisher":"https:\/\/www.facebook.com\/profile.php?id=100063200290284","article_published_time":"2021-04-28T18:47:23+00:00","article_modified_time":"2021-04-29T21:14:31+00:00","og_image":[{"width":700,"height":490,"url":"https:\/\/infoecos.com.ar\/wp-content\/uploads\/20150302-el-80-de-los-alumnos-de-la-provincia-empez-las-clases.jpg","type":"image\/jpeg"}],"author":"Jorge Matheus","twitter_card":"summary_large_image","twitter_creator":"@infoecos","twitter_site":"@infoecos","twitter_misc":{"Escrito por":"Jorge Matheus","Tiempo de lectura":"3 minutos"},"schema":{"@context":"https:\/\/schema.org","@graph":[{"@type":"Article","@id":"https:\/\/infoecos.com.ar\/index.php\/udocba-reclamo-otra-vez-suspender-las-clases-presenciales-en-la-provincia-sumando-a-pehuajo-y-trenque-lauquen\/#article","isPartOf":{"@id":"https:\/\/infoecos.com.ar\/index.php\/udocba-reclamo-otra-vez-suspender-las-clases-presenciales-en-la-provincia-sumando-a-pehuajo-y-trenque-lauquen\/"},"author":{"name":"Jorge Matheus","@id":"https:\/\/infoecos.com.ar\/#\/schema\/person\/8f5ace5ce73b4b4aac4b7245aee6f191"},"headline":"UDOCBA reclam\u00f3, otra vez, suspender las clases presenciales en la provincia sumando a Pehuaj\u00f3 y Trenque Lauquen","datePublished":"2021-04-28T18:47:23+00:00","dateModified":"2021-04-29T21:14:31+00:00","mainEntityOfPage":{"@id":"https:\/\/infoecos.com.ar\/index.php\/udocba-reclamo-otra-vez-suspender-las-clases-presenciales-en-la-provincia-sumando-a-pehuajo-y-trenque-lauquen\/"},"wordCount":544,"publisher":{"@id":"https:\/\/infoecos.com.ar\/#organization"},"image":{"@id":"https:\/\/infoecos.com.ar\/index.php\/udocba-reclamo-otra-vez-suspender-las-clases-presenciales-en-la-provincia-sumando-a-pehuajo-y-trenque-lauquen\/#primaryimage"},"thumbnailUrl":"","keywords":["salud y educaci\u00f3n"],"articleSection":["C2 N3"],"inLanguage":"es"},{"@type":"WebPage","@id":"https:\/\/infoecos.com.ar\/index.php\/udocba-reclamo-otra-vez-suspender-las-clases-presenciales-en-la-provincia-sumando-a-pehuajo-y-trenque-lauquen\/","url":"https:\/\/infoecos.com.ar\/index.php\/udocba-reclamo-otra-vez-suspender-las-clases-presenciales-en-la-provincia-sumando-a-pehuajo-y-trenque-lauquen\/","name":"UDOCBA reclam\u00f3, otra vez, suspender las clases presenciales en la provincia sumando a Pehuaj\u00f3 y Trenque Lauquen - Infoecos","isPartOf":{"@id":"https:\/\/infoecos.com.ar\/#website"},"primaryImageOfPage":{"@id":"https:\/\/infoecos.com.ar\/index.php\/udocba-reclamo-otra-vez-suspender-las-clases-presenciales-en-la-provincia-sumando-a-pehuajo-y-trenque-lauquen\/#primaryimage"},"image":{"@id":"https:\/\/infoecos.com.ar\/index.php\/udocba-reclamo-otra-vez-suspender-las-clases-presenciales-en-la-provincia-sumando-a-pehuajo-y-trenque-lauquen\/#primaryimage"},"thumbnailUrl":"","datePublished":"2021-04-28T18:47:23+00:00","dateModified":"2021-04-29T21:14:31+00:00","breadcrumb":{"@id":"https:\/\/infoecos.com.ar\/index.php\/udocba-reclamo-otra-vez-suspender-las-clases-presenciales-en-la-provincia-sumando-a-pehuajo-y-trenque-lauquen\/#breadcrumb"},"inLanguage":"es","potentialAction":[{"@type":"ReadAction","target":["https:\/\/infoecos.com.ar\/index.php\/udocba-reclamo-otra-vez-suspender-las-clases-presenciales-en-la-provincia-sumando-a-pehuajo-y-trenque-lauquen\/"]}]},{"@type":"ImageObject","inLanguage":"es","@id":"https:\/\/infoecos.com.ar\/index.php\/udocba-reclamo-otra-vez-suspender-las-clases-presenciales-en-la-provincia-sumando-a-pehuajo-y-trenque-lauquen\/#primaryimage","url":"","contentUrl":""},{"@type":"BreadcrumbList","@id":"https:\/\/infoecos.com.ar\/index.php\/udocba-reclamo-otra-vez-suspender-las-clases-presenciales-en-la-provincia-sumando-a-pehuajo-y-trenque-lauquen\/#breadcrumb","itemListElement":[{"@type":"ListItem","position":1,"name":"Portada","item":"https:\/\/infoecos.com.ar\/"},{"@type":"ListItem","position":2,"name":"UDOCBA reclam\u00f3, otra vez, suspender las clases presenciales en la provincia sumando a Pehuaj\u00f3 y Trenque Lauquen"}]},{"@type":"WebSite","@id":"https:\/\/infoecos.com.ar\/#website","url":"https:\/\/infoecos.com.ar\/","name":"Infoecos","description":"Noticias de trenque lauquen y la zona","publisher":{"@id":"https:\/\/infoecos.com.ar\/#organization"},"alternateName":"Noticias","potentialAction":[{"@type":"SearchAction","target":{"@type":"EntryPoint","urlTemplate":"https:\/\/infoecos.com.ar\/?s={search_term_string}"},"query-input":{"@type":"PropertyValueSpecification","valueRequired":true,"valueName":"search_term_string"}}],"inLanguage":"es"},{"@type":"Organization","@id":"https:\/\/infoecos.com.ar\/#organization","name":"Infoecos","alternateName":"Noticias","url":"https:\/\/infoecos.com.ar\/","logo":{"@type":"ImageObject","inLanguage":"es","@id":"https:\/\/infoecos.com.ar\/#\/schema\/logo\/image\/","url":"https:\/\/infoecos.com.ar\/wp-content\/uploads\/2024\/03\/cropped-logo.png","contentUrl":"https:\/\/infoecos.com.ar\/wp-content\/uploads\/2024\/03\/cropped-logo.png","width":374,"height":90,"caption":"Infoecos"},"image":{"@id":"https:\/\/infoecos.com.ar\/#\/schema\/logo\/image\/"},"sameAs":["https:\/\/www.facebook.com\/profile.php?id=100063200290284","https:\/\/x.com\/infoecos"]},{"@type":"Person","@id":"https:\/\/infoecos.com.ar\/#\/schema\/person\/8f5ace5ce73b4b4aac4b7245aee6f191","name":"Jorge Matheus","url":"https:\/\/infoecos.com.ar\/index.php\/author\/jomatheus\/"}]}},"featured_image_urls":{"full":"","thumbnail":"","medium":"","medium_large":"","large":"","1536x1536":"","2048x2048":"","covernews-slider-full":"","covernews-slider-center":"","covernews-featured":"","covernews-medium":"","covernews-medium-square":""},"author_info":{"info":["Jorge Matheus"]},"category_info":"<a href=\"https:\/\/infoecos.com.ar\/index.php\/category\/c2nota3\/\" rel=\"category tag\">C2 N3<\/a>","tag_info":"C2 N3","comment_count":"0","_links":{"self":[{"href":"https:\/\/infoecos.com.ar\/index.php\/wp-json\/wp\/v2\/posts\/77493"}],"collection":[{"href":"https:\/\/infoecos.com.ar\/index.php\/wp-json\/wp\/v2\/posts"}],"about":[{"href":"https:\/\/infoecos.com.ar\/index.php\/wp-json\/wp\/v2\/types\/post"}],"author":[{"embeddable":true,"href":"https:\/\/infoecos.com.ar\/index.php\/wp-json\/wp\/v2\/users\/2"}],"replies":[{"embeddable":true,"href":"https:\/\/infoecos.com.ar\/index.php\/wp-json\/wp\/v2\/comments?post=77493"}],"version-history":[{"count":2,"href":"https:\/\/infoecos.com.ar\/index.php\/wp-json\/wp\/v2\/posts\/77493\/revisions"}],"predecessor-version":[{"id":77524,"href":"https:\/\/infoecos.com.ar\/index.php\/wp-json\/wp\/v2\/posts\/77493\/revisions\/77524"}],"wp:featuredmedia":[{"embeddable":true,"href":"https:\/\/infoecos.com.ar\/index.php\/wp-json\/"}],"wp:attachment":[{"href":"https:\/\/infoecos.com.ar\/index.php\/wp-json\/wp\/v2\/media?parent=77493"}],"wp:term":[{"taxonomy":"category","embeddable":true,"href":"https:\/\/infoecos.com.ar\/index.php\/wp-json\/wp\/v2\/categories?post=77493"},{"taxonomy":"post_tag","embeddable":true,"href":"https:\/\/infoecos.com.ar\/index.php\/wp-json\/wp\/v2\/tags?post=77493"}],"curies":[{"name":"wp","href":"https:\/\/api.w.org\/{rel}","templated":true}]}}