{"id":77541,"date":"2021-04-30T18:23:43","date_gmt":"2021-04-30T21:23:43","guid":{"rendered":"http:\/\/infoecos.com.ar\/?p=77541"},"modified":"2021-05-07T00:40:46","modified_gmt":"2021-05-07T03:40:46","slug":"municipios-de-la-region-adhieren-al-plan-estrategico-de-mejora-de-caminos-rurales","status":"publish","type":"post","link":"https:\/\/infoecos.com.ar\/index.php\/municipios-de-la-region-adhieren-al-plan-estrategico-de-mejora-de-caminos-rurales\/","title":{"rendered":"Municipios de la regi\u00f3n adhieren al Plan Estrat\u00e9gico de Mejora de Caminos Rurales"},"content":{"rendered":"\n<p>El gobernador de la provincia de Buenos Aires, Axel Kicillof, suscribi\u00f3 ayer junto al ministro de Desarrollo Agrario, Javier Rodr\u00edguez, la adhesi\u00f3n de 25 municipios al <strong>Plan Estrat\u00e9gico de Mejora de Caminos Rurales<\/strong>, destinando una inversi\u00f3n superior a los 124 millones de pesos para optimizar 150 kil\u00f3metros. Fue mediante una videoconferencia con los intendentes de los distritos que firmaron su incorporaci\u00f3n al programa.<\/p>\n\n\n\n<div class=\"wp-block-image\"><figure class=\"aligncenter size-medium\"><img loading=\"lazy\" decoding=\"async\" width=\"460\" height=\"307\" src=\"http:\/\/infoecos.com.ar\/wp-content\/uploads\/2021\/04\/2021_04_29_AK_Videoconferencia-caminos-rurales_006-460x307.jpg\" alt=\"\" class=\"wp-image-77542\" srcset=\"https:\/\/infoecos.com.ar\/wp-content\/uploads\/2021\/04\/2021_04_29_AK_Videoconferencia-caminos-rurales_006-460x307.jpg 460w, https:\/\/infoecos.com.ar\/wp-content\/uploads\/2021\/04\/2021_04_29_AK_Videoconferencia-caminos-rurales_006-920x613.jpg 920w, https:\/\/infoecos.com.ar\/wp-content\/uploads\/2021\/04\/2021_04_29_AK_Videoconferencia-caminos-rurales_006-768x512.jpg 768w, https:\/\/infoecos.com.ar\/wp-content\/uploads\/2021\/04\/2021_04_29_AK_Videoconferencia-caminos-rurales_006-1536x1024.jpg 1536w, https:\/\/infoecos.com.ar\/wp-content\/uploads\/2021\/04\/2021_04_29_AK_Videoconferencia-caminos-rurales_006-2048x1365.jpg 2048w, https:\/\/infoecos.com.ar\/wp-content\/uploads\/2021\/04\/2021_04_29_AK_Videoconferencia-caminos-rurales_006-1024x683.jpg 1024w, https:\/\/infoecos.com.ar\/wp-content\/uploads\/2021\/04\/2021_04_29_AK_Videoconferencia-caminos-rurales_006-675x450.jpg 675w\" sizes=\"(max-width: 460px) 100vw, 460px\" \/><\/figure><\/div>\n\n\n\n<p>En ese marco, Kicllof destac\u00f3 que \u201clos caminos rurales son tan importantes para el transporte de cargas, la seguridad y el tr\u00e1nsito, como para que lleguen las ambulancias y los estudiantes puedan acceder a las escuelas\u201d. \u201cEsta es una nueva etapa de un programa que afecta a 1.580 kil\u00f3metros de los caminos rurales que son centrales para el desarrollo de nuestra provincia\u201d, agreg\u00f3.<\/p>\n\n\n\n<p>\u201cEstamos abocados a la pandemia, pero tambi\u00e9n a resolver las deudas pendientes y los problemas estructurales que enfrenta la provincia de Buenos Aires\u201d, afirm\u00f3 el Gobernador, al tiempo que subray\u00f3 \u201cel compromiso de seguir reforzando la inversi\u00f3n en obras estrat\u00e9gicas y de acompa\u00f1ar a todos los municipios del interior bonaerense\u201d.<br>Con este segundo grupo de municipios que adhieren al programa se prev\u00e9 beneficiar a 50 mil bonaerenses que habitan y transitan 102 parajes de la Provincia, incluyendo a docentes y estudiantes de 84 escuelas.&nbsp;<\/p>\n\n\n\n<p>\u201cEstamos firmando 25 convenios con municipios por 124 millones de pesos para obras de mejoramiento en caminos rurales que necesitan una soluci\u00f3n urgente y que se pondr\u00e1n en marcha r\u00e1pidamente\u201d, manifest\u00f3 Rodr\u00edguez, al tiempo que explic\u00f3 que se trata de \u201cun trabajo coordinado y consensuado con los municipios, en el que la Provincia aporta los materiales y los distritos se encargan de la mano de obra y la maquinaria necesaria para llevar adelante las tareas\u201d.<\/p>\n\n\n\n<div class=\"wp-block-image\"><figure class=\"aligncenter size-medium\"><img loading=\"lazy\" decoding=\"async\" width=\"460\" height=\"307\" src=\"http:\/\/infoecos.com.ar\/wp-content\/uploads\/2021\/04\/2021_04_29_AK_Videoconferencia-caminos-rurales_011-460x307.jpg\" alt=\"\" class=\"wp-image-77543\" srcset=\"https:\/\/infoecos.com.ar\/wp-content\/uploads\/2021\/04\/2021_04_29_AK_Videoconferencia-caminos-rurales_011-460x307.jpg 460w, https:\/\/infoecos.com.ar\/wp-content\/uploads\/2021\/04\/2021_04_29_AK_Videoconferencia-caminos-rurales_011-920x613.jpg 920w, https:\/\/infoecos.com.ar\/wp-content\/uploads\/2021\/04\/2021_04_29_AK_Videoconferencia-caminos-rurales_011-768x512.jpg 768w, https:\/\/infoecos.com.ar\/wp-content\/uploads\/2021\/04\/2021_04_29_AK_Videoconferencia-caminos-rurales_011-1536x1024.jpg 1536w, https:\/\/infoecos.com.ar\/wp-content\/uploads\/2021\/04\/2021_04_29_AK_Videoconferencia-caminos-rurales_011-2048x1365.jpg 2048w, https:\/\/infoecos.com.ar\/wp-content\/uploads\/2021\/04\/2021_04_29_AK_Videoconferencia-caminos-rurales_011-1024x683.jpg 1024w, https:\/\/infoecos.com.ar\/wp-content\/uploads\/2021\/04\/2021_04_29_AK_Videoconferencia-caminos-rurales_011-675x450.jpg 675w\" sizes=\"(max-width: 460px) 100vw, 460px\" \/><\/figure><\/div>\n\n\n\n<p>\u201cCuando hablamos de caminos rurales nos referimos a la log\u00edstica y a la producci\u00f3n, pero tambi\u00e9n a mejorar la calidad de vida de los y las bonaerenses que habitan en localidades rurales y a los que se les dificulta el acceso a la educaci\u00f3n, a la seguridad y a la salud\u201d, se\u00f1al\u00f3 el Ministro. Al momento, ya se encuentran en marcha obras sobre el sistema provincial de caminos rurales en 41 distritos.&nbsp;<br><br>Estuvieron presentes los jefes municipales de los distritos que adhirieron: Hern\u00e1n Bertellys, de Azul; Esteban Reino, de Balcarce; Juan Jos\u00e9 Mussi, de Berazategui; Iv\u00e1n Villagr\u00e1n, de Carmen de Areco; <strong>V\u00edctor Aiola, de Chacabuco<\/strong>; Javier Gast\u00f3n, de Chascom\u00fas; <strong>Guillermo Britos, de Chivilcoy<\/strong>; Lisandro Matzkin, de Coronel Pringles; Ricardo Casi, de Col\u00f3n; <strong>Alejandro Acerbo, de Daireaux<\/strong>; Ariel Sujarchuk, de Escobar; Diego Nanni, de Exaltaci\u00f3n de la Cruz; Andr\u00e9s Watson, de Florencio Varela; Guillermo Montenegro, de General Pueyrredon; Sebasti\u00e1n Ianantuony, de General Alvarado; Osvaldo Din\u00e1poli, de General Belgrano;<strong> Jos\u00e9 Ferreira, de Guamin\u00ed<\/strong>; Jorge Paredi, de Mar Chiquita; Ricardo Curutchet, de Marcos Paz; Ezequiel Galli, de Olavarr\u00eda; Hern\u00e1n Y Zurieta, de Punta Indio; Roberto Suescun, de Rauch; Miguel \u00c1ngel Lunghi, de Tandil; Gustavo Cocconi, de Tapalqu\u00e9; y <strong>Roberto \u00c1lvarez, de Tres Lomas<\/strong>.<\/p>\n","protected":false},"excerpt":{"rendered":"<p>Kicllof destac\u00f3 que \u201clos caminos rurales son tan importantes para el transporte de cargas, la seguridad y el tr\u00e1nsito, como para que lleguen las ambulancias y los estudiantes puedan acceder a las escuelas\u201d<\/p>\n","protected":false},"author":2,"featured_media":77544,"comment_status":"closed","ping_status":"open","sticky":false,"template":"","format":"standard","meta":{"footnotes":""},"categories":[1334,29],"tags":[3573],"class_list":["post-77541","post","type-post","status-publish","format-standard","has-post-thumbnail","hentry","category-inferior14","category-c2nota1","tag-mas-de-124-millones-de-pesos"],"yoast_head":"<!-- This site is optimized with the Yoast SEO plugin v23.4 - https:\/\/yoast.com\/wordpress\/plugins\/seo\/ -->\n<title>Municipios de la regi\u00f3n adhieren al Plan Estrat\u00e9gico de Mejora de Caminos Rurales - Infoecos<\/title>\n<meta name=\"robots\" content=\"index, follow, max-snippet:-1, max-image-preview:large, max-video-preview:-1\" \/>\n<link rel=\"canonical\" href=\"https:\/\/infoecos.com.ar\/index.php\/municipios-de-la-region-adhieren-al-plan-estrategico-de-mejora-de-caminos-rurales\/\" \/>\n<meta property=\"og:locale\" content=\"es_ES\" \/>\n<meta property=\"og:type\" content=\"article\" \/>\n<meta property=\"og:title\" content=\"Municipios de la regi\u00f3n adhieren al Plan Estrat\u00e9gico de Mejora de Caminos Rurales - Infoecos\" \/>\n<meta property=\"og:description\" content=\"Kicllof destac\u00f3 que \u201clos caminos rurales son tan importantes para el transporte de cargas, la seguridad y el tr\u00e1nsito, como para que lleguen las ambulancias y los estudiantes puedan acceder a las escuelas\u201d\" \/>\n<meta property=\"og:url\" content=\"https:\/\/infoecos.com.ar\/index.php\/municipios-de-la-region-adhieren-al-plan-estrategico-de-mejora-de-caminos-rurales\/\" \/>\n<meta property=\"og:site_name\" content=\"Infoecos\" \/>\n<meta property=\"article:publisher\" content=\"https:\/\/www.facebook.com\/profile.php?id=100063200290284\" \/>\n<meta property=\"article:published_time\" content=\"2021-04-30T21:23:43+00:00\" \/>\n<meta property=\"article:modified_time\" content=\"2021-05-07T03:40:46+00:00\" \/>\n<meta property=\"og:image\" content=\"https:\/\/infoecos.com.ar\/wp-content\/uploads\/2021\/04\/2021_04_29_AK_Videoconferencia-caminos-rurales_015-scaled.jpg\" \/>\n\t<meta property=\"og:image:width\" content=\"2560\" \/>\n\t<meta property=\"og:image:height\" content=\"1707\" \/>\n\t<meta property=\"og:image:type\" content=\"image\/jpeg\" \/>\n<meta name=\"author\" content=\"Jorge Matheus\" \/>\n<meta name=\"twitter:card\" content=\"summary_large_image\" \/>\n<meta name=\"twitter:creator\" content=\"@infoecos\" \/>\n<meta name=\"twitter:site\" content=\"@infoecos\" \/>\n<meta name=\"twitter:label1\" content=\"Escrito por\" \/>\n\t<meta name=\"twitter:data1\" content=\"Jorge Matheus\" \/>\n\t<meta name=\"twitter:label2\" content=\"Tiempo de lectura\" \/>\n\t<meta name=\"twitter:data2\" content=\"3 minutos\" \/>\n<script type=\"application\/ld+json\" class=\"yoast-schema-graph\">{\"@context\":\"https:\/\/schema.org\",\"@graph\":[{\"@type\":\"Article\",\"@id\":\"https:\/\/infoecos.com.ar\/index.php\/municipios-de-la-region-adhieren-al-plan-estrategico-de-mejora-de-caminos-rurales\/#article\",\"isPartOf\":{\"@id\":\"https:\/\/infoecos.com.ar\/index.php\/municipios-de-la-region-adhieren-al-plan-estrategico-de-mejora-de-caminos-rurales\/\"},\"author\":{\"name\":\"Jorge Matheus\",\"@id\":\"https:\/\/infoecos.com.ar\/#\/schema\/person\/8f5ace5ce73b4b4aac4b7245aee6f191\"},\"headline\":\"Municipios de la regi\u00f3n adhieren al Plan Estrat\u00e9gico de Mejora de Caminos Rurales\",\"datePublished\":\"2021-04-30T21:23:43+00:00\",\"dateModified\":\"2021-05-07T03:40:46+00:00\",\"mainEntityOfPage\":{\"@id\":\"https:\/\/infoecos.com.ar\/index.php\/municipios-de-la-region-adhieren-al-plan-estrategico-de-mejora-de-caminos-rurales\/\"},\"wordCount\":526,\"publisher\":{\"@id\":\"https:\/\/infoecos.com.ar\/#organization\"},\"image\":{\"@id\":\"https:\/\/infoecos.com.ar\/index.php\/municipios-de-la-region-adhieren-al-plan-estrategico-de-mejora-de-caminos-rurales\/#primaryimage\"},\"thumbnailUrl\":\"https:\/\/infoecos.com.ar\/wp-content\/uploads\/2021\/04\/2021_04_29_AK_Videoconferencia-caminos-rurales_015-scaled.jpg\",\"keywords\":[\"M\u00c1S DE 124 MILLONES DE PESOS\"],\"articleSection\":[\"Bloque inferior - 14\",\"C2 nota 1\"],\"inLanguage\":\"es\"},{\"@type\":\"WebPage\",\"@id\":\"https:\/\/infoecos.com.ar\/index.php\/municipios-de-la-region-adhieren-al-plan-estrategico-de-mejora-de-caminos-rurales\/\",\"url\":\"https:\/\/infoecos.com.ar\/index.php\/municipios-de-la-region-adhieren-al-plan-estrategico-de-mejora-de-caminos-rurales\/\",\"name\":\"Municipios de la regi\u00f3n adhieren al Plan Estrat\u00e9gico de Mejora de Caminos Rurales - Infoecos\",\"isPartOf\":{\"@id\":\"https:\/\/infoecos.com.ar\/#website\"},\"primaryImageOfPage\":{\"@id\":\"https:\/\/infoecos.com.ar\/index.php\/municipios-de-la-region-adhieren-al-plan-estrategico-de-mejora-de-caminos-rurales\/#primaryimage\"},\"image\":{\"@id\":\"https:\/\/infoecos.com.ar\/index.php\/municipios-de-la-region-adhieren-al-plan-estrategico-de-mejora-de-caminos-rurales\/#primaryimage\"},\"thumbnailUrl\":\"https:\/\/infoecos.com.ar\/wp-content\/uploads\/2021\/04\/2021_04_29_AK_Videoconferencia-caminos-rurales_015-scaled.jpg\",\"datePublished\":\"2021-04-30T21:23:43+00:00\",\"dateModified\":\"2021-05-07T03:40:46+00:00\",\"breadcrumb\":{\"@id\":\"https:\/\/infoecos.com.ar\/index.php\/municipios-de-la-region-adhieren-al-plan-estrategico-de-mejora-de-caminos-rurales\/#breadcrumb\"},\"inLanguage\":\"es\",\"potentialAction\":[{\"@type\":\"ReadAction\",\"target\":[\"https:\/\/infoecos.com.ar\/index.php\/municipios-de-la-region-adhieren-al-plan-estrategico-de-mejora-de-caminos-rurales\/\"]}]},{\"@type\":\"ImageObject\",\"inLanguage\":\"es\",\"@id\":\"https:\/\/infoecos.com.ar\/index.php\/municipios-de-la-region-adhieren-al-plan-estrategico-de-mejora-de-caminos-rurales\/#primaryimage\",\"url\":\"https:\/\/infoecos.com.ar\/wp-content\/uploads\/2021\/04\/2021_04_29_AK_Videoconferencia-caminos-rurales_015-scaled.jpg\",\"contentUrl\":\"https:\/\/infoecos.com.ar\/wp-content\/uploads\/2021\/04\/2021_04_29_AK_Videoconferencia-caminos-rurales_015-scaled.jpg\",\"width\":2560,\"height\":1707},{\"@type\":\"BreadcrumbList\",\"@id\":\"https:\/\/infoecos.com.ar\/index.php\/municipios-de-la-region-adhieren-al-plan-estrategico-de-mejora-de-caminos-rurales\/#breadcrumb\",\"itemListElement\":[{\"@type\":\"ListItem\",\"position\":1,\"name\":\"Portada\",\"item\":\"https:\/\/infoecos.com.ar\/\"},{\"@type\":\"ListItem\",\"position\":2,\"name\":\"Municipios de la regi\u00f3n adhieren al Plan Estrat\u00e9gico de Mejora de Caminos Rurales\"}]},{\"@type\":\"WebSite\",\"@id\":\"https:\/\/infoecos.com.ar\/#website\",\"url\":\"https:\/\/infoecos.com.ar\/\",\"name\":\"Infoecos\",\"description\":\"Noticias de trenque lauquen y la zona\",\"publisher\":{\"@id\":\"https:\/\/infoecos.com.ar\/#organization\"},\"alternateName\":\"Noticias\",\"potentialAction\":[{\"@type\":\"SearchAction\",\"target\":{\"@type\":\"EntryPoint\",\"urlTemplate\":\"https:\/\/infoecos.com.ar\/?s={search_term_string}\"},\"query-input\":{\"@type\":\"PropertyValueSpecification\",\"valueRequired\":true,\"valueName\":\"search_term_string\"}}],\"inLanguage\":\"es\"},{\"@type\":\"Organization\",\"@id\":\"https:\/\/infoecos.com.ar\/#organization\",\"name\":\"Infoecos\",\"alternateName\":\"Noticias\",\"url\":\"https:\/\/infoecos.com.ar\/\",\"logo\":{\"@type\":\"ImageObject\",\"inLanguage\":\"es\",\"@id\":\"https:\/\/infoecos.com.ar\/#\/schema\/logo\/image\/\",\"url\":\"https:\/\/infoecos.com.ar\/wp-content\/uploads\/2024\/03\/cropped-logo.png\",\"contentUrl\":\"https:\/\/infoecos.com.ar\/wp-content\/uploads\/2024\/03\/cropped-logo.png\",\"width\":374,\"height\":90,\"caption\":\"Infoecos\"},\"image\":{\"@id\":\"https:\/\/infoecos.com.ar\/#\/schema\/logo\/image\/\"},\"sameAs\":[\"https:\/\/www.facebook.com\/profile.php?id=100063200290284\",\"https:\/\/x.com\/infoecos\"]},{\"@type\":\"Person\",\"@id\":\"https:\/\/infoecos.com.ar\/#\/schema\/person\/8f5ace5ce73b4b4aac4b7245aee6f191\",\"name\":\"Jorge Matheus\",\"url\":\"https:\/\/infoecos.com.ar\/index.php\/author\/jomatheus\/\"}]}<\/script>\n<!-- \/ Yoast SEO plugin. -->","yoast_head_json":{"title":"Municipios de la regi\u00f3n adhieren al Plan Estrat\u00e9gico de Mejora de Caminos Rurales - Infoecos","robots":{"index":"index","follow":"follow","max-snippet":"max-snippet:-1","max-image-preview":"max-image-preview:large","max-video-preview":"max-video-preview:-1"},"canonical":"https:\/\/infoecos.com.ar\/index.php\/municipios-de-la-region-adhieren-al-plan-estrategico-de-mejora-de-caminos-rurales\/","og_locale":"es_ES","og_type":"article","og_title":"Municipios de la regi\u00f3n adhieren al Plan Estrat\u00e9gico de Mejora de Caminos Rurales - Infoecos","og_description":"Kicllof destac\u00f3 que \u201clos caminos rurales son tan importantes para el transporte de cargas, la seguridad y el tr\u00e1nsito, como para que lleguen las ambulancias y los estudiantes puedan acceder a las escuelas\u201d","og_url":"https:\/\/infoecos.com.ar\/index.php\/municipios-de-la-region-adhieren-al-plan-estrategico-de-mejora-de-caminos-rurales\/","og_site_name":"Infoecos","article_publisher":"https:\/\/www.facebook.com\/profile.php?id=100063200290284","article_published_time":"2021-04-30T21:23:43+00:00","article_modified_time":"2021-05-07T03:40:46+00:00","og_image":[{"width":2560,"height":1707,"url":"https:\/\/infoecos.com.ar\/wp-content\/uploads\/2021\/04\/2021_04_29_AK_Videoconferencia-caminos-rurales_015-scaled.jpg","type":"image\/jpeg"}],"author":"Jorge Matheus","twitter_card":"summary_large_image","twitter_creator":"@infoecos","twitter_site":"@infoecos","twitter_misc":{"Escrito por":"Jorge Matheus","Tiempo de lectura":"3 minutos"},"schema":{"@context":"https:\/\/schema.org","@graph":[{"@type":"Article","@id":"https:\/\/infoecos.com.ar\/index.php\/municipios-de-la-region-adhieren-al-plan-estrategico-de-mejora-de-caminos-rurales\/#article","isPartOf":{"@id":"https:\/\/infoecos.com.ar\/index.php\/municipios-de-la-region-adhieren-al-plan-estrategico-de-mejora-de-caminos-rurales\/"},"author":{"name":"Jorge Matheus","@id":"https:\/\/infoecos.com.ar\/#\/schema\/person\/8f5ace5ce73b4b4aac4b7245aee6f191"},"headline":"Municipios de la regi\u00f3n adhieren al Plan Estrat\u00e9gico de Mejora de Caminos Rurales","datePublished":"2021-04-30T21:23:43+00:00","dateModified":"2021-05-07T03:40:46+00:00","mainEntityOfPage":{"@id":"https:\/\/infoecos.com.ar\/index.php\/municipios-de-la-region-adhieren-al-plan-estrategico-de-mejora-de-caminos-rurales\/"},"wordCount":526,"publisher":{"@id":"https:\/\/infoecos.com.ar\/#organization"},"image":{"@id":"https:\/\/infoecos.com.ar\/index.php\/municipios-de-la-region-adhieren-al-plan-estrategico-de-mejora-de-caminos-rurales\/#primaryimage"},"thumbnailUrl":"https:\/\/infoecos.com.ar\/wp-content\/uploads\/2021\/04\/2021_04_29_AK_Videoconferencia-caminos-rurales_015-scaled.jpg","keywords":["M\u00c1S DE 124 MILLONES DE PESOS"],"articleSection":["Bloque inferior - 14","C2 nota 1"],"inLanguage":"es"},{"@type":"WebPage","@id":"https:\/\/infoecos.com.ar\/index.php\/municipios-de-la-region-adhieren-al-plan-estrategico-de-mejora-de-caminos-rurales\/","url":"https:\/\/infoecos.com.ar\/index.php\/municipios-de-la-region-adhieren-al-plan-estrategico-de-mejora-de-caminos-rurales\/","name":"Municipios de la regi\u00f3n adhieren al Plan Estrat\u00e9gico de Mejora de Caminos Rurales - Infoecos","isPartOf":{"@id":"https:\/\/infoecos.com.ar\/#website"},"primaryImageOfPage":{"@id":"https:\/\/infoecos.com.ar\/index.php\/municipios-de-la-region-adhieren-al-plan-estrategico-de-mejora-de-caminos-rurales\/#primaryimage"},"image":{"@id":"https:\/\/infoecos.com.ar\/index.php\/municipios-de-la-region-adhieren-al-plan-estrategico-de-mejora-de-caminos-rurales\/#primaryimage"},"thumbnailUrl":"https:\/\/infoecos.com.ar\/wp-content\/uploads\/2021\/04\/2021_04_29_AK_Videoconferencia-caminos-rurales_015-scaled.jpg","datePublished":"2021-04-30T21:23:43+00:00","dateModified":"2021-05-07T03:40:46+00:00","breadcrumb":{"@id":"https:\/\/infoecos.com.ar\/index.php\/municipios-de-la-region-adhieren-al-plan-estrategico-de-mejora-de-caminos-rurales\/#breadcrumb"},"inLanguage":"es","potentialAction":[{"@type":"ReadAction","target":["https:\/\/infoecos.com.ar\/index.php\/municipios-de-la-region-adhieren-al-plan-estrategico-de-mejora-de-caminos-rurales\/"]}]},{"@type":"ImageObject","inLanguage":"es","@id":"https:\/\/infoecos.com.ar\/index.php\/municipios-de-la-region-adhieren-al-plan-estrategico-de-mejora-de-caminos-rurales\/#primaryimage","url":"https:\/\/infoecos.com.ar\/wp-content\/uploads\/2021\/04\/2021_04_29_AK_Videoconferencia-caminos-rurales_015-scaled.jpg","contentUrl":"https:\/\/infoecos.com.ar\/wp-content\/uploads\/2021\/04\/2021_04_29_AK_Videoconferencia-caminos-rurales_015-scaled.jpg","width":2560,"height":1707},{"@type":"BreadcrumbList","@id":"https:\/\/infoecos.com.ar\/index.php\/municipios-de-la-region-adhieren-al-plan-estrategico-de-mejora-de-caminos-rurales\/#breadcrumb","itemListElement":[{"@type":"ListItem","position":1,"name":"Portada","item":"https:\/\/infoecos.com.ar\/"},{"@type":"ListItem","position":2,"name":"Municipios de la regi\u00f3n adhieren al Plan Estrat\u00e9gico de Mejora de Caminos Rurales"}]},{"@type":"WebSite","@id":"https:\/\/infoecos.com.ar\/#website","url":"https:\/\/infoecos.com.ar\/","name":"Infoecos","description":"Noticias de trenque lauquen y la zona","publisher":{"@id":"https:\/\/infoecos.com.ar\/#organization"},"alternateName":"Noticias","potentialAction":[{"@type":"SearchAction","target":{"@type":"EntryPoint","urlTemplate":"https:\/\/infoecos.com.ar\/?s={search_term_string}"},"query-input":{"@type":"PropertyValueSpecification","valueRequired":true,"valueName":"search_term_string"}}],"inLanguage":"es"},{"@type":"Organization","@id":"https:\/\/infoecos.com.ar\/#organization","name":"Infoecos","alternateName":"Noticias","url":"https:\/\/infoecos.com.ar\/","logo":{"@type":"ImageObject","inLanguage":"es","@id":"https:\/\/infoecos.com.ar\/#\/schema\/logo\/image\/","url":"https:\/\/infoecos.com.ar\/wp-content\/uploads\/2024\/03\/cropped-logo.png","contentUrl":"https:\/\/infoecos.com.ar\/wp-content\/uploads\/2024\/03\/cropped-logo.png","width":374,"height":90,"caption":"Infoecos"},"image":{"@id":"https:\/\/infoecos.com.ar\/#\/schema\/logo\/image\/"},"sameAs":["https:\/\/www.facebook.com\/profile.php?id=100063200290284","https:\/\/x.com\/infoecos"]},{"@type":"Person","@id":"https:\/\/infoecos.com.ar\/#\/schema\/person\/8f5ace5ce73b4b4aac4b7245aee6f191","name":"Jorge Matheus","url":"https:\/\/infoecos.com.ar\/index.php\/author\/jomatheus\/"}]}},"featured_image_urls":{"full":["https:\/\/infoecos.com.ar\/wp-content\/uploads\/2021\/04\/2021_04_29_AK_Videoconferencia-caminos-rurales_015-scaled.jpg",2560,1707,false],"thumbnail":["https:\/\/infoecos.com.ar\/wp-content\/uploads\/2021\/04\/2021_04_29_AK_Videoconferencia-caminos-rurales_015-150x150.jpg",150,150,true],"medium":["https:\/\/infoecos.com.ar\/wp-content\/uploads\/2021\/04\/2021_04_29_AK_Videoconferencia-caminos-rurales_015-460x307.jpg",460,307,true],"medium_large":["https:\/\/infoecos.com.ar\/wp-content\/uploads\/2021\/04\/2021_04_29_AK_Videoconferencia-caminos-rurales_015-768x512.jpg",640,427,true],"large":["https:\/\/infoecos.com.ar\/wp-content\/uploads\/2021\/04\/2021_04_29_AK_Videoconferencia-caminos-rurales_015-920x613.jpg",640,426,true],"1536x1536":["https:\/\/infoecos.com.ar\/wp-content\/uploads\/2021\/04\/2021_04_29_AK_Videoconferencia-caminos-rurales_015-1536x1024.jpg",1536,1024,true],"2048x2048":["https:\/\/infoecos.com.ar\/wp-content\/uploads\/2021\/04\/2021_04_29_AK_Videoconferencia-caminos-rurales_015-2048x1365.jpg",2048,1365,true],"covernews-slider-full":["https:\/\/infoecos.com.ar\/wp-content\/uploads\/2021\/04\/2021_04_29_AK_Videoconferencia-caminos-rurales_015-1536x1020.jpg",1077,715,true],"covernews-slider-center":["https:\/\/infoecos.com.ar\/wp-content\/uploads\/2021\/04\/2021_04_29_AK_Videoconferencia-caminos-rurales_015-936x897.jpg",522,500,true],"covernews-featured":["https:\/\/infoecos.com.ar\/wp-content\/uploads\/2021\/04\/2021_04_29_AK_Videoconferencia-caminos-rurales_015-1024x683.jpg",1024,683,true],"covernews-medium":["https:\/\/infoecos.com.ar\/wp-content\/uploads\/2021\/04\/2021_04_29_AK_Videoconferencia-caminos-rurales_015-720x380.jpg",540,285,true],"covernews-medium-square":["https:\/\/infoecos.com.ar\/wp-content\/uploads\/2021\/04\/2021_04_29_AK_Videoconferencia-caminos-rurales_015-675x450.jpg",375,250,true]},"author_info":{"info":["Jorge Matheus"]},"category_info":"<a href=\"https:\/\/infoecos.com.ar\/index.php\/category\/inferior14\/\" rel=\"category tag\">Bloque inferior - 14<\/a> <a href=\"https:\/\/infoecos.com.ar\/index.php\/category\/c2nota1\/\" rel=\"category tag\">C2 nota 1<\/a>","tag_info":"C2 nota 1","comment_count":"0","_links":{"self":[{"href":"https:\/\/infoecos.com.ar\/index.php\/wp-json\/wp\/v2\/posts\/77541"}],"collection":[{"href":"https:\/\/infoecos.com.ar\/index.php\/wp-json\/wp\/v2\/posts"}],"about":[{"href":"https:\/\/infoecos.com.ar\/index.php\/wp-json\/wp\/v2\/types\/post"}],"author":[{"embeddable":true,"href":"https:\/\/infoecos.com.ar\/index.php\/wp-json\/wp\/v2\/users\/2"}],"replies":[{"embeddable":true,"href":"https:\/\/infoecos.com.ar\/index.php\/wp-json\/wp\/v2\/comments?post=77541"}],"version-history":[{"count":2,"href":"https:\/\/infoecos.com.ar\/index.php\/wp-json\/wp\/v2\/posts\/77541\/revisions"}],"predecessor-version":[{"id":77550,"href":"https:\/\/infoecos.com.ar\/index.php\/wp-json\/wp\/v2\/posts\/77541\/revisions\/77550"}],"wp:featuredmedia":[{"embeddable":true,"href":"https:\/\/infoecos.com.ar\/index.php\/wp-json\/wp\/v2\/media\/77544"}],"wp:attachment":[{"href":"https:\/\/infoecos.com.ar\/index.php\/wp-json\/wp\/v2\/media?parent=77541"}],"wp:term":[{"taxonomy":"category","embeddable":true,"href":"https:\/\/infoecos.com.ar\/index.php\/wp-json\/wp\/v2\/categories?post=77541"},{"taxonomy":"post_tag","embeddable":true,"href":"https:\/\/infoecos.com.ar\/index.php\/wp-json\/wp\/v2\/tags?post=77541"}],"curies":[{"name":"wp","href":"https:\/\/api.w.org\/{rel}","templated":true}]}}