{"id":77597,"date":"2021-05-04T00:30:04","date_gmt":"2021-05-04T03:30:04","guid":{"rendered":"http:\/\/infoecos.com.ar\/?p=77597"},"modified":"2021-05-04T00:30:10","modified_gmt":"2021-05-04T03:30:10","slug":"15-920-contagios-y-540-fallecimientos-reporto-el-ministerio-de-salud-este-lunes","status":"publish","type":"post","link":"https:\/\/infoecos.com.ar\/index.php\/15-920-contagios-y-540-fallecimientos-reporto-el-ministerio-de-salud-este-lunes\/","title":{"rendered":"15.920 contagios y 540 fallecimientos report\u00f3 el ministerio de Salud, este lunes"},"content":{"rendered":"\n<p class=\"wp-block-paragraph\">El&nbsp;<strong><a href=\"https:\/\/elintransigente.com\/tag\/ministerio-de-salud\/\" target=\"_blank\" rel=\"noreferrer noopener\">Ministerio de Salud<\/a><\/strong>&nbsp;report\u00f3 15.920 nuevos&nbsp;<strong>contagios<\/strong>&nbsp;de&nbsp;<strong><a href=\"https:\/\/elintransigente.com\/tag\/coronavirus-en-argentina\/\" target=\"_blank\" rel=\"noreferrer noopener\">Coronavirus en Argentina<\/a><\/strong>, lo que suman 3.021.179 casos. Asimismo, la autoridad sanitaria registr\u00f3 540 fallecimientos en las \u00faltimas 24 horas. A su vez, el parte del Ministerio confirm\u00f3 un&nbsp;<strong>descenso<\/strong>&nbsp;en la ocupaci\u00f3n de las camas de Unidades de Terapia Intensiva (UTI) en el \u00c1rea Metropolitana de Buenos Aires. La tasa de positividad se redujo hasta el 18 por ciento, cuando la \u00faltima semana promediaba entre 25 y 30 por ciento.<\/p>\n\n\n\n<div class=\"wp-block-image\"><figure class=\"aligncenter size-medium\"><img loading=\"lazy\" decoding=\"async\" width=\"460\" height=\"260\" src=\"http:\/\/infoecos.com.ar\/wp-content\/uploads\/corona-460x260.jpg\" alt=\"\" class=\"wp-image-62475\" srcset=\"https:\/\/infoecos.com.ar\/wp-content\/uploads\/corona-460x260.jpg 460w, https:\/\/infoecos.com.ar\/wp-content\/uploads\/corona-920x520.jpg 920w, https:\/\/infoecos.com.ar\/wp-content\/uploads\/corona-768x434.jpg 768w, https:\/\/infoecos.com.ar\/wp-content\/uploads\/corona.jpg 1004w\" sizes=\"auto, (max-width: 460px) 100vw, 460px\" \/><figcaption>Coronavirus<\/figcaption><\/figure><\/div>\n\n\n\n<p class=\"wp-block-paragraph\">En este marco, el Gobierno confirm\u00f3 que se realizaron 84.298 pruebas diagn\u00f3sticas en las \u00faltimas 24 horas. Por ello, la positividad descendi\u00f3 al 18 por ciento, sin embargo, se se\u00f1ala que, para mantener controlada una pandemia, dicen los especialista, esta cifra debe estar por debajo del 10 por ciento. Con respecto a los fallecimientos, 306 fueron hombres y 230 mujeres. Desde que empez\u00f3 la pandemia en el pa\u00eds, ya murieron 64.792, y se recuperaron 2.698.072 personas, por lo que, 258.315 contin\u00faan activos.<\/p>\n","protected":false},"excerpt":{"rendered":"<p>El&nbsp;Ministerio de Salud&nbsp;report\u00f3 15.920 nuevos&nbsp;contagios&nbsp;de&nbsp;Coronavirus en Argentina, lo que suman 3.021.179 casos. Asimismo, la autoridad&#8230;<\/p>\n","protected":false},"author":2,"featured_media":62475,"comment_status":"closed","ping_status":"open","sticky":false,"template":"","format":"standard","meta":{"footnotes":""},"categories":[47],"tags":[1785],"class_list":["post-77597","post","type-post","status-publish","format-standard","has-post-thumbnail","hentry","category-c3nota2","tag-coronavirus"],"featured_image_urls":{"full":["https:\/\/infoecos.com.ar\/wp-content\/uploads\/corona.jpg",1004,567,false],"thumbnail":["https:\/\/infoecos.com.ar\/wp-content\/uploads\/corona-150x150.jpg",150,150,true],"medium":["https:\/\/infoecos.com.ar\/wp-content\/uploads\/corona-460x260.jpg",460,260,true],"medium_large":["https:\/\/infoecos.com.ar\/wp-content\/uploads\/corona-768x434.jpg",640,362,true],"large":["https:\/\/infoecos.com.ar\/wp-content\/uploads\/corona-920x520.jpg",640,362,true],"1536x1536":["https:\/\/infoecos.com.ar\/wp-content\/uploads\/corona.jpg",1004,567,false],"2048x2048":["https:\/\/infoecos.com.ar\/wp-content\/uploads\/corona.jpg",1004,567,false],"covernews-slider-full":["https:\/\/infoecos.com.ar\/wp-content\/uploads\/corona.jpg",1004,567,false],"covernews-slider-center":["https:\/\/infoecos.com.ar\/wp-content\/uploads\/corona-936x567.jpg",800,485,true],"covernews-featured":["https:\/\/infoecos.com.ar\/wp-content\/uploads\/corona.jpg",1004,567,false],"covernews-medium":["https:\/\/infoecos.com.ar\/wp-content\/uploads\/corona-720x380.jpg",540,285,true],"covernews-medium-square":["https:\/\/infoecos.com.ar\/wp-content\/uploads\/corona-675x450.jpg",375,250,true]},"author_info":{"info":["Jorge Matheus"]},"category_info":"<a href=\"https:\/\/infoecos.com.ar\/index.php\/category\/c3nota2\/\" rel=\"category tag\">C3 N2<\/a>","tag_info":"C3 N2","comment_count":"0","_links":{"self":[{"href":"https:\/\/infoecos.com.ar\/index.php\/wp-json\/wp\/v2\/posts\/77597","targetHints":{"allow":["GET"]}}],"collection":[{"href":"https:\/\/infoecos.com.ar\/index.php\/wp-json\/wp\/v2\/posts"}],"about":[{"href":"https:\/\/infoecos.com.ar\/index.php\/wp-json\/wp\/v2\/types\/post"}],"author":[{"embeddable":true,"href":"https:\/\/infoecos.com.ar\/index.php\/wp-json\/wp\/v2\/users\/2"}],"replies":[{"embeddable":true,"href":"https:\/\/infoecos.com.ar\/index.php\/wp-json\/wp\/v2\/comments?post=77597"}],"version-history":[{"count":1,"href":"https:\/\/infoecos.com.ar\/index.php\/wp-json\/wp\/v2\/posts\/77597\/revisions"}],"predecessor-version":[{"id":77598,"href":"https:\/\/infoecos.com.ar\/index.php\/wp-json\/wp\/v2\/posts\/77597\/revisions\/77598"}],"wp:featuredmedia":[{"embeddable":true,"href":"https:\/\/infoecos.com.ar\/index.php\/wp-json\/wp\/v2\/media\/62475"}],"wp:attachment":[{"href":"https:\/\/infoecos.com.ar\/index.php\/wp-json\/wp\/v2\/media?parent=77597"}],"wp:term":[{"taxonomy":"category","embeddable":true,"href":"https:\/\/infoecos.com.ar\/index.php\/wp-json\/wp\/v2\/categories?post=77597"},{"taxonomy":"post_tag","embeddable":true,"href":"https:\/\/infoecos.com.ar\/index.php\/wp-json\/wp\/v2\/tags?post=77597"}],"curies":[{"name":"wp","href":"https:\/\/api.w.org\/{rel}","templated":true}]}}