{"id":77623,"date":"2021-05-04T18:04:40","date_gmt":"2021-05-04T21:04:40","guid":{"rendered":"http:\/\/infoecos.com.ar\/?p=77623"},"modified":"2021-05-07T00:35:13","modified_gmt":"2021-05-07T03:35:13","slug":"el-gobierno-nacional-entregara-633-mil-netbooks-a-estudiantes-de-todo-el-pais","status":"publish","type":"post","link":"https:\/\/infoecos.com.ar\/index.php\/el-gobierno-nacional-entregara-633-mil-netbooks-a-estudiantes-de-todo-el-pais\/","title":{"rendered":"El Gobierno Nacional entregar\u00e1 633 mil netbooks a estudiantes de todo el pa\u00eds"},"content":{"rendered":"\n<p class=\"wp-block-paragraph\">El presidente&nbsp;<strong>Alberto Fern\u00e1ndez&nbsp;<\/strong>en conjunto con el gobernador de la provincia de Buenos Aires y el ministro de Educaci\u00f3n de la Naci\u00f3n,&nbsp;<strong>Nicol\u00e1s Trotta<\/strong>, anunci\u00f3 este martes la inversi\u00f3n de 20 mil millones de pesos para la creaci\u00f3n del Plan Federal Juana Manso.<\/p>\n\n\n\n<p class=\"wp-block-paragraph\">Mediante este plan, el Gobierno nacional entregar\u00e1 633 mil netbooks a estudiantes de todo el pa\u00eds. Las mismas est\u00e1n apuntadas a alumnos del nivel secundario, y tendr\u00e1n prioridad en la entrega las escuelas rurales o de zonas de mayor vulnerabilidad, as\u00ed como tambi\u00e9n los establecimientos que han tenido baja o nula continuidad pedag\u00f3gica en 2020.<\/p>\n\n\n\n<div class=\"wp-block-image\"><figure class=\"aligncenter size-medium\"><img loading=\"lazy\" decoding=\"async\" width=\"460\" height=\"305\" src=\"http:\/\/infoecos.com.ar\/wp-content\/uploads\/2021\/05\/20210504133255_IMG_0521-01-460x305.jpeg\" alt=\"\" class=\"wp-image-77624\" srcset=\"https:\/\/infoecos.com.ar\/wp-content\/uploads\/2021\/05\/20210504133255_IMG_0521-01-460x305.jpeg 460w, https:\/\/infoecos.com.ar\/wp-content\/uploads\/2021\/05\/20210504133255_IMG_0521-01-920x610.jpeg 920w, https:\/\/infoecos.com.ar\/wp-content\/uploads\/2021\/05\/20210504133255_IMG_0521-01-768x510.jpeg 768w, https:\/\/infoecos.com.ar\/wp-content\/uploads\/2021\/05\/20210504133255_IMG_0521-01-1536x1020.jpeg 1536w, https:\/\/infoecos.com.ar\/wp-content\/uploads\/2021\/05\/20210504133255_IMG_0521-01-2048x1359.jpeg 2048w, https:\/\/infoecos.com.ar\/wp-content\/uploads\/2021\/05\/20210504133255_IMG_0521-01-1024x679.jpeg 1024w\" sizes=\"auto, (max-width: 460px) 100vw, 460px\" \/><figcaption>Fern\u00e1ndez y Kicillof &#8211; Plan Federal Juana Manso<\/figcaption><\/figure><\/div>\n\n\n\n<p class=\"wp-block-paragraph\">A principio de a\u00f1o, Trotta hab\u00eda dicho: \u201cEn este 2021 hemos triplicado la inversi\u00f3n en el plan de conectividad, que es un reflejo del presupuesto que ha aprobado el Congreso Nacional, y estamos en pleno proceso de adquisici\u00f3n de 500.000 computadoras con una inversi\u00f3n que supera los 12 mil millones de pesos\u201d.<\/p>\n\n\n\n<p class=\"wp-block-paragraph\">El Presidente oficializ\u00f3 la adquisici\u00f3n de un total de 633 mil computadoras y una inversi\u00f3n superior a la proyectada a principio del corriente a\u00f1o. Esto reafirma el compromiso del ejecutivo nacional para con la educaci\u00f3n y la continuidad del ciclo lectivo 2021, independientemente de la presencialidad en las aulas.<\/p>\n\n\n\n<p class=\"wp-block-paragraph\">\u201cLo que tenemos que hacer es estar m\u00e1s unidos que nunca para cuidar a nuestros chicos, a nuestros adultos, cuidarnos todos y todas, porque es un tiempo dif\u00edcil, donde definitivamente hay un virus que el ojo humano no ve pero que ataca de modo impiadoso no solo la salud, tambi\u00e9n la vida y la econom\u00eda de los pueblos\u201d, afirm\u00f3 Fern\u00e1ndez.<\/p>\n\n\n\n<div class=\"wp-block-image\"><figure class=\"aligncenter size-medium\"><img loading=\"lazy\" decoding=\"async\" width=\"460\" height=\"307\" src=\"http:\/\/infoecos.com.ar\/wp-content\/uploads\/2021\/05\/20210504134211_IMG_0226-01-460x307.jpeg\" alt=\"\" class=\"wp-image-77625\" srcset=\"https:\/\/infoecos.com.ar\/wp-content\/uploads\/2021\/05\/20210504134211_IMG_0226-01-460x307.jpeg 460w, https:\/\/infoecos.com.ar\/wp-content\/uploads\/2021\/05\/20210504134211_IMG_0226-01-920x613.jpeg 920w, https:\/\/infoecos.com.ar\/wp-content\/uploads\/2021\/05\/20210504134211_IMG_0226-01-768x512.jpeg 768w, https:\/\/infoecos.com.ar\/wp-content\/uploads\/2021\/05\/20210504134211_IMG_0226-01-1536x1024.jpeg 1536w, https:\/\/infoecos.com.ar\/wp-content\/uploads\/2021\/05\/20210504134211_IMG_0226-01-2048x1365.jpeg 2048w, https:\/\/infoecos.com.ar\/wp-content\/uploads\/2021\/05\/20210504134211_IMG_0226-01-1024x683.jpeg 1024w, https:\/\/infoecos.com.ar\/wp-content\/uploads\/2021\/05\/20210504134211_IMG_0226-01-675x450.jpeg 675w\" sizes=\"auto, (max-width: 460px) 100vw, 460px\" \/><figcaption>Fern\u00e1ndez y Kicillof &#8211; Plan Federal Juana Manso<\/figcaption><\/figure><\/div>\n\n\n\n<p class=\"wp-block-paragraph\">El gobernador de la provincia de Buenos Aires, Axel Kicillof, destac\u00f3 que \u201ceste programa recupera un instrumento crucial de justicia social que fue discontinuado y que va a permitir que los chicos y las chicas que no cuentan con los recursos para adquirir una computadora, reciban las netbooks que provee el Estado para desarrollar su educaci\u00f3n en condiciones de igualdad\u201d.<br><br>\u201cVamos a volver a producir computadoras para toda la Argentina y vamos a devolverles la dignidad a aquellos que se la quitaron. El acceso a las netbooks es una inversi\u00f3n fundamental para la provincia de Buenos Aires\u201d, concluy\u00f3 Kicillof.<\/p>\n","protected":false},"excerpt":{"rendered":"<p>El gobernador de la provincia de Buenos Aires, Axel Kicillof, destac\u00f3 que \u201ceste programa recupera un instrumento crucial de justicia social que fue discontinuado\u00bb<\/p>\n","protected":false},"author":2,"featured_media":77624,"comment_status":"closed","ping_status":"open","sticky":false,"template":"","format":"standard","meta":{"footnotes":""},"categories":[26],"tags":[3589],"class_list":["post-77623","post","type-post","status-publish","format-standard","has-post-thumbnail","hentry","category-inferior6","tag-acto-en-ezeiza"],"featured_image_urls":{"full":["https:\/\/infoecos.com.ar\/wp-content\/uploads\/2021\/05\/20210504133255_IMG_0521-01-scaled.jpeg",2560,1699,false],"thumbnail":["https:\/\/infoecos.com.ar\/wp-content\/uploads\/2021\/05\/20210504133255_IMG_0521-01-150x150.jpeg",150,150,true],"medium":["https:\/\/infoecos.com.ar\/wp-content\/uploads\/2021\/05\/20210504133255_IMG_0521-01-460x305.jpeg",460,305,true],"medium_large":["https:\/\/infoecos.com.ar\/wp-content\/uploads\/2021\/05\/20210504133255_IMG_0521-01-768x510.jpeg",640,425,true],"large":["https:\/\/infoecos.com.ar\/wp-content\/uploads\/2021\/05\/20210504133255_IMG_0521-01-920x610.jpeg",640,424,true],"1536x1536":["https:\/\/infoecos.com.ar\/wp-content\/uploads\/2021\/05\/20210504133255_IMG_0521-01-1536x1019.jpeg",1536,1019,true],"2048x2048":["https:\/\/infoecos.com.ar\/wp-content\/uploads\/2021\/05\/20210504133255_IMG_0521-01-2048x1359.jpeg",2048,1359,true],"covernews-slider-full":["https:\/\/infoecos.com.ar\/wp-content\/uploads\/2021\/05\/20210504133255_IMG_0521-01-1536x1020.jpeg",1077,715,true],"covernews-slider-center":["https:\/\/infoecos.com.ar\/wp-content\/uploads\/2021\/05\/20210504133255_IMG_0521-01-936x897.jpeg",522,500,true],"covernews-featured":["https:\/\/infoecos.com.ar\/wp-content\/uploads\/2021\/05\/20210504133255_IMG_0521-01-1024x679.jpeg",1024,679,true],"covernews-medium":["https:\/\/infoecos.com.ar\/wp-content\/uploads\/2021\/05\/20210504133255_IMG_0521-01-720x380.jpeg",540,285,true],"covernews-medium-square":["https:\/\/infoecos.com.ar\/wp-content\/uploads\/2021\/05\/20210504133255_IMG_0521-01-675x450.jpeg",375,250,true]},"author_info":{"info":["Jorge Matheus"]},"category_info":"<a href=\"https:\/\/infoecos.com.ar\/index.php\/category\/inferior6\/\" rel=\"category tag\">Bloque inferior - 6<\/a>","tag_info":"Bloque inferior - 6","comment_count":"0","_links":{"self":[{"href":"https:\/\/infoecos.com.ar\/index.php\/wp-json\/wp\/v2\/posts\/77623","targetHints":{"allow":["GET"]}}],"collection":[{"href":"https:\/\/infoecos.com.ar\/index.php\/wp-json\/wp\/v2\/posts"}],"about":[{"href":"https:\/\/infoecos.com.ar\/index.php\/wp-json\/wp\/v2\/types\/post"}],"author":[{"embeddable":true,"href":"https:\/\/infoecos.com.ar\/index.php\/wp-json\/wp\/v2\/users\/2"}],"replies":[{"embeddable":true,"href":"https:\/\/infoecos.com.ar\/index.php\/wp-json\/wp\/v2\/comments?post=77623"}],"version-history":[{"count":2,"href":"https:\/\/infoecos.com.ar\/index.php\/wp-json\/wp\/v2\/posts\/77623\/revisions"}],"predecessor-version":[{"id":77703,"href":"https:\/\/infoecos.com.ar\/index.php\/wp-json\/wp\/v2\/posts\/77623\/revisions\/77703"}],"wp:featuredmedia":[{"embeddable":true,"href":"https:\/\/infoecos.com.ar\/index.php\/wp-json\/wp\/v2\/media\/77624"}],"wp:attachment":[{"href":"https:\/\/infoecos.com.ar\/index.php\/wp-json\/wp\/v2\/media?parent=77623"}],"wp:term":[{"taxonomy":"category","embeddable":true,"href":"https:\/\/infoecos.com.ar\/index.php\/wp-json\/wp\/v2\/categories?post=77623"},{"taxonomy":"post_tag","embeddable":true,"href":"https:\/\/infoecos.com.ar\/index.php\/wp-json\/wp\/v2\/tags?post=77623"}],"curies":[{"name":"wp","href":"https:\/\/api.w.org\/{rel}","templated":true}]}}