{"id":77629,"date":"2021-05-04T18:25:31","date_gmt":"2021-05-04T21:25:31","guid":{"rendered":"http:\/\/infoecos.com.ar\/?p=77629"},"modified":"2021-05-06T00:16:46","modified_gmt":"2021-05-06T03:16:46","slug":"recoleccion-de-residuos-en-trenque-lauquen-se-agrega-un-dia-mas-a-la-ampliacion-urbana-y-zona-de-quintas","status":"publish","type":"post","link":"https:\/\/infoecos.com.ar\/index.php\/recoleccion-de-residuos-en-trenque-lauquen-se-agrega-un-dia-mas-a-la-ampliacion-urbana-y-zona-de-quintas\/","title":{"rendered":"Recolecci\u00f3n de residuos en Trenque Lauquen: se agrega un d\u00eda m\u00e1s a la Ampliaci\u00f3n Urbana y Zona de Quintas"},"content":{"rendered":"\n<p>La direcci\u00f3n de Higiene Urbana municipal de Trenque Lauquen inform\u00f3 que a partir de esta semana el servicio que presta en la Ampliaci\u00f3n Urbana y Zona de Quintas agrega un d\u00eda m\u00e1s, el s\u00e1bado, al cronograma de recolecci\u00f3n implementado en este sector de la ciudad, que hasta ahora inclu\u00eda los lunes, mi\u00e9rcoles y viernes. Y se mantiene el mismo horario: desde las 7 de la ma\u00f1ana.<\/p>\n\n\n\n<p>\u201cEl objetivo de sumar el s\u00e1bado al recorrido por la Ampliaci\u00f3n Urbana y zona de Quintas es reforzar el fin de semana, teniendo en cuenta adem\u00e1s que el lunes se junta mucha basura, entonces creemos que agregando el s\u00e1bado vamos a aliviar mucho el trabajo del d\u00eda lunes\u201d, inform\u00f3 el director del \u00e1rea, N\u00e9stor C\u00f3ccaro.<\/p>\n\n\n\n<div class=\"wp-block-image\"><figure class=\"aligncenter size-medium\"><img loading=\"lazy\" decoding=\"async\" width=\"460\" height=\"460\" src=\"http:\/\/infoecos.com.ar\/wp-content\/uploads\/2021\/05\/Recoleccion-de-residuos-460x460.jpg\" alt=\"\" class=\"wp-image-77630\" srcset=\"https:\/\/infoecos.com.ar\/wp-content\/uploads\/2021\/05\/Recoleccion-de-residuos-460x460.jpg 460w, https:\/\/infoecos.com.ar\/wp-content\/uploads\/2021\/05\/Recoleccion-de-residuos-920x920.jpg 920w, https:\/\/infoecos.com.ar\/wp-content\/uploads\/2021\/05\/Recoleccion-de-residuos-150x150.jpg 150w, https:\/\/infoecos.com.ar\/wp-content\/uploads\/2021\/05\/Recoleccion-de-residuos-768x768.jpg 768w, https:\/\/infoecos.com.ar\/wp-content\/uploads\/2021\/05\/Recoleccion-de-residuos-1024x1024.jpg 1024w, https:\/\/infoecos.com.ar\/wp-content\/uploads\/2021\/05\/Recoleccion-de-residuos.jpg 1280w\" sizes=\"(max-width: 460px) 100vw, 460px\" \/><\/figure><\/div>\n\n\n\n<p>Acerca del recorrido por este sector de la ciudad, C\u00f3ccaro dijo que se mantiene sin cambios: \u201cArrancamos a las 7 de la ma\u00f1ana en la Ampliaci\u00f3n Urbana y despu\u00e9s se da toda la vuelta por las quintas, para terminar la recolecci\u00f3n del otro lado de la Ruta Nacional n\u00b0 5\u201d.<\/p>\n\n\n\n<p>\u201cEse recorrido les est\u00e1 llevando alrededor de 5 horas, un poco m\u00e1s el lunes, pero ahora al agregar el s\u00e1bado calculamos que se podr\u00e1 terminar en 5 horas; hay que tener en cuenta que el recorrido no s\u00f3lo es m\u00e1s largo, sino que el recorrido es por caminos de tierra\u201d, precis\u00f3 el funcionario.<\/p>\n\n\n\n<p>C\u00f3ccaro insisti\u00f3 en pedirle a los vecinos que colaboren con los recolectores sacando las bolsas de basura durante la ma\u00f1ana y los d\u00edas en los que hay recolecci\u00f3n para evitar inconvenientes. \u201cTenemos que ser un poco conscientes y no sacar la basura a la tarde porque nos queda la ciudad sucia, los perros rompen todo y tenemos que andar levantando la basura todas las tardes, as\u00ed que ser\u00eda bueno que la gente colabore y saque la basura solamente de ma\u00f1ana y los d\u00edas en los que hay recolecci\u00f3n, y no sacar los mi\u00e9rcoles y tampoco los domingos en la ciudad y en las quintas no sacar los martes, jueves y domingos\u201d, coment\u00f3.<\/p>\n\n\n\n<figure class=\"wp-block-audio\"><audio controls src=\"http:\/\/infoecos.com.ar\/wp-content\/uploads\/2021\/05\/NESTOR-COCCARO-RECOLECCION-AU.mp3\"><\/audio><\/figure>\n\n\n\n<p>El servicio de recolecci\u00f3n de residuos se realiza seg\u00fan el siguiente cronograma:<\/p>\n\n\n\n<p>\u2013 <strong>\u00c1rea urbana<\/strong>: Lunes, martes, jueves, viernes y s\u00e1bados desde las 7 horas.<\/p>\n\n\n\n<p>\u2013 <strong>Ampliaci\u00f3n Urbana y Zona Quintas<\/strong>: Lunes, mi\u00e9rcoles, viernes y s\u00e1bados desde las 7 horas.<\/p>\n\n\n\n<p>\u2013 <strong>Beruti<\/strong>: Martes y jueves desde las 16 horas y domingos a partir de las 9 horas.<\/p>\n","protected":false},"excerpt":{"rendered":"<p>C\u00f3ccaro insisti\u00f3 en pedirle a los vecinos que colaboren con los recolectores sacando las bolsas de basura durante la ma\u00f1ana y los d\u00edas en los que hay recolecci\u00f3n para evitar inconvenientes<\/p>\n","protected":false},"author":2,"featured_media":77630,"comment_status":"closed","ping_status":"open","sticky":false,"template":"","format":"standard","meta":{"footnotes":""},"categories":[1327,1325],"tags":[594],"class_list":["post-77629","post","type-post","status-publish","format-standard","has-post-thumbnail","hentry","category-audio","category-c1nota6","tag-servicios-publicos"],"yoast_head":"<!-- This site is optimized with the Yoast SEO plugin v23.4 - https:\/\/yoast.com\/wordpress\/plugins\/seo\/ -->\n<title>Recolecci\u00f3n de residuos en Trenque Lauquen: se agrega un d\u00eda m\u00e1s a la Ampliaci\u00f3n Urbana y Zona de Quintas - Infoecos<\/title>\n<meta name=\"robots\" content=\"index, follow, max-snippet:-1, max-image-preview:large, max-video-preview:-1\" \/>\n<link rel=\"canonical\" href=\"https:\/\/infoecos.com.ar\/index.php\/recoleccion-de-residuos-en-trenque-lauquen-se-agrega-un-dia-mas-a-la-ampliacion-urbana-y-zona-de-quintas\/\" \/>\n<meta property=\"og:locale\" content=\"es_ES\" \/>\n<meta property=\"og:type\" content=\"article\" \/>\n<meta property=\"og:title\" content=\"Recolecci\u00f3n de residuos en Trenque Lauquen: se agrega un d\u00eda m\u00e1s a la Ampliaci\u00f3n Urbana y Zona de Quintas - Infoecos\" \/>\n<meta property=\"og:description\" content=\"C\u00f3ccaro insisti\u00f3 en pedirle a los vecinos que colaboren con los recolectores sacando las bolsas de basura durante la ma\u00f1ana y los d\u00edas en los que hay recolecci\u00f3n para evitar inconvenientes\" \/>\n<meta property=\"og:url\" content=\"https:\/\/infoecos.com.ar\/index.php\/recoleccion-de-residuos-en-trenque-lauquen-se-agrega-un-dia-mas-a-la-ampliacion-urbana-y-zona-de-quintas\/\" \/>\n<meta property=\"og:site_name\" content=\"Infoecos\" \/>\n<meta property=\"article:publisher\" content=\"https:\/\/www.facebook.com\/profile.php?id=100063200290284\" \/>\n<meta property=\"article:published_time\" content=\"2021-05-04T21:25:31+00:00\" \/>\n<meta property=\"article:modified_time\" content=\"2021-05-06T03:16:46+00:00\" \/>\n<meta property=\"og:image\" content=\"https:\/\/infoecos.com.ar\/wp-content\/uploads\/2021\/05\/Recoleccion-de-residuos.jpg\" \/>\n\t<meta property=\"og:image:width\" content=\"1280\" \/>\n\t<meta property=\"og:image:height\" content=\"1280\" \/>\n\t<meta property=\"og:image:type\" content=\"image\/jpeg\" \/>\n<meta name=\"author\" content=\"Jorge Matheus\" \/>\n<meta name=\"twitter:card\" content=\"summary_large_image\" \/>\n<meta name=\"twitter:creator\" content=\"@infoecos\" \/>\n<meta name=\"twitter:site\" content=\"@infoecos\" \/>\n<meta name=\"twitter:label1\" content=\"Escrito por\" \/>\n\t<meta name=\"twitter:data1\" content=\"Jorge Matheus\" \/>\n\t<meta name=\"twitter:label2\" content=\"Tiempo de lectura\" \/>\n\t<meta name=\"twitter:data2\" content=\"2 minutos\" \/>\n<script type=\"application\/ld+json\" class=\"yoast-schema-graph\">{\"@context\":\"https:\/\/schema.org\",\"@graph\":[{\"@type\":\"Article\",\"@id\":\"https:\/\/infoecos.com.ar\/index.php\/recoleccion-de-residuos-en-trenque-lauquen-se-agrega-un-dia-mas-a-la-ampliacion-urbana-y-zona-de-quintas\/#article\",\"isPartOf\":{\"@id\":\"https:\/\/infoecos.com.ar\/index.php\/recoleccion-de-residuos-en-trenque-lauquen-se-agrega-un-dia-mas-a-la-ampliacion-urbana-y-zona-de-quintas\/\"},\"author\":{\"name\":\"Jorge Matheus\",\"@id\":\"https:\/\/infoecos.com.ar\/#\/schema\/person\/8f5ace5ce73b4b4aac4b7245aee6f191\"},\"headline\":\"Recolecci\u00f3n de residuos en Trenque Lauquen: se agrega un d\u00eda m\u00e1s a la Ampliaci\u00f3n Urbana y Zona de Quintas\",\"datePublished\":\"2021-05-04T21:25:31+00:00\",\"dateModified\":\"2021-05-06T03:16:46+00:00\",\"mainEntityOfPage\":{\"@id\":\"https:\/\/infoecos.com.ar\/index.php\/recoleccion-de-residuos-en-trenque-lauquen-se-agrega-un-dia-mas-a-la-ampliacion-urbana-y-zona-de-quintas\/\"},\"wordCount\":444,\"publisher\":{\"@id\":\"https:\/\/infoecos.com.ar\/#organization\"},\"image\":{\"@id\":\"https:\/\/infoecos.com.ar\/index.php\/recoleccion-de-residuos-en-trenque-lauquen-se-agrega-un-dia-mas-a-la-ampliacion-urbana-y-zona-de-quintas\/#primaryimage\"},\"thumbnailUrl\":\"https:\/\/infoecos.com.ar\/wp-content\/uploads\/2021\/05\/Recoleccion-de-residuos.jpg\",\"keywords\":[\"SERVICIOS P\u00daBLICOS\"],\"articleSection\":[\"Audio\",\"C1 nota 6\"],\"inLanguage\":\"es\"},{\"@type\":\"WebPage\",\"@id\":\"https:\/\/infoecos.com.ar\/index.php\/recoleccion-de-residuos-en-trenque-lauquen-se-agrega-un-dia-mas-a-la-ampliacion-urbana-y-zona-de-quintas\/\",\"url\":\"https:\/\/infoecos.com.ar\/index.php\/recoleccion-de-residuos-en-trenque-lauquen-se-agrega-un-dia-mas-a-la-ampliacion-urbana-y-zona-de-quintas\/\",\"name\":\"Recolecci\u00f3n de residuos en Trenque Lauquen: se agrega un d\u00eda m\u00e1s a la Ampliaci\u00f3n Urbana y Zona de Quintas - Infoecos\",\"isPartOf\":{\"@id\":\"https:\/\/infoecos.com.ar\/#website\"},\"primaryImageOfPage\":{\"@id\":\"https:\/\/infoecos.com.ar\/index.php\/recoleccion-de-residuos-en-trenque-lauquen-se-agrega-un-dia-mas-a-la-ampliacion-urbana-y-zona-de-quintas\/#primaryimage\"},\"image\":{\"@id\":\"https:\/\/infoecos.com.ar\/index.php\/recoleccion-de-residuos-en-trenque-lauquen-se-agrega-un-dia-mas-a-la-ampliacion-urbana-y-zona-de-quintas\/#primaryimage\"},\"thumbnailUrl\":\"https:\/\/infoecos.com.ar\/wp-content\/uploads\/2021\/05\/Recoleccion-de-residuos.jpg\",\"datePublished\":\"2021-05-04T21:25:31+00:00\",\"dateModified\":\"2021-05-06T03:16:46+00:00\",\"breadcrumb\":{\"@id\":\"https:\/\/infoecos.com.ar\/index.php\/recoleccion-de-residuos-en-trenque-lauquen-se-agrega-un-dia-mas-a-la-ampliacion-urbana-y-zona-de-quintas\/#breadcrumb\"},\"inLanguage\":\"es\",\"potentialAction\":[{\"@type\":\"ReadAction\",\"target\":[\"https:\/\/infoecos.com.ar\/index.php\/recoleccion-de-residuos-en-trenque-lauquen-se-agrega-un-dia-mas-a-la-ampliacion-urbana-y-zona-de-quintas\/\"]}]},{\"@type\":\"ImageObject\",\"inLanguage\":\"es\",\"@id\":\"https:\/\/infoecos.com.ar\/index.php\/recoleccion-de-residuos-en-trenque-lauquen-se-agrega-un-dia-mas-a-la-ampliacion-urbana-y-zona-de-quintas\/#primaryimage\",\"url\":\"https:\/\/infoecos.com.ar\/wp-content\/uploads\/2021\/05\/Recoleccion-de-residuos.jpg\",\"contentUrl\":\"https:\/\/infoecos.com.ar\/wp-content\/uploads\/2021\/05\/Recoleccion-de-residuos.jpg\",\"width\":1280,\"height\":1280},{\"@type\":\"BreadcrumbList\",\"@id\":\"https:\/\/infoecos.com.ar\/index.php\/recoleccion-de-residuos-en-trenque-lauquen-se-agrega-un-dia-mas-a-la-ampliacion-urbana-y-zona-de-quintas\/#breadcrumb\",\"itemListElement\":[{\"@type\":\"ListItem\",\"position\":1,\"name\":\"Portada\",\"item\":\"https:\/\/infoecos.com.ar\/\"},{\"@type\":\"ListItem\",\"position\":2,\"name\":\"Recolecci\u00f3n de residuos en Trenque Lauquen: se agrega un d\u00eda m\u00e1s a la Ampliaci\u00f3n Urbana y Zona de Quintas\"}]},{\"@type\":\"WebSite\",\"@id\":\"https:\/\/infoecos.com.ar\/#website\",\"url\":\"https:\/\/infoecos.com.ar\/\",\"name\":\"Infoecos\",\"description\":\"Noticias de trenque lauquen y la zona\",\"publisher\":{\"@id\":\"https:\/\/infoecos.com.ar\/#organization\"},\"alternateName\":\"Noticias\",\"potentialAction\":[{\"@type\":\"SearchAction\",\"target\":{\"@type\":\"EntryPoint\",\"urlTemplate\":\"https:\/\/infoecos.com.ar\/?s={search_term_string}\"},\"query-input\":{\"@type\":\"PropertyValueSpecification\",\"valueRequired\":true,\"valueName\":\"search_term_string\"}}],\"inLanguage\":\"es\"},{\"@type\":\"Organization\",\"@id\":\"https:\/\/infoecos.com.ar\/#organization\",\"name\":\"Infoecos\",\"alternateName\":\"Noticias\",\"url\":\"https:\/\/infoecos.com.ar\/\",\"logo\":{\"@type\":\"ImageObject\",\"inLanguage\":\"es\",\"@id\":\"https:\/\/infoecos.com.ar\/#\/schema\/logo\/image\/\",\"url\":\"https:\/\/infoecos.com.ar\/wp-content\/uploads\/2024\/03\/cropped-logo.png\",\"contentUrl\":\"https:\/\/infoecos.com.ar\/wp-content\/uploads\/2024\/03\/cropped-logo.png\",\"width\":374,\"height\":90,\"caption\":\"Infoecos\"},\"image\":{\"@id\":\"https:\/\/infoecos.com.ar\/#\/schema\/logo\/image\/\"},\"sameAs\":[\"https:\/\/www.facebook.com\/profile.php?id=100063200290284\",\"https:\/\/x.com\/infoecos\"]},{\"@type\":\"Person\",\"@id\":\"https:\/\/infoecos.com.ar\/#\/schema\/person\/8f5ace5ce73b4b4aac4b7245aee6f191\",\"name\":\"Jorge Matheus\",\"url\":\"https:\/\/infoecos.com.ar\/index.php\/author\/jomatheus\/\"}]}<\/script>\n<!-- \/ Yoast SEO plugin. -->","yoast_head_json":{"title":"Recolecci\u00f3n de residuos en Trenque Lauquen: se agrega un d\u00eda m\u00e1s a la Ampliaci\u00f3n Urbana y Zona de Quintas - Infoecos","robots":{"index":"index","follow":"follow","max-snippet":"max-snippet:-1","max-image-preview":"max-image-preview:large","max-video-preview":"max-video-preview:-1"},"canonical":"https:\/\/infoecos.com.ar\/index.php\/recoleccion-de-residuos-en-trenque-lauquen-se-agrega-un-dia-mas-a-la-ampliacion-urbana-y-zona-de-quintas\/","og_locale":"es_ES","og_type":"article","og_title":"Recolecci\u00f3n de residuos en Trenque Lauquen: se agrega un d\u00eda m\u00e1s a la Ampliaci\u00f3n Urbana y Zona de Quintas - Infoecos","og_description":"C\u00f3ccaro insisti\u00f3 en pedirle a los vecinos que colaboren con los recolectores sacando las bolsas de basura durante la ma\u00f1ana y los d\u00edas en los que hay recolecci\u00f3n para evitar inconvenientes","og_url":"https:\/\/infoecos.com.ar\/index.php\/recoleccion-de-residuos-en-trenque-lauquen-se-agrega-un-dia-mas-a-la-ampliacion-urbana-y-zona-de-quintas\/","og_site_name":"Infoecos","article_publisher":"https:\/\/www.facebook.com\/profile.php?id=100063200290284","article_published_time":"2021-05-04T21:25:31+00:00","article_modified_time":"2021-05-06T03:16:46+00:00","og_image":[{"width":1280,"height":1280,"url":"https:\/\/infoecos.com.ar\/wp-content\/uploads\/2021\/05\/Recoleccion-de-residuos.jpg","type":"image\/jpeg"}],"author":"Jorge Matheus","twitter_card":"summary_large_image","twitter_creator":"@infoecos","twitter_site":"@infoecos","twitter_misc":{"Escrito por":"Jorge Matheus","Tiempo de lectura":"2 minutos"},"schema":{"@context":"https:\/\/schema.org","@graph":[{"@type":"Article","@id":"https:\/\/infoecos.com.ar\/index.php\/recoleccion-de-residuos-en-trenque-lauquen-se-agrega-un-dia-mas-a-la-ampliacion-urbana-y-zona-de-quintas\/#article","isPartOf":{"@id":"https:\/\/infoecos.com.ar\/index.php\/recoleccion-de-residuos-en-trenque-lauquen-se-agrega-un-dia-mas-a-la-ampliacion-urbana-y-zona-de-quintas\/"},"author":{"name":"Jorge Matheus","@id":"https:\/\/infoecos.com.ar\/#\/schema\/person\/8f5ace5ce73b4b4aac4b7245aee6f191"},"headline":"Recolecci\u00f3n de residuos en Trenque Lauquen: se agrega un d\u00eda m\u00e1s a la Ampliaci\u00f3n Urbana y Zona de Quintas","datePublished":"2021-05-04T21:25:31+00:00","dateModified":"2021-05-06T03:16:46+00:00","mainEntityOfPage":{"@id":"https:\/\/infoecos.com.ar\/index.php\/recoleccion-de-residuos-en-trenque-lauquen-se-agrega-un-dia-mas-a-la-ampliacion-urbana-y-zona-de-quintas\/"},"wordCount":444,"publisher":{"@id":"https:\/\/infoecos.com.ar\/#organization"},"image":{"@id":"https:\/\/infoecos.com.ar\/index.php\/recoleccion-de-residuos-en-trenque-lauquen-se-agrega-un-dia-mas-a-la-ampliacion-urbana-y-zona-de-quintas\/#primaryimage"},"thumbnailUrl":"https:\/\/infoecos.com.ar\/wp-content\/uploads\/2021\/05\/Recoleccion-de-residuos.jpg","keywords":["SERVICIOS P\u00daBLICOS"],"articleSection":["Audio","C1 nota 6"],"inLanguage":"es"},{"@type":"WebPage","@id":"https:\/\/infoecos.com.ar\/index.php\/recoleccion-de-residuos-en-trenque-lauquen-se-agrega-un-dia-mas-a-la-ampliacion-urbana-y-zona-de-quintas\/","url":"https:\/\/infoecos.com.ar\/index.php\/recoleccion-de-residuos-en-trenque-lauquen-se-agrega-un-dia-mas-a-la-ampliacion-urbana-y-zona-de-quintas\/","name":"Recolecci\u00f3n de residuos en Trenque Lauquen: se agrega un d\u00eda m\u00e1s a la Ampliaci\u00f3n Urbana y Zona de Quintas - Infoecos","isPartOf":{"@id":"https:\/\/infoecos.com.ar\/#website"},"primaryImageOfPage":{"@id":"https:\/\/infoecos.com.ar\/index.php\/recoleccion-de-residuos-en-trenque-lauquen-se-agrega-un-dia-mas-a-la-ampliacion-urbana-y-zona-de-quintas\/#primaryimage"},"image":{"@id":"https:\/\/infoecos.com.ar\/index.php\/recoleccion-de-residuos-en-trenque-lauquen-se-agrega-un-dia-mas-a-la-ampliacion-urbana-y-zona-de-quintas\/#primaryimage"},"thumbnailUrl":"https:\/\/infoecos.com.ar\/wp-content\/uploads\/2021\/05\/Recoleccion-de-residuos.jpg","datePublished":"2021-05-04T21:25:31+00:00","dateModified":"2021-05-06T03:16:46+00:00","breadcrumb":{"@id":"https:\/\/infoecos.com.ar\/index.php\/recoleccion-de-residuos-en-trenque-lauquen-se-agrega-un-dia-mas-a-la-ampliacion-urbana-y-zona-de-quintas\/#breadcrumb"},"inLanguage":"es","potentialAction":[{"@type":"ReadAction","target":["https:\/\/infoecos.com.ar\/index.php\/recoleccion-de-residuos-en-trenque-lauquen-se-agrega-un-dia-mas-a-la-ampliacion-urbana-y-zona-de-quintas\/"]}]},{"@type":"ImageObject","inLanguage":"es","@id":"https:\/\/infoecos.com.ar\/index.php\/recoleccion-de-residuos-en-trenque-lauquen-se-agrega-un-dia-mas-a-la-ampliacion-urbana-y-zona-de-quintas\/#primaryimage","url":"https:\/\/infoecos.com.ar\/wp-content\/uploads\/2021\/05\/Recoleccion-de-residuos.jpg","contentUrl":"https:\/\/infoecos.com.ar\/wp-content\/uploads\/2021\/05\/Recoleccion-de-residuos.jpg","width":1280,"height":1280},{"@type":"BreadcrumbList","@id":"https:\/\/infoecos.com.ar\/index.php\/recoleccion-de-residuos-en-trenque-lauquen-se-agrega-un-dia-mas-a-la-ampliacion-urbana-y-zona-de-quintas\/#breadcrumb","itemListElement":[{"@type":"ListItem","position":1,"name":"Portada","item":"https:\/\/infoecos.com.ar\/"},{"@type":"ListItem","position":2,"name":"Recolecci\u00f3n de residuos en Trenque Lauquen: se agrega un d\u00eda m\u00e1s a la Ampliaci\u00f3n Urbana y Zona de Quintas"}]},{"@type":"WebSite","@id":"https:\/\/infoecos.com.ar\/#website","url":"https:\/\/infoecos.com.ar\/","name":"Infoecos","description":"Noticias de trenque lauquen y la zona","publisher":{"@id":"https:\/\/infoecos.com.ar\/#organization"},"alternateName":"Noticias","potentialAction":[{"@type":"SearchAction","target":{"@type":"EntryPoint","urlTemplate":"https:\/\/infoecos.com.ar\/?s={search_term_string}"},"query-input":{"@type":"PropertyValueSpecification","valueRequired":true,"valueName":"search_term_string"}}],"inLanguage":"es"},{"@type":"Organization","@id":"https:\/\/infoecos.com.ar\/#organization","name":"Infoecos","alternateName":"Noticias","url":"https:\/\/infoecos.com.ar\/","logo":{"@type":"ImageObject","inLanguage":"es","@id":"https:\/\/infoecos.com.ar\/#\/schema\/logo\/image\/","url":"https:\/\/infoecos.com.ar\/wp-content\/uploads\/2024\/03\/cropped-logo.png","contentUrl":"https:\/\/infoecos.com.ar\/wp-content\/uploads\/2024\/03\/cropped-logo.png","width":374,"height":90,"caption":"Infoecos"},"image":{"@id":"https:\/\/infoecos.com.ar\/#\/schema\/logo\/image\/"},"sameAs":["https:\/\/www.facebook.com\/profile.php?id=100063200290284","https:\/\/x.com\/infoecos"]},{"@type":"Person","@id":"https:\/\/infoecos.com.ar\/#\/schema\/person\/8f5ace5ce73b4b4aac4b7245aee6f191","name":"Jorge Matheus","url":"https:\/\/infoecos.com.ar\/index.php\/author\/jomatheus\/"}]}},"featured_image_urls":{"full":["https:\/\/infoecos.com.ar\/wp-content\/uploads\/2021\/05\/Recoleccion-de-residuos.jpg",1280,1280,false],"thumbnail":["https:\/\/infoecos.com.ar\/wp-content\/uploads\/2021\/05\/Recoleccion-de-residuos-150x150.jpg",150,150,true],"medium":["https:\/\/infoecos.com.ar\/wp-content\/uploads\/2021\/05\/Recoleccion-de-residuos-460x460.jpg",460,460,true],"medium_large":["https:\/\/infoecos.com.ar\/wp-content\/uploads\/2021\/05\/Recoleccion-de-residuos-768x768.jpg",640,640,true],"large":["https:\/\/infoecos.com.ar\/wp-content\/uploads\/2021\/05\/Recoleccion-de-residuos-920x920.jpg",640,640,true],"1536x1536":["https:\/\/infoecos.com.ar\/wp-content\/uploads\/2021\/05\/Recoleccion-de-residuos.jpg",1280,1280,false],"2048x2048":["https:\/\/infoecos.com.ar\/wp-content\/uploads\/2021\/05\/Recoleccion-de-residuos.jpg",1280,1280,false],"covernews-slider-full":["https:\/\/infoecos.com.ar\/wp-content\/uploads\/2021\/05\/Recoleccion-de-residuos-1280x1020.jpg",897,715,true],"covernews-slider-center":["https:\/\/infoecos.com.ar\/wp-content\/uploads\/2021\/05\/Recoleccion-de-residuos-936x897.jpg",522,500,true],"covernews-featured":["https:\/\/infoecos.com.ar\/wp-content\/uploads\/2021\/05\/Recoleccion-de-residuos-1024x1024.jpg",1024,1024,true],"covernews-medium":["https:\/\/infoecos.com.ar\/wp-content\/uploads\/2021\/05\/Recoleccion-de-residuos-720x380.jpg",540,285,true],"covernews-medium-square":["https:\/\/infoecos.com.ar\/wp-content\/uploads\/2021\/05\/Recoleccion-de-residuos-675x450.jpg",375,250,true]},"author_info":{"info":["Jorge Matheus"]},"category_info":"<a href=\"https:\/\/infoecos.com.ar\/index.php\/category\/audio\/\" rel=\"category tag\">Audio<\/a> <a href=\"https:\/\/infoecos.com.ar\/index.php\/category\/c1nota6\/\" rel=\"category tag\">C1 nota 6<\/a>","tag_info":"C1 nota 6","comment_count":"0","_links":{"self":[{"href":"https:\/\/infoecos.com.ar\/index.php\/wp-json\/wp\/v2\/posts\/77629"}],"collection":[{"href":"https:\/\/infoecos.com.ar\/index.php\/wp-json\/wp\/v2\/posts"}],"about":[{"href":"https:\/\/infoecos.com.ar\/index.php\/wp-json\/wp\/v2\/types\/post"}],"author":[{"embeddable":true,"href":"https:\/\/infoecos.com.ar\/index.php\/wp-json\/wp\/v2\/users\/2"}],"replies":[{"embeddable":true,"href":"https:\/\/infoecos.com.ar\/index.php\/wp-json\/wp\/v2\/comments?post=77629"}],"version-history":[{"count":1,"href":"https:\/\/infoecos.com.ar\/index.php\/wp-json\/wp\/v2\/posts\/77629\/revisions"}],"predecessor-version":[{"id":77632,"href":"https:\/\/infoecos.com.ar\/index.php\/wp-json\/wp\/v2\/posts\/77629\/revisions\/77632"}],"wp:featuredmedia":[{"embeddable":true,"href":"https:\/\/infoecos.com.ar\/index.php\/wp-json\/wp\/v2\/media\/77630"}],"wp:attachment":[{"href":"https:\/\/infoecos.com.ar\/index.php\/wp-json\/wp\/v2\/media?parent=77629"}],"wp:term":[{"taxonomy":"category","embeddable":true,"href":"https:\/\/infoecos.com.ar\/index.php\/wp-json\/wp\/v2\/categories?post=77629"},{"taxonomy":"post_tag","embeddable":true,"href":"https:\/\/infoecos.com.ar\/index.php\/wp-json\/wp\/v2\/tags?post=77629"}],"curies":[{"name":"wp","href":"https:\/\/api.w.org\/{rel}","templated":true}]}}