{"id":77642,"date":"2021-05-04T22:17:13","date_gmt":"2021-05-05T01:17:13","guid":{"rendered":"http:\/\/infoecos.com.ar\/?p=77642"},"modified":"2021-05-04T22:18:30","modified_gmt":"2021-05-05T01:18:30","slug":"diputados-nacionales-se-refirieron-al-proyecto-de-etiquetado-frontal-de-alimentos","status":"publish","type":"post","link":"https:\/\/infoecos.com.ar\/index.php\/diputados-nacionales-se-refirieron-al-proyecto-de-etiquetado-frontal-de-alimentos\/","title":{"rendered":"Diputados Nacionales se refirieron al proyecto de etiquetado frontal de alimentos"},"content":{"rendered":"\n<p class=\"wp-block-paragraph\">En el marco del debate en la C\u00e1mara de Diputados del proyecto de Ley que busca que los envases de los productos alimenticios incluyan etiquetas para advertir los excesos de az\u00facares, sodio, grasas saturadas, grasas totales y calor\u00edas, diputados de distintas fuerzas se refirieron a la iniciativa. Se espera que el proyecto tenga dictamen de mayor\u00eda en la pr\u00f3xima reuni\u00f3n de comisi\u00f3n.<\/p>\n\n\n\n<figure class=\"wp-block-video aligncenter\"><video height=\"480\" style=\"aspect-ratio: 848 \/ 480;\" width=\"848\" controls src=\"http:\/\/infoecos.com.ar\/wp-content\/uploads\/2021\/05\/WhatsApp-Video-2021-05-04-at-19.24.38-1.mp4\"><\/video><\/figure>\n\n\n\n<p class=\"wp-block-paragraph\">Por un lado Eber P\u00e9rez Plaza, del Frente de Todos, destac\u00f3 la propuesta y afirm\u00f3: \u00abTenemos que generar que nuestra poblaci\u00f3n sepa lo que est\u00e1 consumiendo, mejorar la posibilidad de tener una dieta equilibrada y de ser responsables con el medio ambiente y la salud\u00bb. <\/p>\n\n\n\n<p class=\"wp-block-paragraph\">En la misma l\u00ednea, Ignacio Torres del PRO coincidi\u00f3 con los beneficios de la medida. \u201cMe parece que el proyecto no afecta a la industria sino que es un avance para concientizar a la ciudadan\u00eda\u201d, detall\u00f3.<\/p>\n\n\n\n<figure class=\"wp-block-video\"><video height=\"480\" style=\"aspect-ratio: 848 \/ 480;\" width=\"848\" controls src=\"http:\/\/infoecos.com.ar\/wp-content\/uploads\/2021\/05\/WhatsApp-Video-2021-05-04-at-19.22.14-1.mp4\"><\/video><\/figure>\n","protected":false},"excerpt":{"rendered":"<p>Se espera que el proyecto tenga dictamen de mayor\u00eda en la pr\u00f3xima reuni\u00f3n de comisi\u00f3n<\/p>\n","protected":false},"author":2,"featured_media":65080,"comment_status":"closed","ping_status":"open","sticky":false,"template":"","format":"standard","meta":{"footnotes":""},"categories":[1327,51,1328],"tags":[1809],"class_list":["post-77642","post","type-post","status-publish","format-standard","has-post-thumbnail","hentry","category-audio","category-c2nota4","category-video","tag-politica-legislativa-2"],"featured_image_urls":{"full":["https:\/\/infoecos.com.ar\/wp-content\/uploads\/congreso-15042020.jpg",1920,1080,false],"thumbnail":["https:\/\/infoecos.com.ar\/wp-content\/uploads\/congreso-15042020-150x150.jpg",150,150,true],"medium":["https:\/\/infoecos.com.ar\/wp-content\/uploads\/congreso-15042020-460x259.jpg",460,259,true],"medium_large":["https:\/\/infoecos.com.ar\/wp-content\/uploads\/congreso-15042020-768x432.jpg",640,360,true],"large":["https:\/\/infoecos.com.ar\/wp-content\/uploads\/congreso-15042020-920x518.jpg",640,360,true],"1536x1536":["https:\/\/infoecos.com.ar\/wp-content\/uploads\/congreso-15042020-1536x864.jpg",1536,864,true],"2048x2048":["https:\/\/infoecos.com.ar\/wp-content\/uploads\/congreso-15042020.jpg",1920,1080,false],"covernews-slider-full":["https:\/\/infoecos.com.ar\/wp-content\/uploads\/congreso-15042020-1536x1020.jpg",1077,715,true],"covernews-slider-center":["https:\/\/infoecos.com.ar\/wp-content\/uploads\/congreso-15042020-936x897.jpg",522,500,true],"covernews-featured":["https:\/\/infoecos.com.ar\/wp-content\/uploads\/congreso-15042020-1024x576.jpg",1024,576,true],"covernews-medium":["https:\/\/infoecos.com.ar\/wp-content\/uploads\/congreso-15042020-720x380.jpg",540,285,true],"covernews-medium-square":["https:\/\/infoecos.com.ar\/wp-content\/uploads\/congreso-15042020-675x450.jpg",375,250,true]},"author_info":{"info":["Jorge Matheus"]},"category_info":"<a href=\"https:\/\/infoecos.com.ar\/index.php\/category\/audio\/\" rel=\"category tag\">Audio<\/a> <a href=\"https:\/\/infoecos.com.ar\/index.php\/category\/c2nota4\/\" rel=\"category tag\">C2 N4<\/a> <a href=\"https:\/\/infoecos.com.ar\/index.php\/category\/video\/\" rel=\"category tag\">Video<\/a>","tag_info":"Video","comment_count":"0","_links":{"self":[{"href":"https:\/\/infoecos.com.ar\/index.php\/wp-json\/wp\/v2\/posts\/77642","targetHints":{"allow":["GET"]}}],"collection":[{"href":"https:\/\/infoecos.com.ar\/index.php\/wp-json\/wp\/v2\/posts"}],"about":[{"href":"https:\/\/infoecos.com.ar\/index.php\/wp-json\/wp\/v2\/types\/post"}],"author":[{"embeddable":true,"href":"https:\/\/infoecos.com.ar\/index.php\/wp-json\/wp\/v2\/users\/2"}],"replies":[{"embeddable":true,"href":"https:\/\/infoecos.com.ar\/index.php\/wp-json\/wp\/v2\/comments?post=77642"}],"version-history":[{"count":1,"href":"https:\/\/infoecos.com.ar\/index.php\/wp-json\/wp\/v2\/posts\/77642\/revisions"}],"predecessor-version":[{"id":77646,"href":"https:\/\/infoecos.com.ar\/index.php\/wp-json\/wp\/v2\/posts\/77642\/revisions\/77646"}],"wp:featuredmedia":[{"embeddable":true,"href":"https:\/\/infoecos.com.ar\/index.php\/wp-json\/wp\/v2\/media\/65080"}],"wp:attachment":[{"href":"https:\/\/infoecos.com.ar\/index.php\/wp-json\/wp\/v2\/media?parent=77642"}],"wp:term":[{"taxonomy":"category","embeddable":true,"href":"https:\/\/infoecos.com.ar\/index.php\/wp-json\/wp\/v2\/categories?post=77642"},{"taxonomy":"post_tag","embeddable":true,"href":"https:\/\/infoecos.com.ar\/index.php\/wp-json\/wp\/v2\/tags?post=77642"}],"curies":[{"name":"wp","href":"https:\/\/api.w.org\/{rel}","templated":true}]}}