{"id":77674,"date":"2021-05-05T22:45:53","date_gmt":"2021-05-06T01:45:53","guid":{"rendered":"http:\/\/infoecos.com.ar\/?p=77674"},"modified":"2021-05-06T17:27:30","modified_gmt":"2021-05-06T20:27:30","slug":"diputados-nacionales-opinaron-sobre-el-proyecto-de-ley-de-biocombustibles","status":"publish","type":"post","link":"https:\/\/infoecos.com.ar\/index.php\/diputados-nacionales-opinaron-sobre-el-proyecto-de-ley-de-biocombustibles\/","title":{"rendered":"Diputados Nacionales opinaron sobre el proyecto de Ley de Biocombustibles"},"content":{"rendered":"\n<p class=\"wp-block-paragraph\">En el marco del debate en la C\u00e1mara de Diputados por el proyecto de ley que propone extender hasta 2030 un nuevo r\u00e9gimen de biocombustibles y reducir del 10% al 5% el corte obligatorio del gasoil con biodiesel, que actualmente est\u00e1 siendo trabajado en reuniones de comisi\u00f3n, legisladores de distintos partidos expresaron su postura sobre la iniciativa.<\/p>\n\n\n\n<figure class=\"wp-block-video\"><video height=\"480\" style=\"aspect-ratio: 848 \/ 480;\" width=\"848\" controls src=\"http:\/\/infoecos.com.ar\/wp-content\/uploads\/2021\/05\/WhatsApp-Video-2021-05-05-at-20.04.39.mp4\"><\/video><\/figure>\n\n\n\n<p class=\"wp-block-paragraph\">Por un lado, Jimena Latorre, del bloque de la UCR, asegur\u00f3 que es necesario superar la discusi\u00f3n en t\u00e9rminos binarios entre productores. \u201cNo tenemos que plantear una polarizaci\u00f3n entre hidrocarburos y productores de biocombustibles, que son un medio para el recambio de la matriz energ\u00e9tica para cumplir con la reducci\u00f3n de impacto ambiental\u201d, consider\u00f3.<\/p>\n\n\n\n<p class=\"wp-block-paragraph\">Por su parte, Mar\u00eda Rosa Mart\u00ednez, del Frente de Todos, destac\u00f3 la amplitud de actores que est\u00e1n participando del debate. \u201cEstamos escuchando las voces y las opiniones de todos los sectores para arribar a las leyes que se acerquen m\u00e1s a las necesidades laborales, de desarrollo y crecimiento\u201d, expuso.<\/p>\n\n\n\n<figure class=\"wp-block-video\"><video height=\"480\" style=\"aspect-ratio: 848 \/ 480;\" width=\"848\" controls src=\"http:\/\/infoecos.com.ar\/wp-content\/uploads\/2021\/05\/WhatsApp-Video-2021-05-05-at-20.01.37.mp4\"><\/video><\/figure>\n","protected":false},"excerpt":{"rendered":"<p>Jimena Latorre, del bloque de la UCR, asegur\u00f3 que es necesario superar la discusi\u00f3n en t\u00e9rminos binarios entre productores<\/p>\n","protected":false},"author":2,"featured_media":45762,"comment_status":"closed","ping_status":"open","sticky":false,"template":"","format":"standard","meta":{"footnotes":""},"categories":[1327,43,1328],"tags":[323],"class_list":["post-77674","post","type-post","status-publish","format-standard","has-post-thumbnail","hentry","category-audio","category-inferior4","category-video","tag-legislativa"],"featured_image_urls":{"full":"","thumbnail":"","medium":"","medium_large":"","large":"","1536x1536":"","2048x2048":"","covernews-slider-full":"","covernews-slider-center":"","covernews-featured":"","covernews-medium":"","covernews-medium-square":""},"author_info":{"info":["Jorge Matheus"]},"category_info":"<a href=\"https:\/\/infoecos.com.ar\/index.php\/category\/audio\/\" rel=\"category tag\">Audio<\/a> <a href=\"https:\/\/infoecos.com.ar\/index.php\/category\/inferior4\/\" rel=\"category tag\">Bloque inferior - 4<\/a> <a href=\"https:\/\/infoecos.com.ar\/index.php\/category\/video\/\" rel=\"category tag\">Video<\/a>","tag_info":"Video","comment_count":"0","_links":{"self":[{"href":"https:\/\/infoecos.com.ar\/index.php\/wp-json\/wp\/v2\/posts\/77674","targetHints":{"allow":["GET"]}}],"collection":[{"href":"https:\/\/infoecos.com.ar\/index.php\/wp-json\/wp\/v2\/posts"}],"about":[{"href":"https:\/\/infoecos.com.ar\/index.php\/wp-json\/wp\/v2\/types\/post"}],"author":[{"embeddable":true,"href":"https:\/\/infoecos.com.ar\/index.php\/wp-json\/wp\/v2\/users\/2"}],"replies":[{"embeddable":true,"href":"https:\/\/infoecos.com.ar\/index.php\/wp-json\/wp\/v2\/comments?post=77674"}],"version-history":[{"count":1,"href":"https:\/\/infoecos.com.ar\/index.php\/wp-json\/wp\/v2\/posts\/77674\/revisions"}],"predecessor-version":[{"id":77677,"href":"https:\/\/infoecos.com.ar\/index.php\/wp-json\/wp\/v2\/posts\/77674\/revisions\/77677"}],"wp:attachment":[{"href":"https:\/\/infoecos.com.ar\/index.php\/wp-json\/wp\/v2\/media?parent=77674"}],"wp:term":[{"taxonomy":"category","embeddable":true,"href":"https:\/\/infoecos.com.ar\/index.php\/wp-json\/wp\/v2\/categories?post=77674"},{"taxonomy":"post_tag","embeddable":true,"href":"https:\/\/infoecos.com.ar\/index.php\/wp-json\/wp\/v2\/tags?post=77674"}],"curies":[{"name":"wp","href":"https:\/\/api.w.org\/{rel}","templated":true}]}}