{"id":77680,"date":"2021-05-05T22:57:24","date_gmt":"2021-05-06T01:57:24","guid":{"rendered":"http:\/\/infoecos.com.ar\/?p=77680"},"modified":"2021-05-06T17:25:32","modified_gmt":"2021-05-06T20:25:32","slug":"massa-agradecio-al-presidente-de-la-comision-de-relaciones-exteriores-de-ee-uu-por-el-apoyo-a-la-argentina-ante-el-fondo-monetario-internacional","status":"publish","type":"post","link":"https:\/\/infoecos.com.ar\/index.php\/massa-agradecio-al-presidente-de-la-comision-de-relaciones-exteriores-de-ee-uu-por-el-apoyo-a-la-argentina-ante-el-fondo-monetario-internacional\/","title":{"rendered":"Massa agradeci\u00f3 al presidente de la Comisi\u00f3n de Relaciones Exteriores de EE.UU por el apoyo a la Argentina ante el Fondo Monetario Internacional"},"content":{"rendered":"\n<p>El presidente de la C\u00e1mara de Diputados, Sergio Massa, agradeci\u00f3 a trav\u00e9s de su cuenta de Twitter al presidente de la Comisi\u00f3n de Relaciones Exteriores de la C\u00e1mara de Representantes de Estados Unidos, Gregory Meeks, por el apoyo a la Argentina en la negociaci\u00f3n con el Fondo Monetario Internacional (FMI).<\/p>\n\n\n\n<div class=\"wp-block-image\"><figure class=\"aligncenter size-medium\"><img loading=\"lazy\" decoding=\"async\" width=\"460\" height=\"309\" src=\"http:\/\/infoecos.com.ar\/wp-content\/uploads\/2021\/05\/massafmi-460x309.jpg\" alt=\"\" class=\"wp-image-77681\" srcset=\"https:\/\/infoecos.com.ar\/wp-content\/uploads\/2021\/05\/massafmi-460x309.jpg 460w, https:\/\/infoecos.com.ar\/wp-content\/uploads\/2021\/05\/massafmi-920x618.jpg 920w, https:\/\/infoecos.com.ar\/wp-content\/uploads\/2021\/05\/massafmi-768x516.jpg 768w, https:\/\/infoecos.com.ar\/wp-content\/uploads\/2021\/05\/massafmi-1024x688.jpg 1024w, https:\/\/infoecos.com.ar\/wp-content\/uploads\/2021\/05\/massafmi.jpg 1280w\" sizes=\"(max-width: 460px) 100vw, 460px\" \/><\/figure><\/div>\n\n\n\n<p>\u201cGracias Gregory Meeks, presidente de la Comisi\u00f3n de Relaciones Exteriores del Congreso de EE.UU., por el apoyo brindado a la Argentina ante el FMI\u201d, escribi\u00f3 el titular de la C\u00e1mara Baja, y agreg\u00f3: \u201cEsta acci\u00f3n marca el valor de la diplomacia parlamentaria en la relaci\u00f3n bilateral, para avanzar en temas que nos permitan seguir creciendo y desarrollarnos\u201d.<\/p>\n\n\n\n<p>El diputado estadounidense hab\u00eda mantenido una videoconferencia con Massa a mediados de abril en el que se abordaron distintos temas bilaterales y regionales.<\/p>\n\n\n\n<p>Figura relevante en la administraci\u00f3n de Joe Biden, este martes como parte de su disertaci\u00f3n en el Council of the Americas, Meeks abog\u00f3 por encontrar una \u00absoluci\u00f3n a largo plazo\u00bb para la reestructuraci\u00f3n de la deuda argentina. \u00abEstados Unidos deber\u00eda hacer m\u00e1s para encontrar una soluci\u00f3n a largo plazo para Argentina en las conversaciones de reestructuraci\u00f3n de deuda\u00bb, sostuvo.<\/p>\n","protected":false},"excerpt":{"rendered":"<p>El diputado estadounidense hab\u00eda mantenido una videoconferencia con Massa a mediados de abril en el que se abordaron distintos temas bilaterales y regionales<\/p>\n","protected":false},"author":2,"featured_media":77681,"comment_status":"closed","ping_status":"open","sticky":false,"template":"","format":"standard","meta":{"footnotes":""},"categories":[40],"tags":[1767],"class_list":["post-77680","post","type-post","status-publish","format-standard","has-post-thumbnail","hentry","category-inferior1","tag-politica-y-economia-3"],"yoast_head":"<!-- This site is optimized with the Yoast SEO plugin v23.4 - https:\/\/yoast.com\/wordpress\/plugins\/seo\/ -->\n<title>Massa agradeci\u00f3 al presidente de la Comisi\u00f3n de Relaciones Exteriores de EE.UU por el apoyo a la Argentina ante el Fondo Monetario Internacional - Infoecos<\/title>\n<meta name=\"robots\" content=\"index, follow, max-snippet:-1, max-image-preview:large, max-video-preview:-1\" \/>\n<link rel=\"canonical\" href=\"https:\/\/infoecos.com.ar\/index.php\/massa-agradecio-al-presidente-de-la-comision-de-relaciones-exteriores-de-ee-uu-por-el-apoyo-a-la-argentina-ante-el-fondo-monetario-internacional\/\" \/>\n<meta property=\"og:locale\" content=\"es_ES\" \/>\n<meta property=\"og:type\" content=\"article\" \/>\n<meta property=\"og:title\" content=\"Massa agradeci\u00f3 al presidente de la Comisi\u00f3n de Relaciones Exteriores de EE.UU por el apoyo a la Argentina ante el Fondo Monetario Internacional - Infoecos\" \/>\n<meta property=\"og:description\" content=\"El diputado estadounidense hab\u00eda mantenido una videoconferencia con Massa a mediados de abril en el que se abordaron distintos temas bilaterales y regionales\" \/>\n<meta property=\"og:url\" content=\"https:\/\/infoecos.com.ar\/index.php\/massa-agradecio-al-presidente-de-la-comision-de-relaciones-exteriores-de-ee-uu-por-el-apoyo-a-la-argentina-ante-el-fondo-monetario-internacional\/\" \/>\n<meta property=\"og:site_name\" content=\"Infoecos\" \/>\n<meta property=\"article:publisher\" content=\"https:\/\/www.facebook.com\/profile.php?id=100063200290284\" \/>\n<meta property=\"article:published_time\" content=\"2021-05-06T01:57:24+00:00\" \/>\n<meta property=\"article:modified_time\" content=\"2021-05-06T20:25:32+00:00\" \/>\n<meta property=\"og:image\" content=\"https:\/\/infoecos.com.ar\/wp-content\/uploads\/2021\/05\/massafmi.jpg\" \/>\n\t<meta property=\"og:image:width\" content=\"1280\" \/>\n\t<meta property=\"og:image:height\" content=\"860\" \/>\n\t<meta property=\"og:image:type\" content=\"image\/jpeg\" \/>\n<meta name=\"author\" content=\"Jorge Matheus\" \/>\n<meta name=\"twitter:card\" content=\"summary_large_image\" \/>\n<meta name=\"twitter:creator\" content=\"@infoecos\" \/>\n<meta name=\"twitter:site\" content=\"@infoecos\" \/>\n<meta name=\"twitter:label1\" content=\"Escrito por\" \/>\n\t<meta name=\"twitter:data1\" content=\"Jorge Matheus\" \/>\n\t<meta name=\"twitter:label2\" content=\"Tiempo de lectura\" \/>\n\t<meta name=\"twitter:data2\" content=\"1 minuto\" \/>\n<script type=\"application\/ld+json\" class=\"yoast-schema-graph\">{\"@context\":\"https:\/\/schema.org\",\"@graph\":[{\"@type\":\"Article\",\"@id\":\"https:\/\/infoecos.com.ar\/index.php\/massa-agradecio-al-presidente-de-la-comision-de-relaciones-exteriores-de-ee-uu-por-el-apoyo-a-la-argentina-ante-el-fondo-monetario-internacional\/#article\",\"isPartOf\":{\"@id\":\"https:\/\/infoecos.com.ar\/index.php\/massa-agradecio-al-presidente-de-la-comision-de-relaciones-exteriores-de-ee-uu-por-el-apoyo-a-la-argentina-ante-el-fondo-monetario-internacional\/\"},\"author\":{\"name\":\"Jorge Matheus\",\"@id\":\"https:\/\/infoecos.com.ar\/#\/schema\/person\/8f5ace5ce73b4b4aac4b7245aee6f191\"},\"headline\":\"Massa agradeci\u00f3 al presidente de la Comisi\u00f3n de Relaciones Exteriores de EE.UU por el apoyo a la Argentina ante el Fondo Monetario Internacional\",\"datePublished\":\"2021-05-06T01:57:24+00:00\",\"dateModified\":\"2021-05-06T20:25:32+00:00\",\"mainEntityOfPage\":{\"@id\":\"https:\/\/infoecos.com.ar\/index.php\/massa-agradecio-al-presidente-de-la-comision-de-relaciones-exteriores-de-ee-uu-por-el-apoyo-a-la-argentina-ante-el-fondo-monetario-internacional\/\"},\"wordCount\":233,\"publisher\":{\"@id\":\"https:\/\/infoecos.com.ar\/#organization\"},\"image\":{\"@id\":\"https:\/\/infoecos.com.ar\/index.php\/massa-agradecio-al-presidente-de-la-comision-de-relaciones-exteriores-de-ee-uu-por-el-apoyo-a-la-argentina-ante-el-fondo-monetario-internacional\/#primaryimage\"},\"thumbnailUrl\":\"https:\/\/infoecos.com.ar\/wp-content\/uploads\/2021\/05\/massafmi.jpg\",\"keywords\":[\"POL\u00cdTICA Y ECONOM\u00cdA\"],\"articleSection\":[\"Bloque inferior - 1\"],\"inLanguage\":\"es\"},{\"@type\":\"WebPage\",\"@id\":\"https:\/\/infoecos.com.ar\/index.php\/massa-agradecio-al-presidente-de-la-comision-de-relaciones-exteriores-de-ee-uu-por-el-apoyo-a-la-argentina-ante-el-fondo-monetario-internacional\/\",\"url\":\"https:\/\/infoecos.com.ar\/index.php\/massa-agradecio-al-presidente-de-la-comision-de-relaciones-exteriores-de-ee-uu-por-el-apoyo-a-la-argentina-ante-el-fondo-monetario-internacional\/\",\"name\":\"Massa agradeci\u00f3 al presidente de la Comisi\u00f3n de Relaciones Exteriores de EE.UU por el apoyo a la Argentina ante el Fondo Monetario Internacional - Infoecos\",\"isPartOf\":{\"@id\":\"https:\/\/infoecos.com.ar\/#website\"},\"primaryImageOfPage\":{\"@id\":\"https:\/\/infoecos.com.ar\/index.php\/massa-agradecio-al-presidente-de-la-comision-de-relaciones-exteriores-de-ee-uu-por-el-apoyo-a-la-argentina-ante-el-fondo-monetario-internacional\/#primaryimage\"},\"image\":{\"@id\":\"https:\/\/infoecos.com.ar\/index.php\/massa-agradecio-al-presidente-de-la-comision-de-relaciones-exteriores-de-ee-uu-por-el-apoyo-a-la-argentina-ante-el-fondo-monetario-internacional\/#primaryimage\"},\"thumbnailUrl\":\"https:\/\/infoecos.com.ar\/wp-content\/uploads\/2021\/05\/massafmi.jpg\",\"datePublished\":\"2021-05-06T01:57:24+00:00\",\"dateModified\":\"2021-05-06T20:25:32+00:00\",\"breadcrumb\":{\"@id\":\"https:\/\/infoecos.com.ar\/index.php\/massa-agradecio-al-presidente-de-la-comision-de-relaciones-exteriores-de-ee-uu-por-el-apoyo-a-la-argentina-ante-el-fondo-monetario-internacional\/#breadcrumb\"},\"inLanguage\":\"es\",\"potentialAction\":[{\"@type\":\"ReadAction\",\"target\":[\"https:\/\/infoecos.com.ar\/index.php\/massa-agradecio-al-presidente-de-la-comision-de-relaciones-exteriores-de-ee-uu-por-el-apoyo-a-la-argentina-ante-el-fondo-monetario-internacional\/\"]}]},{\"@type\":\"ImageObject\",\"inLanguage\":\"es\",\"@id\":\"https:\/\/infoecos.com.ar\/index.php\/massa-agradecio-al-presidente-de-la-comision-de-relaciones-exteriores-de-ee-uu-por-el-apoyo-a-la-argentina-ante-el-fondo-monetario-internacional\/#primaryimage\",\"url\":\"https:\/\/infoecos.com.ar\/wp-content\/uploads\/2021\/05\/massafmi.jpg\",\"contentUrl\":\"https:\/\/infoecos.com.ar\/wp-content\/uploads\/2021\/05\/massafmi.jpg\",\"width\":1280,\"height\":860},{\"@type\":\"BreadcrumbList\",\"@id\":\"https:\/\/infoecos.com.ar\/index.php\/massa-agradecio-al-presidente-de-la-comision-de-relaciones-exteriores-de-ee-uu-por-el-apoyo-a-la-argentina-ante-el-fondo-monetario-internacional\/#breadcrumb\",\"itemListElement\":[{\"@type\":\"ListItem\",\"position\":1,\"name\":\"Portada\",\"item\":\"https:\/\/infoecos.com.ar\/\"},{\"@type\":\"ListItem\",\"position\":2,\"name\":\"Massa agradeci\u00f3 al presidente de la Comisi\u00f3n de Relaciones Exteriores de EE.UU por el apoyo a la Argentina ante el Fondo Monetario Internacional\"}]},{\"@type\":\"WebSite\",\"@id\":\"https:\/\/infoecos.com.ar\/#website\",\"url\":\"https:\/\/infoecos.com.ar\/\",\"name\":\"Infoecos\",\"description\":\"Noticias de trenque lauquen y la zona\",\"publisher\":{\"@id\":\"https:\/\/infoecos.com.ar\/#organization\"},\"alternateName\":\"Noticias\",\"potentialAction\":[{\"@type\":\"SearchAction\",\"target\":{\"@type\":\"EntryPoint\",\"urlTemplate\":\"https:\/\/infoecos.com.ar\/?s={search_term_string}\"},\"query-input\":{\"@type\":\"PropertyValueSpecification\",\"valueRequired\":true,\"valueName\":\"search_term_string\"}}],\"inLanguage\":\"es\"},{\"@type\":\"Organization\",\"@id\":\"https:\/\/infoecos.com.ar\/#organization\",\"name\":\"Infoecos\",\"alternateName\":\"Noticias\",\"url\":\"https:\/\/infoecos.com.ar\/\",\"logo\":{\"@type\":\"ImageObject\",\"inLanguage\":\"es\",\"@id\":\"https:\/\/infoecos.com.ar\/#\/schema\/logo\/image\/\",\"url\":\"https:\/\/infoecos.com.ar\/wp-content\/uploads\/2024\/03\/cropped-logo.png\",\"contentUrl\":\"https:\/\/infoecos.com.ar\/wp-content\/uploads\/2024\/03\/cropped-logo.png\",\"width\":374,\"height\":90,\"caption\":\"Infoecos\"},\"image\":{\"@id\":\"https:\/\/infoecos.com.ar\/#\/schema\/logo\/image\/\"},\"sameAs\":[\"https:\/\/www.facebook.com\/profile.php?id=100063200290284\",\"https:\/\/x.com\/infoecos\"]},{\"@type\":\"Person\",\"@id\":\"https:\/\/infoecos.com.ar\/#\/schema\/person\/8f5ace5ce73b4b4aac4b7245aee6f191\",\"name\":\"Jorge Matheus\",\"url\":\"https:\/\/infoecos.com.ar\/index.php\/author\/jomatheus\/\"}]}<\/script>\n<!-- \/ Yoast SEO plugin. -->","yoast_head_json":{"title":"Massa agradeci\u00f3 al presidente de la Comisi\u00f3n de Relaciones Exteriores de EE.UU por el apoyo a la Argentina ante el Fondo Monetario Internacional - Infoecos","robots":{"index":"index","follow":"follow","max-snippet":"max-snippet:-1","max-image-preview":"max-image-preview:large","max-video-preview":"max-video-preview:-1"},"canonical":"https:\/\/infoecos.com.ar\/index.php\/massa-agradecio-al-presidente-de-la-comision-de-relaciones-exteriores-de-ee-uu-por-el-apoyo-a-la-argentina-ante-el-fondo-monetario-internacional\/","og_locale":"es_ES","og_type":"article","og_title":"Massa agradeci\u00f3 al presidente de la Comisi\u00f3n de Relaciones Exteriores de EE.UU por el apoyo a la Argentina ante el Fondo Monetario Internacional - Infoecos","og_description":"El diputado estadounidense hab\u00eda mantenido una videoconferencia con Massa a mediados de abril en el que se abordaron distintos temas bilaterales y regionales","og_url":"https:\/\/infoecos.com.ar\/index.php\/massa-agradecio-al-presidente-de-la-comision-de-relaciones-exteriores-de-ee-uu-por-el-apoyo-a-la-argentina-ante-el-fondo-monetario-internacional\/","og_site_name":"Infoecos","article_publisher":"https:\/\/www.facebook.com\/profile.php?id=100063200290284","article_published_time":"2021-05-06T01:57:24+00:00","article_modified_time":"2021-05-06T20:25:32+00:00","og_image":[{"width":1280,"height":860,"url":"https:\/\/infoecos.com.ar\/wp-content\/uploads\/2021\/05\/massafmi.jpg","type":"image\/jpeg"}],"author":"Jorge Matheus","twitter_card":"summary_large_image","twitter_creator":"@infoecos","twitter_site":"@infoecos","twitter_misc":{"Escrito por":"Jorge Matheus","Tiempo de lectura":"1 minuto"},"schema":{"@context":"https:\/\/schema.org","@graph":[{"@type":"Article","@id":"https:\/\/infoecos.com.ar\/index.php\/massa-agradecio-al-presidente-de-la-comision-de-relaciones-exteriores-de-ee-uu-por-el-apoyo-a-la-argentina-ante-el-fondo-monetario-internacional\/#article","isPartOf":{"@id":"https:\/\/infoecos.com.ar\/index.php\/massa-agradecio-al-presidente-de-la-comision-de-relaciones-exteriores-de-ee-uu-por-el-apoyo-a-la-argentina-ante-el-fondo-monetario-internacional\/"},"author":{"name":"Jorge Matheus","@id":"https:\/\/infoecos.com.ar\/#\/schema\/person\/8f5ace5ce73b4b4aac4b7245aee6f191"},"headline":"Massa agradeci\u00f3 al presidente de la Comisi\u00f3n de Relaciones Exteriores de EE.UU por el apoyo a la Argentina ante el Fondo Monetario Internacional","datePublished":"2021-05-06T01:57:24+00:00","dateModified":"2021-05-06T20:25:32+00:00","mainEntityOfPage":{"@id":"https:\/\/infoecos.com.ar\/index.php\/massa-agradecio-al-presidente-de-la-comision-de-relaciones-exteriores-de-ee-uu-por-el-apoyo-a-la-argentina-ante-el-fondo-monetario-internacional\/"},"wordCount":233,"publisher":{"@id":"https:\/\/infoecos.com.ar\/#organization"},"image":{"@id":"https:\/\/infoecos.com.ar\/index.php\/massa-agradecio-al-presidente-de-la-comision-de-relaciones-exteriores-de-ee-uu-por-el-apoyo-a-la-argentina-ante-el-fondo-monetario-internacional\/#primaryimage"},"thumbnailUrl":"https:\/\/infoecos.com.ar\/wp-content\/uploads\/2021\/05\/massafmi.jpg","keywords":["POL\u00cdTICA Y ECONOM\u00cdA"],"articleSection":["Bloque inferior - 1"],"inLanguage":"es"},{"@type":"WebPage","@id":"https:\/\/infoecos.com.ar\/index.php\/massa-agradecio-al-presidente-de-la-comision-de-relaciones-exteriores-de-ee-uu-por-el-apoyo-a-la-argentina-ante-el-fondo-monetario-internacional\/","url":"https:\/\/infoecos.com.ar\/index.php\/massa-agradecio-al-presidente-de-la-comision-de-relaciones-exteriores-de-ee-uu-por-el-apoyo-a-la-argentina-ante-el-fondo-monetario-internacional\/","name":"Massa agradeci\u00f3 al presidente de la Comisi\u00f3n de Relaciones Exteriores de EE.UU por el apoyo a la Argentina ante el Fondo Monetario Internacional - Infoecos","isPartOf":{"@id":"https:\/\/infoecos.com.ar\/#website"},"primaryImageOfPage":{"@id":"https:\/\/infoecos.com.ar\/index.php\/massa-agradecio-al-presidente-de-la-comision-de-relaciones-exteriores-de-ee-uu-por-el-apoyo-a-la-argentina-ante-el-fondo-monetario-internacional\/#primaryimage"},"image":{"@id":"https:\/\/infoecos.com.ar\/index.php\/massa-agradecio-al-presidente-de-la-comision-de-relaciones-exteriores-de-ee-uu-por-el-apoyo-a-la-argentina-ante-el-fondo-monetario-internacional\/#primaryimage"},"thumbnailUrl":"https:\/\/infoecos.com.ar\/wp-content\/uploads\/2021\/05\/massafmi.jpg","datePublished":"2021-05-06T01:57:24+00:00","dateModified":"2021-05-06T20:25:32+00:00","breadcrumb":{"@id":"https:\/\/infoecos.com.ar\/index.php\/massa-agradecio-al-presidente-de-la-comision-de-relaciones-exteriores-de-ee-uu-por-el-apoyo-a-la-argentina-ante-el-fondo-monetario-internacional\/#breadcrumb"},"inLanguage":"es","potentialAction":[{"@type":"ReadAction","target":["https:\/\/infoecos.com.ar\/index.php\/massa-agradecio-al-presidente-de-la-comision-de-relaciones-exteriores-de-ee-uu-por-el-apoyo-a-la-argentina-ante-el-fondo-monetario-internacional\/"]}]},{"@type":"ImageObject","inLanguage":"es","@id":"https:\/\/infoecos.com.ar\/index.php\/massa-agradecio-al-presidente-de-la-comision-de-relaciones-exteriores-de-ee-uu-por-el-apoyo-a-la-argentina-ante-el-fondo-monetario-internacional\/#primaryimage","url":"https:\/\/infoecos.com.ar\/wp-content\/uploads\/2021\/05\/massafmi.jpg","contentUrl":"https:\/\/infoecos.com.ar\/wp-content\/uploads\/2021\/05\/massafmi.jpg","width":1280,"height":860},{"@type":"BreadcrumbList","@id":"https:\/\/infoecos.com.ar\/index.php\/massa-agradecio-al-presidente-de-la-comision-de-relaciones-exteriores-de-ee-uu-por-el-apoyo-a-la-argentina-ante-el-fondo-monetario-internacional\/#breadcrumb","itemListElement":[{"@type":"ListItem","position":1,"name":"Portada","item":"https:\/\/infoecos.com.ar\/"},{"@type":"ListItem","position":2,"name":"Massa agradeci\u00f3 al presidente de la Comisi\u00f3n de Relaciones Exteriores de EE.UU por el apoyo a la Argentina ante el Fondo Monetario Internacional"}]},{"@type":"WebSite","@id":"https:\/\/infoecos.com.ar\/#website","url":"https:\/\/infoecos.com.ar\/","name":"Infoecos","description":"Noticias de trenque lauquen y la zona","publisher":{"@id":"https:\/\/infoecos.com.ar\/#organization"},"alternateName":"Noticias","potentialAction":[{"@type":"SearchAction","target":{"@type":"EntryPoint","urlTemplate":"https:\/\/infoecos.com.ar\/?s={search_term_string}"},"query-input":{"@type":"PropertyValueSpecification","valueRequired":true,"valueName":"search_term_string"}}],"inLanguage":"es"},{"@type":"Organization","@id":"https:\/\/infoecos.com.ar\/#organization","name":"Infoecos","alternateName":"Noticias","url":"https:\/\/infoecos.com.ar\/","logo":{"@type":"ImageObject","inLanguage":"es","@id":"https:\/\/infoecos.com.ar\/#\/schema\/logo\/image\/","url":"https:\/\/infoecos.com.ar\/wp-content\/uploads\/2024\/03\/cropped-logo.png","contentUrl":"https:\/\/infoecos.com.ar\/wp-content\/uploads\/2024\/03\/cropped-logo.png","width":374,"height":90,"caption":"Infoecos"},"image":{"@id":"https:\/\/infoecos.com.ar\/#\/schema\/logo\/image\/"},"sameAs":["https:\/\/www.facebook.com\/profile.php?id=100063200290284","https:\/\/x.com\/infoecos"]},{"@type":"Person","@id":"https:\/\/infoecos.com.ar\/#\/schema\/person\/8f5ace5ce73b4b4aac4b7245aee6f191","name":"Jorge Matheus","url":"https:\/\/infoecos.com.ar\/index.php\/author\/jomatheus\/"}]}},"featured_image_urls":{"full":["https:\/\/infoecos.com.ar\/wp-content\/uploads\/2021\/05\/massafmi.jpg",1280,860,false],"thumbnail":["https:\/\/infoecos.com.ar\/wp-content\/uploads\/2021\/05\/massafmi-150x150.jpg",150,150,true],"medium":["https:\/\/infoecos.com.ar\/wp-content\/uploads\/2021\/05\/massafmi-460x309.jpg",460,309,true],"medium_large":["https:\/\/infoecos.com.ar\/wp-content\/uploads\/2021\/05\/massafmi-768x516.jpg",640,430,true],"large":["https:\/\/infoecos.com.ar\/wp-content\/uploads\/2021\/05\/massafmi-920x618.jpg",640,430,true],"1536x1536":["https:\/\/infoecos.com.ar\/wp-content\/uploads\/2021\/05\/massafmi.jpg",1280,860,false],"2048x2048":["https:\/\/infoecos.com.ar\/wp-content\/uploads\/2021\/05\/massafmi.jpg",1280,860,false],"covernews-slider-full":["https:\/\/infoecos.com.ar\/wp-content\/uploads\/2021\/05\/massafmi.jpg",1064,715,false],"covernews-slider-center":["https:\/\/infoecos.com.ar\/wp-content\/uploads\/2021\/05\/massafmi-936x860.jpg",544,500,true],"covernews-featured":["https:\/\/infoecos.com.ar\/wp-content\/uploads\/2021\/05\/massafmi-1024x688.jpg",1024,688,true],"covernews-medium":["https:\/\/infoecos.com.ar\/wp-content\/uploads\/2021\/05\/massafmi-720x380.jpg",540,285,true],"covernews-medium-square":["https:\/\/infoecos.com.ar\/wp-content\/uploads\/2021\/05\/massafmi-675x450.jpg",375,250,true]},"author_info":{"info":["Jorge Matheus"]},"category_info":"<a href=\"https:\/\/infoecos.com.ar\/index.php\/category\/inferior1\/\" rel=\"category tag\">Bloque inferior - 1<\/a>","tag_info":"Bloque inferior - 1","comment_count":"0","_links":{"self":[{"href":"https:\/\/infoecos.com.ar\/index.php\/wp-json\/wp\/v2\/posts\/77680"}],"collection":[{"href":"https:\/\/infoecos.com.ar\/index.php\/wp-json\/wp\/v2\/posts"}],"about":[{"href":"https:\/\/infoecos.com.ar\/index.php\/wp-json\/wp\/v2\/types\/post"}],"author":[{"embeddable":true,"href":"https:\/\/infoecos.com.ar\/index.php\/wp-json\/wp\/v2\/users\/2"}],"replies":[{"embeddable":true,"href":"https:\/\/infoecos.com.ar\/index.php\/wp-json\/wp\/v2\/comments?post=77680"}],"version-history":[{"count":1,"href":"https:\/\/infoecos.com.ar\/index.php\/wp-json\/wp\/v2\/posts\/77680\/revisions"}],"predecessor-version":[{"id":77682,"href":"https:\/\/infoecos.com.ar\/index.php\/wp-json\/wp\/v2\/posts\/77680\/revisions\/77682"}],"wp:featuredmedia":[{"embeddable":true,"href":"https:\/\/infoecos.com.ar\/index.php\/wp-json\/wp\/v2\/media\/77681"}],"wp:attachment":[{"href":"https:\/\/infoecos.com.ar\/index.php\/wp-json\/wp\/v2\/media?parent=77680"}],"wp:term":[{"taxonomy":"category","embeddable":true,"href":"https:\/\/infoecos.com.ar\/index.php\/wp-json\/wp\/v2\/categories?post=77680"},{"taxonomy":"post_tag","embeddable":true,"href":"https:\/\/infoecos.com.ar\/index.php\/wp-json\/wp\/v2\/tags?post=77680"}],"curies":[{"name":"wp","href":"https:\/\/api.w.org\/{rel}","templated":true}]}}