{"id":77688,"date":"2021-05-05T23:34:31","date_gmt":"2021-05-06T02:34:31","guid":{"rendered":"http:\/\/infoecos.com.ar\/?p=77688"},"modified":"2021-05-05T23:35:59","modified_gmt":"2021-05-06T02:35:59","slug":"sigue-siendo-grave-la-situacion-en-el-distrito-de-general-villegas","status":"publish","type":"post","link":"https:\/\/infoecos.com.ar\/index.php\/sigue-siendo-grave-la-situacion-en-el-distrito-de-general-villegas\/","title":{"rendered":"Sigue siendo grave la situaci\u00f3n en el distrito de General Villegas"},"content":{"rendered":"\n<p class=\"wp-block-paragraph\">Los concejales C\u00e9sar Juli\u00e1n, Ver\u00f3nica Zallocco (Frente de Todos), Horacio Pascual y Laura Carelli (Frente Renovador) de General Villegas presentaron un proyecto de resoluci\u00f3n pidiendo se tomen medidas de excepci\u00f3n ante el agravamiento de la crisis sanitaria.<\/p>\n\n\n\n<p class=\"wp-block-paragraph\">En \u00e9l solicitan al Departamento Ejecutivo una bater\u00eda de medidas de inmediata aplicaci\u00f3n, al tiempo que piden que el Concejo Deliberante sesione para autorizar el uso de las herramientas necesarias.<\/p>\n\n\n\n<div class=\"wp-block-image\"><figure class=\"aligncenter size-medium\"><img loading=\"lazy\" decoding=\"async\" width=\"460\" height=\"249\" src=\"http:\/\/infoecos.com.ar\/wp-content\/uploads\/hospitalgv-460x249.jpg\" alt=\"\" class=\"wp-image-63890\" srcset=\"https:\/\/infoecos.com.ar\/wp-content\/uploads\/hospitalgv-460x249.jpg 460w, https:\/\/infoecos.com.ar\/wp-content\/uploads\/hospitalgv.jpg 600w\" sizes=\"auto, (max-width: 460px) 100vw, 460px\" \/><\/figure><\/div>\n\n\n\n<p class=\"wp-block-paragraph\">Entre otros pedidos citan priorizar\u00a0la cuesti\u00f3n sanitaria en la ejecuci\u00f3n de gastos e incorporar m\u00e9dicos, enfermeros, kinesi\u00f3logos, personal de limpieza y personas que atiendan las v\u00edas de comunicaci\u00f3n del hospital; adquirir la medicaci\u00f3n necesaria para el tratamiento de los casos de Covid; cubrir los gastos de sepelio de aquellos fallecidos cuyas familias tengan dificultades para \u00a0afrontar dicho gasto; afrontar el pago de los sueldos del personal destinado al vacunatorio hasta tanto se regularice la situaci\u00f3n;\u00a0y realizar una intensiva campa\u00f1a de difusi\u00f3n para la prevenci\u00f3n y la atenci\u00f3n temprana de los posibles contagios.<\/p>\n\n\n\n<p class=\"wp-block-paragraph\">En tanto el intendente municipal, Eduardo Campana, firm\u00f3 un decreto en la ma\u00f1ana de este mi\u00e9rcoles donde se  <strong>proh\u00edben las reuniones y\/o toda actividad que implique aglomeraci\u00f3n de personas en los espacios p\u00fablicos, paseos, plazas, parques, entre otros<\/strong>. <strong>Se establece la obligatoriedad de utilizar tapaboca en todo \u00e1mbito que implique contacto con otras personas<\/strong>.<\/p>\n\n\n\n<p class=\"wp-block-paragraph\">\u201dEstamos plenamente a disposici\u00f3n del personal de salud, lo hablamos con el Intendente y vamos a agotar todas las instancias con los recursos que tenemos disponibles y pedirle a la comunidad encarecidamente el uso de barbijo, el distanciamiento social y por favor que no realicen fiestas clandestinas, juntadas y que eviten la tomada de mate en la plaza, por nuestros vecinos, por nuestros familiares, el personal de salud y por todos y por una vez en la vida tratemos de colaborar y ser emp\u00e1ticos con el resto de nuestros vecinos\u201d, manifest\u00f3 el Secretario de Seguridad Fabio Saratiegui. <\/p>\n\n\n\n<p class=\"wp-block-paragraph\">La medida apunta a disminuir la circulaci\u00f3n en la v\u00eda p\u00fablica y evitar encuentros y reuniones.<\/p>\n\n\n\n<div class=\"wp-block-image\"><figure class=\"aligncenter size-medium\"><img loading=\"lazy\" decoding=\"async\" width=\"460\" height=\"460\" src=\"http:\/\/infoecos.com.ar\/wp-content\/uploads\/2021\/05\/reportegv-460x460.jpg\" alt=\"\" class=\"wp-image-77689\" srcset=\"https:\/\/infoecos.com.ar\/wp-content\/uploads\/2021\/05\/reportegv-460x460.jpg 460w, https:\/\/infoecos.com.ar\/wp-content\/uploads\/2021\/05\/reportegv-150x150.jpg 150w, https:\/\/infoecos.com.ar\/wp-content\/uploads\/2021\/05\/reportegv.jpg 526w\" sizes=\"auto, (max-width: 460px) 100vw, 460px\" \/><\/figure><\/div>\n\n\n\n<p class=\"wp-block-paragraph\"><strong>Fuentes: diarioactualidad.com y municipio de General Villegas<\/strong><\/p>\n","protected":false},"excerpt":{"rendered":"<p>En tanto el intendente municipal, Eduardo Campana, firm\u00f3 un decreto en la ma\u00f1ana de este mi\u00e9rcoles donde se  proh\u00edben las reuniones y\/o toda actividad que implique aglomeraci\u00f3n de personas en los espacios p\u00fablicos, paseos, plazas, parques, entre otros<\/p>\n","protected":false},"author":2,"featured_media":63890,"comment_status":"closed","ping_status":"open","sticky":false,"template":"","format":"standard","meta":{"footnotes":""},"categories":[46],"tags":[3600],"class_list":["post-77688","post","type-post","status-publish","format-standard","has-post-thumbnail","hentry","category-c2nota2","tag-pedidos-de-la-oposicion"],"featured_image_urls":{"full":["https:\/\/infoecos.com.ar\/wp-content\/uploads\/hospitalgv.jpg",600,325,false],"thumbnail":["https:\/\/infoecos.com.ar\/wp-content\/uploads\/hospitalgv-150x150.jpg",150,150,true],"medium":["https:\/\/infoecos.com.ar\/wp-content\/uploads\/hospitalgv-460x249.jpg",460,249,true],"medium_large":["https:\/\/infoecos.com.ar\/wp-content\/uploads\/hospitalgv.jpg",600,325,false],"large":["https:\/\/infoecos.com.ar\/wp-content\/uploads\/hospitalgv.jpg",600,325,false],"1536x1536":["https:\/\/infoecos.com.ar\/wp-content\/uploads\/hospitalgv.jpg",600,325,false],"2048x2048":["https:\/\/infoecos.com.ar\/wp-content\/uploads\/hospitalgv.jpg",600,325,false],"covernews-slider-full":["https:\/\/infoecos.com.ar\/wp-content\/uploads\/hospitalgv.jpg",600,325,false],"covernews-slider-center":["https:\/\/infoecos.com.ar\/wp-content\/uploads\/hospitalgv.jpg",600,325,false],"covernews-featured":["https:\/\/infoecos.com.ar\/wp-content\/uploads\/hospitalgv.jpg",600,325,false],"covernews-medium":["https:\/\/infoecos.com.ar\/wp-content\/uploads\/hospitalgv.jpg",540,293,false],"covernews-medium-square":["https:\/\/infoecos.com.ar\/wp-content\/uploads\/hospitalgv.jpg",400,217,false]},"author_info":{"info":["Jorge Matheus"]},"category_info":"<a href=\"https:\/\/infoecos.com.ar\/index.php\/category\/c2nota2\/\" rel=\"category tag\">C2 N2<\/a>","tag_info":"C2 N2","comment_count":"0","_links":{"self":[{"href":"https:\/\/infoecos.com.ar\/index.php\/wp-json\/wp\/v2\/posts\/77688","targetHints":{"allow":["GET"]}}],"collection":[{"href":"https:\/\/infoecos.com.ar\/index.php\/wp-json\/wp\/v2\/posts"}],"about":[{"href":"https:\/\/infoecos.com.ar\/index.php\/wp-json\/wp\/v2\/types\/post"}],"author":[{"embeddable":true,"href":"https:\/\/infoecos.com.ar\/index.php\/wp-json\/wp\/v2\/users\/2"}],"replies":[{"embeddable":true,"href":"https:\/\/infoecos.com.ar\/index.php\/wp-json\/wp\/v2\/comments?post=77688"}],"version-history":[{"count":1,"href":"https:\/\/infoecos.com.ar\/index.php\/wp-json\/wp\/v2\/posts\/77688\/revisions"}],"predecessor-version":[{"id":77690,"href":"https:\/\/infoecos.com.ar\/index.php\/wp-json\/wp\/v2\/posts\/77688\/revisions\/77690"}],"wp:featuredmedia":[{"embeddable":true,"href":"https:\/\/infoecos.com.ar\/index.php\/wp-json\/wp\/v2\/media\/63890"}],"wp:attachment":[{"href":"https:\/\/infoecos.com.ar\/index.php\/wp-json\/wp\/v2\/media?parent=77688"}],"wp:term":[{"taxonomy":"category","embeddable":true,"href":"https:\/\/infoecos.com.ar\/index.php\/wp-json\/wp\/v2\/categories?post=77688"},{"taxonomy":"post_tag","embeddable":true,"href":"https:\/\/infoecos.com.ar\/index.php\/wp-json\/wp\/v2\/tags?post=77688"}],"curies":[{"name":"wp","href":"https:\/\/api.w.org\/{rel}","templated":true}]}}