{"id":77697,"date":"2021-05-05T23:59:44","date_gmt":"2021-05-06T02:59:44","guid":{"rendered":"http:\/\/infoecos.com.ar\/?p=77697"},"modified":"2021-05-07T00:06:41","modified_gmt":"2021-05-07T03:06:41","slug":"comenzo-a-funcionar-la-posta-sanitaria-en-el-club-monumental-de-trenque-lauquen","status":"publish","type":"post","link":"https:\/\/infoecos.com.ar\/index.php\/comenzo-a-funcionar-la-posta-sanitaria-en-el-club-monumental-de-trenque-lauquen\/","title":{"rendered":"Funciona la posta sanitaria en el Club Monumental de Trenque Lauquen"},"content":{"rendered":"\n<p class=\"wp-block-paragraph\">Comenz\u00f3 a funcionar este mi\u00e9rcoles otra posta sanitaria en la ciudad de Trenque Lauquen. Como se hab\u00eda adelantado la misma tiene su sede en las instalaciones del Club Monumental.<\/p>\n\n\n\n<div class=\"wp-block-image\"><figure class=\"aligncenter size-medium\"><img loading=\"lazy\" decoding=\"async\" width=\"259\" height=\"460\" src=\"http:\/\/infoecos.com.ar\/wp-content\/uploads\/2021\/05\/vacunatejueves-259x460.jpg\" alt=\"\" class=\"wp-image-77744\" srcset=\"https:\/\/infoecos.com.ar\/wp-content\/uploads\/2021\/05\/vacunatejueves-259x460.jpg 259w, https:\/\/infoecos.com.ar\/wp-content\/uploads\/2021\/05\/vacunatejueves-518x920.jpg 518w, https:\/\/infoecos.com.ar\/wp-content\/uploads\/2021\/05\/vacunatejueves.jpg 720w\" sizes=\"auto, (max-width: 259px) 100vw, 259px\" \/><\/figure><\/div>\n\n\n\n<p class=\"wp-block-paragraph\">La otra funciona en el Sal\u00f3n de Usos M\u00fatiples de ATILRA.<\/p>\n\n\n\n<p class=\"wp-block-paragraph\">Como viene aconteciendo desde el inicio del plan de vacunaci\u00f3n quienes se inocularon elogiaron la organizaci\u00f3n y buen atenci\u00f3n recibida.<\/p>\n\n\n\n<p class=\"wp-block-paragraph\">La informaci\u00f3n consigna que se aplicaron 472 vacunas en el d\u00eda de ayer.<\/p>\n","protected":false},"excerpt":{"rendered":"<p>Como viene aconteciendo desde el inicio del plan de vacunaci\u00f3n quienes se inocularon elogiaron la organizaci\u00f3n y buen atenci\u00f3n recibida<\/p>\n","protected":false},"author":2,"featured_media":77747,"comment_status":"closed","ping_status":"open","sticky":false,"template":"","format":"standard","meta":{"footnotes":""},"categories":[1323],"tags":[3610],"class_list":["post-77697","post","type-post","status-publish","format-standard","has-post-thumbnail","hentry","category-c2nota5","tag-el-jueves-se-vacunaron-en-total-304-personas"],"featured_image_urls":{"full":["https:\/\/infoecos.com.ar\/wp-content\/uploads\/2021\/05\/vacunatejueves-1.jpg",720,1280,false],"thumbnail":["https:\/\/infoecos.com.ar\/wp-content\/uploads\/2021\/05\/vacunatejueves-1-150x150.jpg",150,150,true],"medium":["https:\/\/infoecos.com.ar\/wp-content\/uploads\/2021\/05\/vacunatejueves-1-259x460.jpg",259,460,true],"medium_large":["https:\/\/infoecos.com.ar\/wp-content\/uploads\/2021\/05\/vacunatejueves-1.jpg",640,1138,false],"large":["https:\/\/infoecos.com.ar\/wp-content\/uploads\/2021\/05\/vacunatejueves-1-518x920.jpg",518,920,true],"1536x1536":["https:\/\/infoecos.com.ar\/wp-content\/uploads\/2021\/05\/vacunatejueves-1.jpg",720,1280,false],"2048x2048":["https:\/\/infoecos.com.ar\/wp-content\/uploads\/2021\/05\/vacunatejueves-1.jpg",720,1280,false],"covernews-slider-full":["https:\/\/infoecos.com.ar\/wp-content\/uploads\/2021\/05\/vacunatejueves-1-720x1020.jpg",505,715,true],"covernews-slider-center":["https:\/\/infoecos.com.ar\/wp-content\/uploads\/2021\/05\/vacunatejueves-1-720x897.jpg",401,500,true],"covernews-featured":["https:\/\/infoecos.com.ar\/wp-content\/uploads\/2021\/05\/vacunatejueves-1.jpg",720,1280,false],"covernews-medium":["https:\/\/infoecos.com.ar\/wp-content\/uploads\/2021\/05\/vacunatejueves-1-720x380.jpg",540,285,true],"covernews-medium-square":["https:\/\/infoecos.com.ar\/wp-content\/uploads\/2021\/05\/vacunatejueves-1-675x450.jpg",375,250,true]},"author_info":{"info":["Jorge Matheus"]},"category_info":"<a href=\"https:\/\/infoecos.com.ar\/index.php\/category\/c2nota5\/\" rel=\"category tag\">C2 N5<\/a>","tag_info":"C2 N5","comment_count":"0","_links":{"self":[{"href":"https:\/\/infoecos.com.ar\/index.php\/wp-json\/wp\/v2\/posts\/77697","targetHints":{"allow":["GET"]}}],"collection":[{"href":"https:\/\/infoecos.com.ar\/index.php\/wp-json\/wp\/v2\/posts"}],"about":[{"href":"https:\/\/infoecos.com.ar\/index.php\/wp-json\/wp\/v2\/types\/post"}],"author":[{"embeddable":true,"href":"https:\/\/infoecos.com.ar\/index.php\/wp-json\/wp\/v2\/users\/2"}],"replies":[{"embeddable":true,"href":"https:\/\/infoecos.com.ar\/index.php\/wp-json\/wp\/v2\/comments?post=77697"}],"version-history":[{"count":2,"href":"https:\/\/infoecos.com.ar\/index.php\/wp-json\/wp\/v2\/posts\/77697\/revisions"}],"predecessor-version":[{"id":77746,"href":"https:\/\/infoecos.com.ar\/index.php\/wp-json\/wp\/v2\/posts\/77697\/revisions\/77746"}],"wp:featuredmedia":[{"embeddable":true,"href":"https:\/\/infoecos.com.ar\/index.php\/wp-json\/wp\/v2\/media\/77747"}],"wp:attachment":[{"href":"https:\/\/infoecos.com.ar\/index.php\/wp-json\/wp\/v2\/media?parent=77697"}],"wp:term":[{"taxonomy":"category","embeddable":true,"href":"https:\/\/infoecos.com.ar\/index.php\/wp-json\/wp\/v2\/categories?post=77697"},{"taxonomy":"post_tag","embeddable":true,"href":"https:\/\/infoecos.com.ar\/index.php\/wp-json\/wp\/v2\/tags?post=77697"}],"curies":[{"name":"wp","href":"https:\/\/api.w.org\/{rel}","templated":true}]}}