{"id":77700,"date":"2021-05-06T00:11:49","date_gmt":"2021-05-06T03:11:49","guid":{"rendered":"http:\/\/infoecos.com.ar\/?p=77700"},"modified":"2021-05-06T00:11:55","modified_gmt":"2021-05-06T03:11:55","slug":"el-departamento-ejecutivo-municipal-presento-un-proyecto-para-eximicion-parcial-del-pago-de-tasa-por-inspeccion-de-seguridad-e-higiene","status":"publish","type":"post","link":"https:\/\/infoecos.com.ar\/index.php\/el-departamento-ejecutivo-municipal-presento-un-proyecto-para-eximicion-parcial-del-pago-de-tasa-por-inspeccion-de-seguridad-e-higiene\/","title":{"rendered":"El Departamento Ejecutivo Municipal present\u00f3 un proyecto para eximici\u00f3n parcial del pago de  Tasa por Inspecci\u00f3n de Seguridad e Higiene"},"content":{"rendered":"\n<p class=\"wp-block-paragraph\">Un Proyecto de Ordenanza para sancionar la eximici\u00f3n parcial del pago de la Tasa por Inspecci\u00f3n de Seguridad e Higiene para distintas actividades y comercios del distrito, en virtud de la emergencia sanitaria vigente en todo el pa\u00eds por la pandemia de Covid-19, present\u00f3 este mi\u00e9rcoles el Departamento Ejecutivo municipal en el Concejo Deliberante (HCD) para su pronto tratamiento.<\/p>\n\n\n\n<div class=\"wp-block-image\"><figure class=\"aligncenter size-medium\"><img loading=\"lazy\" decoding=\"async\" width=\"460\" height=\"306\" src=\"http:\/\/infoecos.com.ar\/wp-content\/uploads\/Municipio-2-460x306.jpg\" alt=\"\" class=\"wp-image-61593\" srcset=\"https:\/\/infoecos.com.ar\/wp-content\/uploads\/Municipio-2-460x306.jpg 460w, https:\/\/infoecos.com.ar\/wp-content\/uploads\/Municipio-2-768x511.jpg 768w, https:\/\/infoecos.com.ar\/wp-content\/uploads\/Municipio-2-675x450.jpg 675w, https:\/\/infoecos.com.ar\/wp-content\/uploads\/Municipio-2.jpg 800w\" sizes=\"auto, (max-width: 460px) 100vw, 460px\" \/><\/figure><\/div>\n\n\n\n<p class=\"wp-block-paragraph\">No es esta la primera vez que el Municipio busca atenuar el impacto en actividades comerciales, industriales y otras que ven limitado o restringido su desenvolvimiento como consecuencia de las medidas sanitarias que se implementan en el pa\u00eds en general y en la Provincia, y que en particular alcanzan al distrito: ya el a\u00f1o pasado se hab\u00edan sancionado instrumentos con pr\u00f3rrogas, exenciones y dejando sin efecto ajustes previstos, entre otros beneficios.<\/p>\n\n\n\n<p class=\"wp-block-paragraph\">La iniciativa, que lleva la firma del Intendente interino, Esteban Vidal, y del secretario de Administraci\u00f3n y Gesti\u00f3n Tributaria del Municipio, Alfredo Zambiasio, exime del pago de la cuota 2 a\u00f1o fiscal 2021 de la Tasa de Inspecci\u00f3n de Seguridad e Higiene a las actividades comprendidas en la Ordenanza Impositiva n\u00b0 5042\/2020, Cap\u00edtulo V, Art\u00edculo 19; que se identifiquen como:<\/p>\n\n\n\n<p class=\"wp-block-paragraph\">. Salones de Fiestas y Eventos<\/p>\n\n\n\n<p class=\"wp-block-paragraph\">. Bares, Pizzer\u00edas, Parrillas y similares que cuenten con servicio de mesa<\/p>\n\n\n\n<p class=\"wp-block-paragraph\">. Hoteles, Caba\u00f1as y similares<\/p>\n\n\n\n<p class=\"wp-block-paragraph\">. Gimnasios, academias de danzas, pilates, yoga, explotaci\u00f3n de canchas de f\u00fatbol 5 y\/o 7 y\/o 9 y similares,<\/p>\n\n\n\n<p class=\"wp-block-paragraph\">. Piletas climatizadas<\/p>\n\n\n\n<p class=\"wp-block-paragraph\">. Estudios de fotograf\u00eda<\/p>\n\n\n\n<p class=\"wp-block-paragraph\">. Armer\u00edas<\/p>\n\n\n\n<p class=\"wp-block-paragraph\">. Ludotecas, guarder\u00edas o similares<\/p>\n\n\n\n<p class=\"wp-block-paragraph\">. Industrias l\u00e1cteas con 50 (cincuenta) empleados o menos.&nbsp;<\/p>\n\n\n\n<p class=\"wp-block-paragraph\">Adem\u00e1s, el Proyecto de Ordenanza exime del pago de las cuotas 5, 6, 7 y 8 a\u00f1o fiscal 2021 de la Tasa de Inspecci\u00f3n de Seguridad e Higiene a aquellas actividades comprendidas en la Ordenanza Impositiva n\u00b05042\/2020, Cap\u00edtulo V, Art\u00edculo 20:<\/p>\n\n\n\n<p class=\"wp-block-paragraph\">. Inciso a: Confiter\u00edas<\/p>\n\n\n\n<p class=\"wp-block-paragraph\">. Inciso d: Restaurantes<\/p>\n\n\n\n<p class=\"wp-block-paragraph\">. Inciso f: Agencias de Viajes y Turismo<\/p>\n\n\n\n<p class=\"wp-block-paragraph\">&#8211; FUNDAMENTOS<\/p>\n\n\n\n<p class=\"wp-block-paragraph\">En el Proyecto de Ordenanza el departamento Ejecutivo sostiene que \u201ccomo resulta de p\u00fablico y notorio conocimiento, la Provincia de Buenos Aires ha sancionado el Decreto 270\/2021, el que en su Anexo II ubica al Partido de Trenque Lauquen en Fase 3 (Riesgo Epidemiol\u00f3gico y Sanitario Medio), lo cual trae aparejada la paralizaci\u00f3n y\/o disminuci\u00f3n de determinadas actividades econ\u00f3micas, con el l\u00f3gico perjuicio para sus titulares\u201d.&nbsp;&nbsp;&nbsp;<\/p>\n\n\n\n<p class=\"wp-block-paragraph\">\u201cAsimismo, el Honorable Concejo Deliberante, mediante la sanci\u00f3n de la Comunicaci\u00f3n n\u00b02754, ha requerido tanto a las autoridades provinciales como a este Municipio, la adopci\u00f3n de paliativos que ayuden a mitigar los efectos negativos arriba indicados\u201d.<\/p>\n\n\n\n<p class=\"wp-block-paragraph\">Tambi\u00e9n recalca que \u201ces prop\u00f3sito de este Departamento Ejecutivo, en la medida de nuestras posibilidades y sin que ello implique descartar otras acciones, acompa\u00f1ar a las empresas en el dif\u00edcil trance que atraviesan, abogando por la pronta recuperaci\u00f3n de los sectores m\u00e1s afectados\u201d.<\/p>\n\n\n\n<p class=\"wp-block-paragraph\">\u201cLos antecedentes fijados por la sanci\u00f3n de las Ordenanzas n\u00b05055\/2020 y 5124\/2021 ponen de manifiesto la voluntad de ese Honorable Cuerpo Deliberativo en torno a trabajar mancomunadamente en pos de alcanzar el mismo objetivo, esto es, cuando menos llevar alivio a los sectores m\u00e1s afectados por las consecuencias econ\u00f3micas que trae aparejadas las restricciones comerciales derivadas de la pandemia\u201d.<\/p>\n\n\n\n<p class=\"wp-block-paragraph\">Finalmente, en el proyecto se se\u00f1ala que \u201csi bien los gastos en materia de Salud se han incrementado de manera notable y desproporcionada, y resulta el objetivo prioritario a atender con recursos propios y\/o provenientes de eventuales ayudas del Gobierno Provincial o Nacional, entendemos que tambi\u00e9n se justifica realizar un esfuerzo presupuestario resignando parte de los recursos que provienen de la Tasa por Inspecci\u00f3n de Seguridad e Higiene\u201d.<\/p>\n","protected":false},"excerpt":{"rendered":"<p>En virtud de la emergencia sanitaria vigente en todo el pa\u00eds por la pandemia de Covid-19, lo present\u00f3 este mi\u00e9rcoles <\/p>\n","protected":false},"author":2,"featured_media":61593,"comment_status":"closed","ping_status":"open","sticky":false,"template":"","format":"standard","meta":{"footnotes":""},"categories":[197],"tags":[5],"class_list":["post-77700","post","type-post","status-publish","format-standard","has-post-thumbnail","hentry","category-c3nota4","tag-trenque-lauquen"],"featured_image_urls":{"full":["https:\/\/infoecos.com.ar\/wp-content\/uploads\/Municipio-2.jpg",800,532,false],"thumbnail":["https:\/\/infoecos.com.ar\/wp-content\/uploads\/Municipio-2-150x150.jpg",150,150,true],"medium":["https:\/\/infoecos.com.ar\/wp-content\/uploads\/Municipio-2-460x306.jpg",460,306,true],"medium_large":["https:\/\/infoecos.com.ar\/wp-content\/uploads\/Municipio-2-768x511.jpg",640,426,true],"large":["https:\/\/infoecos.com.ar\/wp-content\/uploads\/Municipio-2.jpg",640,426,false],"1536x1536":["https:\/\/infoecos.com.ar\/wp-content\/uploads\/Municipio-2.jpg",800,532,false],"2048x2048":["https:\/\/infoecos.com.ar\/wp-content\/uploads\/Municipio-2.jpg",800,532,false],"covernews-slider-full":["https:\/\/infoecos.com.ar\/wp-content\/uploads\/Municipio-2.jpg",800,532,false],"covernews-slider-center":["https:\/\/infoecos.com.ar\/wp-content\/uploads\/Municipio-2.jpg",752,500,false],"covernews-featured":["https:\/\/infoecos.com.ar\/wp-content\/uploads\/Municipio-2.jpg",800,532,false],"covernews-medium":["https:\/\/infoecos.com.ar\/wp-content\/uploads\/Municipio-2-720x380.jpg",540,285,true],"covernews-medium-square":["https:\/\/infoecos.com.ar\/wp-content\/uploads\/Municipio-2-675x450.jpg",375,250,true]},"author_info":{"info":["Jorge Matheus"]},"category_info":"<a href=\"https:\/\/infoecos.com.ar\/index.php\/category\/c3nota4\/\" rel=\"category tag\">C3 N4<\/a>","tag_info":"C3 N4","comment_count":"0","_links":{"self":[{"href":"https:\/\/infoecos.com.ar\/index.php\/wp-json\/wp\/v2\/posts\/77700","targetHints":{"allow":["GET"]}}],"collection":[{"href":"https:\/\/infoecos.com.ar\/index.php\/wp-json\/wp\/v2\/posts"}],"about":[{"href":"https:\/\/infoecos.com.ar\/index.php\/wp-json\/wp\/v2\/types\/post"}],"author":[{"embeddable":true,"href":"https:\/\/infoecos.com.ar\/index.php\/wp-json\/wp\/v2\/users\/2"}],"replies":[{"embeddable":true,"href":"https:\/\/infoecos.com.ar\/index.php\/wp-json\/wp\/v2\/comments?post=77700"}],"version-history":[{"count":1,"href":"https:\/\/infoecos.com.ar\/index.php\/wp-json\/wp\/v2\/posts\/77700\/revisions"}],"predecessor-version":[{"id":77701,"href":"https:\/\/infoecos.com.ar\/index.php\/wp-json\/wp\/v2\/posts\/77700\/revisions\/77701"}],"wp:featuredmedia":[{"embeddable":true,"href":"https:\/\/infoecos.com.ar\/index.php\/wp-json\/wp\/v2\/media\/61593"}],"wp:attachment":[{"href":"https:\/\/infoecos.com.ar\/index.php\/wp-json\/wp\/v2\/media?parent=77700"}],"wp:term":[{"taxonomy":"category","embeddable":true,"href":"https:\/\/infoecos.com.ar\/index.php\/wp-json\/wp\/v2\/categories?post=77700"},{"taxonomy":"post_tag","embeddable":true,"href":"https:\/\/infoecos.com.ar\/index.php\/wp-json\/wp\/v2\/tags?post=77700"}],"curies":[{"name":"wp","href":"https:\/\/api.w.org\/{rel}","templated":true}]}}