{"id":77704,"date":"2021-05-06T15:31:59","date_gmt":"2021-05-06T18:31:59","guid":{"rendered":"http:\/\/infoecos.com.ar\/?p=77704"},"modified":"2021-05-06T15:32:02","modified_gmt":"2021-05-06T18:32:02","slug":"diputados-propone-un-candidato-para-radio-y-television-argentina-s-e","status":"publish","type":"post","link":"https:\/\/infoecos.com.ar\/index.php\/diputados-propone-un-candidato-para-radio-y-television-argentina-s-e\/","title":{"rendered":"Diputados propone un candidato para Radio y Televisi\u00f3n Argentina S.E"},"content":{"rendered":"\n<p class=\"wp-block-paragraph\">Reuni\u00f3n de la comisi\u00f3n bicameral de Promoci\u00f3n y Seguimiento de la Comunicaci\u00f3n Audiovisual, las Tecnolog\u00edas de las Telecomunicaciones y la Digitalizaci\u00f3n para avanzar con la propuesta de candidata\/o para ser designado por el Poder Ejecutivo Nacional en el directorio de Radio y Televisi\u00f3n Argentina Sociedad del Estado. Tambi\u00e9n se presentar\u00e1 un informe y se designar\u00e1 una fecha para recibir a la Defensora del P\u00fablico de Servicios de Comunicaci\u00f3n Audiovisual.<\/p>\n\n\n\n<div class=\"wp-block-image\"><figure class=\"aligncenter size-medium\"><img loading=\"lazy\" decoding=\"async\" width=\"460\" height=\"307\" src=\"http:\/\/infoecos.com.ar\/wp-content\/uploads\/2020\/11\/fachada_informe-460x307.jpg\" alt=\"\" class=\"wp-image-70226\" srcset=\"https:\/\/infoecos.com.ar\/wp-content\/uploads\/2020\/11\/fachada_informe-460x307.jpg 460w, https:\/\/infoecos.com.ar\/wp-content\/uploads\/2020\/11\/fachada_informe-920x613.jpg 920w, https:\/\/infoecos.com.ar\/wp-content\/uploads\/2020\/11\/fachada_informe-768x512.jpg 768w, https:\/\/infoecos.com.ar\/wp-content\/uploads\/2020\/11\/fachada_informe-1536x1024.jpg 1536w, https:\/\/infoecos.com.ar\/wp-content\/uploads\/2020\/11\/fachada_informe-1024x683.jpg 1024w, https:\/\/infoecos.com.ar\/wp-content\/uploads\/2020\/11\/fachada_informe-675x450.jpg 675w, https:\/\/infoecos.com.ar\/wp-content\/uploads\/2020\/11\/fachada_informe.jpg 1920w\" sizes=\"auto, (max-width: 460px) 100vw, 460px\" \/><\/figure><\/div>\n\n\n\n<p class=\"wp-block-paragraph\">En TV: Diputados TV<\/p>\n\n\n\n<p class=\"wp-block-paragraph\">En la web: dtv.diputados.gob.ar<\/p>\n\n\n\n<p class=\"wp-block-paragraph\">YouTube: Hcdn.tv<\/p>\n\n\n\n<p class=\"wp-block-paragraph\">FB: \/diputados.argentina<\/p>\n\n\n\n<figure class=\"wp-block-embed is-type-video is-provider-youtube wp-block-embed-youtube wp-embed-aspect-4-3 wp-has-aspect-ratio\"><div class=\"wp-block-embed__wrapper\">\n<iframe loading=\"lazy\" title=\"VIDEOCONFERENCIA COMPLETA: H. C\u00e1mara de Diputados de la Naci\u00f3n - 6 de mayo de 2021\" width=\"640\" height=\"360\" src=\"https:\/\/www.youtube.com\/embed\/jaEVmFsxWsg?feature=oembed\" frameborder=\"0\" allow=\"accelerometer; autoplay; clipboard-write; encrypted-media; gyroscope; picture-in-picture; web-share\" referrerpolicy=\"strict-origin-when-cross-origin\" allowfullscreen><\/iframe>\n<\/div><\/figure>\n","protected":false},"excerpt":{"rendered":"<p>Tambi\u00e9n se presentar\u00e1 un informe y se designar\u00e1 una fecha para recibir a la Defensora del P\u00fablico de Servicios de Comunicaci\u00f3n Audiovisual<\/p>\n","protected":false},"author":2,"featured_media":70226,"comment_status":"closed","ping_status":"open","sticky":false,"template":"","format":"standard","meta":{"footnotes":""},"categories":[1327,51,1328],"tags":[3542],"class_list":["post-77704","post","type-post","status-publish","format-standard","has-post-thumbnail","hentry","category-audio","category-c2nota4","category-video","tag-hoy-18hs-teletrabajo-en-diputados"],"featured_image_urls":{"full":["https:\/\/infoecos.com.ar\/wp-content\/uploads\/2020\/11\/fachada_informe.jpg",1920,1280,false],"thumbnail":["https:\/\/infoecos.com.ar\/wp-content\/uploads\/2020\/11\/fachada_informe-150x150.jpg",150,150,true],"medium":["https:\/\/infoecos.com.ar\/wp-content\/uploads\/2020\/11\/fachada_informe-460x307.jpg",460,307,true],"medium_large":["https:\/\/infoecos.com.ar\/wp-content\/uploads\/2020\/11\/fachada_informe-768x512.jpg",640,427,true],"large":["https:\/\/infoecos.com.ar\/wp-content\/uploads\/2020\/11\/fachada_informe-920x613.jpg",640,426,true],"1536x1536":["https:\/\/infoecos.com.ar\/wp-content\/uploads\/2020\/11\/fachada_informe-1536x1024.jpg",1536,1024,true],"2048x2048":["https:\/\/infoecos.com.ar\/wp-content\/uploads\/2020\/11\/fachada_informe.jpg",1920,1280,false],"covernews-slider-full":["https:\/\/infoecos.com.ar\/wp-content\/uploads\/2020\/11\/fachada_informe-1536x1020.jpg",1077,715,true],"covernews-slider-center":["https:\/\/infoecos.com.ar\/wp-content\/uploads\/2020\/11\/fachada_informe-936x897.jpg",522,500,true],"covernews-featured":["https:\/\/infoecos.com.ar\/wp-content\/uploads\/2020\/11\/fachada_informe-1024x683.jpg",1024,683,true],"covernews-medium":["https:\/\/infoecos.com.ar\/wp-content\/uploads\/2020\/11\/fachada_informe-720x380.jpg",540,285,true],"covernews-medium-square":["https:\/\/infoecos.com.ar\/wp-content\/uploads\/2020\/11\/fachada_informe-675x450.jpg",375,250,true]},"author_info":{"info":["Jorge Matheus"]},"category_info":"<a href=\"https:\/\/infoecos.com.ar\/index.php\/category\/audio\/\" rel=\"category tag\">Audio<\/a> <a href=\"https:\/\/infoecos.com.ar\/index.php\/category\/c2nota4\/\" rel=\"category tag\">C2 N4<\/a> <a href=\"https:\/\/infoecos.com.ar\/index.php\/category\/video\/\" rel=\"category tag\">Video<\/a>","tag_info":"Video","comment_count":"0","_links":{"self":[{"href":"https:\/\/infoecos.com.ar\/index.php\/wp-json\/wp\/v2\/posts\/77704","targetHints":{"allow":["GET"]}}],"collection":[{"href":"https:\/\/infoecos.com.ar\/index.php\/wp-json\/wp\/v2\/posts"}],"about":[{"href":"https:\/\/infoecos.com.ar\/index.php\/wp-json\/wp\/v2\/types\/post"}],"author":[{"embeddable":true,"href":"https:\/\/infoecos.com.ar\/index.php\/wp-json\/wp\/v2\/users\/2"}],"replies":[{"embeddable":true,"href":"https:\/\/infoecos.com.ar\/index.php\/wp-json\/wp\/v2\/comments?post=77704"}],"version-history":[{"count":1,"href":"https:\/\/infoecos.com.ar\/index.php\/wp-json\/wp\/v2\/posts\/77704\/revisions"}],"predecessor-version":[{"id":77705,"href":"https:\/\/infoecos.com.ar\/index.php\/wp-json\/wp\/v2\/posts\/77704\/revisions\/77705"}],"wp:featuredmedia":[{"embeddable":true,"href":"https:\/\/infoecos.com.ar\/index.php\/wp-json\/wp\/v2\/media\/70226"}],"wp:attachment":[{"href":"https:\/\/infoecos.com.ar\/index.php\/wp-json\/wp\/v2\/media?parent=77704"}],"wp:term":[{"taxonomy":"category","embeddable":true,"href":"https:\/\/infoecos.com.ar\/index.php\/wp-json\/wp\/v2\/categories?post=77704"},{"taxonomy":"post_tag","embeddable":true,"href":"https:\/\/infoecos.com.ar\/index.php\/wp-json\/wp\/v2\/tags?post=77704"}],"curies":[{"name":"wp","href":"https:\/\/api.w.org\/{rel}","templated":true}]}}