{"id":77709,"date":"2021-05-06T15:55:12","date_gmt":"2021-05-06T18:55:12","guid":{"rendered":"http:\/\/infoecos.com.ar\/?p=77709"},"modified":"2021-05-06T15:55:14","modified_gmt":"2021-05-06T18:55:14","slug":"el-diputado-bucca-solicito-incluir-a-los-bomberos-como-personal-estrategico-para-su-vacunacion","status":"publish","type":"post","link":"https:\/\/infoecos.com.ar\/index.php\/el-diputado-bucca-solicito-incluir-a-los-bomberos-como-personal-estrategico-para-su-vacunacion\/","title":{"rendered":"El diputado Bucca solicit\u00f3 incluir a los Bomberos como personal estrat\u00e9gico para su vacunaci\u00f3n"},"content":{"rendered":"\n<p class=\"wp-block-paragraph\">El Diputado Nacional, Eduardo \u00abBali\u00bb Bucca solicit\u00f3 al Ejecutivo incluir a los Bomberos como personal estrat\u00e9gico para su vacuaci\u00f3n. El proyecto contempla que a trav\u00e9s del Ministerio de Salud,\u00a0<strong>se incluya dentro de la poblaci\u00f3n objetivo vacunar de forma prioritaria a los bomberos y bomberas que integran el Sistema Nacional de Bomberos Voluntarios (SNBV)<\/strong>, de acuerdo con los par\u00e1metros definidos en el Programa Estrat\u00e9gico de Vacunaci\u00f3n contra el COVID-19.<\/p>\n\n\n\n<div class=\"wp-block-image\"><figure class=\"aligncenter size-medium\"><img loading=\"lazy\" decoding=\"async\" width=\"460\" height=\"307\" src=\"http:\/\/infoecos.com.ar\/wp-content\/uploads\/2021\/05\/buccapedido-460x307.jpg\" alt=\"\" class=\"wp-image-77710\" srcset=\"https:\/\/infoecos.com.ar\/wp-content\/uploads\/2021\/05\/buccapedido-460x307.jpg 460w, https:\/\/infoecos.com.ar\/wp-content\/uploads\/2021\/05\/buccapedido-920x614.jpg 920w, https:\/\/infoecos.com.ar\/wp-content\/uploads\/2021\/05\/buccapedido-768x512.jpg 768w, https:\/\/infoecos.com.ar\/wp-content\/uploads\/2021\/05\/buccapedido-1024x683.jpg 1024w, https:\/\/infoecos.com.ar\/wp-content\/uploads\/2021\/05\/buccapedido-675x450.jpg 675w, https:\/\/infoecos.com.ar\/wp-content\/uploads\/2021\/05\/buccapedido.jpg 1280w\" sizes=\"auto, (max-width: 460px) 100vw, 460px\" \/><\/figure><\/div>\n\n\n\n<p class=\"wp-block-paragraph\"><em>\u201c<\/em><strong><em>Hoy 44.000 hombres y mujeres integran el SNBV, distribuidos en m\u00e1s de 1.000 cuarteles a lo largo y ancho del pa\u00eds, poniendo en riesgo sus vidas sin dudarlo un segundo. Las emergencias no esperan ni descansan, los bomberos y bomberas tampoco<\/em><\/strong><em>. Si se contagian, nadie m\u00e1s estar\u00e1 en condiciones de suplirlos, de brindar el servicio de seguridad siniestral que hace ya m\u00e1s de 137 a\u00f1os est\u00e1 a cargo de bomberos voluntarios en nuestro pa\u00eds\u201d<\/em>, argument\u00f3 el legislador Bucca.<\/p>\n\n\n\n<p class=\"wp-block-paragraph\">Si bien en algunas provincias como Salta, Tucum\u00e1n, La Rioja, Catamarca, Entre R\u00edos, C\u00f3rdoba y Chubut se comenz\u00f3 con la vacunaci\u00f3n, todav\u00eda no se ha recibido respuesta ante el pedido urgente desde el a\u00f1o pasado, para definir e implementar un plan de vacunaci\u00f3n que incluya a los bomberos en el resto de las provincias argentinas.<\/p>\n\n\n\n<p class=\"wp-block-paragraph\">Se estima que en el pa\u00eds, el trabajo voluntario y profesional que realizan los bomberos voluntarios, es un servicio que da respuesta a emergencias en el 80% del territorio nacional y para m\u00e1s de 44 millones de argentinos. La imposibilidad de que sean reemplazados por estar aislados, radica en que desempe\u00f1an una tarea espec\u00edfica que requiere a\u00f1os de capacitaci\u00f3n y constante entrenamiento, por eso mismo no pueden ser sustituidos y se los considera indispensables.<\/p>\n","protected":false},"excerpt":{"rendered":"<p>El proyecto contempla que a trav\u00e9s del Ministerio de Salud, se incluya dentro de la poblaci\u00f3n objetivo vacunar de forma prioritaria a los bomberos y bomberas que integran el Sistema Nacional de Bomberos Voluntarios (SNBV)<\/p>\n","protected":false},"author":2,"featured_media":77710,"comment_status":"closed","ping_status":"open","sticky":false,"template":"","format":"standard","meta":{"footnotes":""},"categories":[1613],"tags":[1785],"class_list":["post-77709","post","type-post","status-publish","format-standard","has-post-thumbnail","hentry","category-noticia-secundaria","tag-coronavirus"],"featured_image_urls":{"full":["https:\/\/infoecos.com.ar\/wp-content\/uploads\/2021\/05\/buccapedido.jpg",1280,854,false],"thumbnail":["https:\/\/infoecos.com.ar\/wp-content\/uploads\/2021\/05\/buccapedido-150x150.jpg",150,150,true],"medium":["https:\/\/infoecos.com.ar\/wp-content\/uploads\/2021\/05\/buccapedido-460x307.jpg",460,307,true],"medium_large":["https:\/\/infoecos.com.ar\/wp-content\/uploads\/2021\/05\/buccapedido-768x512.jpg",640,427,true],"large":["https:\/\/infoecos.com.ar\/wp-content\/uploads\/2021\/05\/buccapedido-920x614.jpg",640,427,true],"1536x1536":["https:\/\/infoecos.com.ar\/wp-content\/uploads\/2021\/05\/buccapedido.jpg",1280,854,false],"2048x2048":["https:\/\/infoecos.com.ar\/wp-content\/uploads\/2021\/05\/buccapedido.jpg",1280,854,false],"covernews-slider-full":["https:\/\/infoecos.com.ar\/wp-content\/uploads\/2021\/05\/buccapedido.jpg",1072,715,false],"covernews-slider-center":["https:\/\/infoecos.com.ar\/wp-content\/uploads\/2021\/05\/buccapedido-936x854.jpg",548,500,true],"covernews-featured":["https:\/\/infoecos.com.ar\/wp-content\/uploads\/2021\/05\/buccapedido-1024x683.jpg",1024,683,true],"covernews-medium":["https:\/\/infoecos.com.ar\/wp-content\/uploads\/2021\/05\/buccapedido-720x380.jpg",540,285,true],"covernews-medium-square":["https:\/\/infoecos.com.ar\/wp-content\/uploads\/2021\/05\/buccapedido-675x450.jpg",375,250,true]},"author_info":{"info":["Jorge Matheus"]},"category_info":"<a href=\"https:\/\/infoecos.com.ar\/index.php\/category\/noticia-secundaria\/\" rel=\"category tag\">Noticia Secundaria<\/a>","tag_info":"Noticia Secundaria","comment_count":"0","_links":{"self":[{"href":"https:\/\/infoecos.com.ar\/index.php\/wp-json\/wp\/v2\/posts\/77709","targetHints":{"allow":["GET"]}}],"collection":[{"href":"https:\/\/infoecos.com.ar\/index.php\/wp-json\/wp\/v2\/posts"}],"about":[{"href":"https:\/\/infoecos.com.ar\/index.php\/wp-json\/wp\/v2\/types\/post"}],"author":[{"embeddable":true,"href":"https:\/\/infoecos.com.ar\/index.php\/wp-json\/wp\/v2\/users\/2"}],"replies":[{"embeddable":true,"href":"https:\/\/infoecos.com.ar\/index.php\/wp-json\/wp\/v2\/comments?post=77709"}],"version-history":[{"count":1,"href":"https:\/\/infoecos.com.ar\/index.php\/wp-json\/wp\/v2\/posts\/77709\/revisions"}],"predecessor-version":[{"id":77711,"href":"https:\/\/infoecos.com.ar\/index.php\/wp-json\/wp\/v2\/posts\/77709\/revisions\/77711"}],"wp:featuredmedia":[{"embeddable":true,"href":"https:\/\/infoecos.com.ar\/index.php\/wp-json\/wp\/v2\/media\/77710"}],"wp:attachment":[{"href":"https:\/\/infoecos.com.ar\/index.php\/wp-json\/wp\/v2\/media?parent=77709"}],"wp:term":[{"taxonomy":"category","embeddable":true,"href":"https:\/\/infoecos.com.ar\/index.php\/wp-json\/wp\/v2\/categories?post=77709"},{"taxonomy":"post_tag","embeddable":true,"href":"https:\/\/infoecos.com.ar\/index.php\/wp-json\/wp\/v2\/tags?post=77709"}],"curies":[{"name":"wp","href":"https:\/\/api.w.org\/{rel}","templated":true}]}}