{"id":77723,"date":"2021-05-06T17:36:26","date_gmt":"2021-05-06T20:36:26","guid":{"rendered":"http:\/\/infoecos.com.ar\/?p=77723"},"modified":"2021-05-07T16:52:58","modified_gmt":"2021-05-07T19:52:58","slug":"oficial-confirmaron-que-fernandez-reasume-sus-funciones-el-lunes-proximo","status":"publish","type":"post","link":"https:\/\/infoecos.com.ar\/index.php\/oficial-confirmaron-que-fernandez-reasume-sus-funciones-el-lunes-proximo\/","title":{"rendered":"Oficial: confirmaron que Fern\u00e1ndez reasume sus funciones el lunes pr\u00f3ximo"},"content":{"rendered":"\n<p class=\"wp-block-paragraph\">Luego de cumplirse la licencia solicitada ante el Concejo Deliberante, el intendente municipal de Trenque Lauquen, Miguel Fern\u00e1ndez, reasumir\u00e1 sus funciones el pr\u00f3ximo lunes y a las 10 brindar\u00e1 una conferencia de prensa en el Sal\u00f3n Auditorio del Centro C\u00edvico, en Villegas y Oro.<\/p>\n\n\n\n<div class=\"wp-block-image\"><figure class=\"aligncenter size-medium\"><img loading=\"lazy\" decoding=\"async\" width=\"460\" height=\"259\" src=\"http:\/\/infoecos.com.ar\/wp-content\/uploads\/2021\/05\/Miguel-Fernandez-1-460x259.jpg\" alt=\"\" class=\"wp-image-77724\" srcset=\"https:\/\/infoecos.com.ar\/wp-content\/uploads\/2021\/05\/Miguel-Fernandez-1-460x259.jpg 460w, https:\/\/infoecos.com.ar\/wp-content\/uploads\/2021\/05\/Miguel-Fernandez-1.jpg 688w\" sizes=\"auto, (max-width: 460px) 100vw, 460px\" \/><\/figure><\/div>\n\n\n\n<p class=\"wp-block-paragraph\">El jefe comunal hab\u00eda pedido al HCD una pr\u00f3rroga de licencia por 30 d\u00edas \u2013fue aprobada en la Sesi\u00f3n Ordinaria del viernes 9 de abril- para continuar el per\u00edodo de recuperaci\u00f3n domiciliaria despu\u00e9s de haber sufrido un infarto de miocardio el viernes 26 de marzo pasado.<\/p>\n\n\n\n<p class=\"wp-block-paragraph\">Durante su ausencia, el concejal Esteban Vidal, primero en la lista del oficialismo que se impuso en las elecciones de 2019, se desempe\u00f1\u00f3 como intendente interino, cargo que a\u00fan est\u00e1 ocupando.<\/p>\n","protected":false},"excerpt":{"rendered":"<p>Durante su ausencia, el concejal Esteban Vidal, primero en la lista del oficialismo que se impuso en las elecciones de 2019, se desempe\u00f1\u00f3 como intendente interino, cargo que a\u00fan est\u00e1 ocupando<\/p>\n","protected":false},"author":2,"featured_media":77724,"comment_status":"closed","ping_status":"open","sticky":false,"template":"","format":"standard","meta":{"footnotes":""},"categories":[1335],"tags":[3605],"class_list":["post-77723","post","type-post","status-publish","format-standard","has-post-thumbnail","hentry","category-inferior15","tag-a-las-10-brindara-una-conferencia-de-prensa"],"featured_image_urls":{"full":["https:\/\/infoecos.com.ar\/wp-content\/uploads\/2021\/05\/Miguel-Fernandez-1.jpg",688,387,false],"thumbnail":["https:\/\/infoecos.com.ar\/wp-content\/uploads\/2021\/05\/Miguel-Fernandez-1-150x150.jpg",150,150,true],"medium":["https:\/\/infoecos.com.ar\/wp-content\/uploads\/2021\/05\/Miguel-Fernandez-1-460x259.jpg",460,259,true],"medium_large":["https:\/\/infoecos.com.ar\/wp-content\/uploads\/2021\/05\/Miguel-Fernandez-1.jpg",640,360,false],"large":["https:\/\/infoecos.com.ar\/wp-content\/uploads\/2021\/05\/Miguel-Fernandez-1.jpg",640,360,false],"1536x1536":["https:\/\/infoecos.com.ar\/wp-content\/uploads\/2021\/05\/Miguel-Fernandez-1.jpg",688,387,false],"2048x2048":["https:\/\/infoecos.com.ar\/wp-content\/uploads\/2021\/05\/Miguel-Fernandez-1.jpg",688,387,false],"covernews-slider-full":["https:\/\/infoecos.com.ar\/wp-content\/uploads\/2021\/05\/Miguel-Fernandez-1.jpg",688,387,false],"covernews-slider-center":["https:\/\/infoecos.com.ar\/wp-content\/uploads\/2021\/05\/Miguel-Fernandez-1.jpg",688,387,false],"covernews-featured":["https:\/\/infoecos.com.ar\/wp-content\/uploads\/2021\/05\/Miguel-Fernandez-1.jpg",688,387,false],"covernews-medium":["https:\/\/infoecos.com.ar\/wp-content\/uploads\/2021\/05\/Miguel-Fernandez-1-688x380.jpg",540,298,true],"covernews-medium-square":["https:\/\/infoecos.com.ar\/wp-content\/uploads\/2021\/05\/Miguel-Fernandez-1-675x387.jpg",400,229,true]},"author_info":{"info":["Jorge Matheus"]},"category_info":"<a href=\"https:\/\/infoecos.com.ar\/index.php\/category\/inferior15\/\" rel=\"category tag\">Bloque inferior - 15<\/a>","tag_info":"Bloque inferior - 15","comment_count":"0","_links":{"self":[{"href":"https:\/\/infoecos.com.ar\/index.php\/wp-json\/wp\/v2\/posts\/77723","targetHints":{"allow":["GET"]}}],"collection":[{"href":"https:\/\/infoecos.com.ar\/index.php\/wp-json\/wp\/v2\/posts"}],"about":[{"href":"https:\/\/infoecos.com.ar\/index.php\/wp-json\/wp\/v2\/types\/post"}],"author":[{"embeddable":true,"href":"https:\/\/infoecos.com.ar\/index.php\/wp-json\/wp\/v2\/users\/2"}],"replies":[{"embeddable":true,"href":"https:\/\/infoecos.com.ar\/index.php\/wp-json\/wp\/v2\/comments?post=77723"}],"version-history":[{"count":1,"href":"https:\/\/infoecos.com.ar\/index.php\/wp-json\/wp\/v2\/posts\/77723\/revisions"}],"predecessor-version":[{"id":77725,"href":"https:\/\/infoecos.com.ar\/index.php\/wp-json\/wp\/v2\/posts\/77723\/revisions\/77725"}],"wp:featuredmedia":[{"embeddable":true,"href":"https:\/\/infoecos.com.ar\/index.php\/wp-json\/wp\/v2\/media\/77724"}],"wp:attachment":[{"href":"https:\/\/infoecos.com.ar\/index.php\/wp-json\/wp\/v2\/media?parent=77723"}],"wp:term":[{"taxonomy":"category","embeddable":true,"href":"https:\/\/infoecos.com.ar\/index.php\/wp-json\/wp\/v2\/categories?post=77723"},{"taxonomy":"post_tag","embeddable":true,"href":"https:\/\/infoecos.com.ar\/index.php\/wp-json\/wp\/v2\/tags?post=77723"}],"curies":[{"name":"wp","href":"https:\/\/api.w.org\/{rel}","templated":true}]}}