{"id":77729,"date":"2021-05-06T18:14:49","date_gmt":"2021-05-06T21:14:49","guid":{"rendered":"http:\/\/infoecos.com.ar\/?p=77729"},"modified":"2021-05-06T18:14:56","modified_gmt":"2021-05-06T21:14:56","slug":"otras-399-personas-murieron-y-se-registraron-24-086-contagios","status":"publish","type":"post","link":"https:\/\/infoecos.com.ar\/index.php\/otras-399-personas-murieron-y-se-registraron-24-086-contagios\/","title":{"rendered":"Otras 399 personas murieron y se registraron 24.086 contagios"},"content":{"rendered":"\n<p class=\"wp-block-paragraph\">Desde el ministerio de Salud dirigido por la&nbsp;<strong>Dra. Carla Vizzotti<\/strong>&nbsp;publicaron el reporte epidemiol\u00f3gico diario que arroj\u00f3 una nueva cifra elevada de contagios diarios: 24.086 nuevos casos, sumados a 399 muertes registradas en todo el territorio nacional.<\/p>\n\n\n\n<div class=\"wp-block-image\"><figure class=\"aligncenter size-medium\"><img loading=\"lazy\" decoding=\"async\" width=\"460\" height=\"258\" src=\"http:\/\/infoecos.com.ar\/wp-content\/uploads\/coroam-460x258.jpg\" alt=\"\" class=\"wp-image-64435\" srcset=\"https:\/\/infoecos.com.ar\/wp-content\/uploads\/coroam-460x258.jpg 460w, https:\/\/infoecos.com.ar\/wp-content\/uploads\/coroam-920x517.jpg 920w, https:\/\/infoecos.com.ar\/wp-content\/uploads\/coroam-768x431.jpg 768w, https:\/\/infoecos.com.ar\/wp-content\/uploads\/coroam.jpg 1004w\" sizes=\"auto, (max-width: 460px) 100vw, 460px\" \/><\/figure><\/div>\n\n\n\n<p class=\"wp-block-paragraph\">Al igual que en el transcurso de la semana pasada, casi el 50% de los nuevos casos corresponden a la provincia de Buenos Aires: 10.739 hisopados resultaron positivos solo en territorio bonaerense, lo que denota una tendencia cada vez m\u00e1s establecida sobre la situaci\u00f3n epidemiol\u00f3gica de la provincia.<\/p>\n\n\n\n<p class=\"wp-block-paragraph\">El reporte facilitado por el ministerio de Salud nacional tambi\u00e9n indic\u00f3 que hay un porcentaje de ocupaci\u00f3n de camas de\u00a0Unidades de Terapia Intensiva\u00a0(UTI) del 68,8% en el pa\u00eds y del 76,5% en el \u00c1rea Metropolitana Buenos Aires (AMBA), cifras que preocupan cada vez m\u00e1s a la cartera de salud comandada por Vizzotti, aunque detuvieron el crecimiento exponencial que ven\u00edan experimentando en las \u00faltimas semanas.<\/p>\n\n\n\n<p class=\"wp-block-paragraph\">El n\u00famero de casos confirmados de la jornada se detalla del siguiente modo: Buenos Aires 10.739, Ciudad de Buenos Aires 2.800, Catamarca 146, Chaco 293, Chubut 192, Corrientes 225, C\u00f3rdoba 1.866, Entre R\u00edos 726, Formosa 353, Jujuy 91, La Pampa 392, La Rioja 78, Mendoza 767, Misiones 157, Neuqu\u00e9n 484, R\u00edo Negro 364, Salta 262, San Juan 431, San Luis 379, Santa Cruz 335, Santa Fe 1.996, Santiago del Estero 345, Tierra del Fuego 88 y Tucum\u00e1n 577.<\/p>\n\n\n\n<p class=\"wp-block-paragraph\">Con estos registros, suman 3.095.582 positivos en el pa\u00eds, de los cuales 2.757.230 son pacientes recuperados y 272.089 casos confirmados activos.<\/p>\n\n\n\n<div class=\"wp-block-image\"><figure class=\"aligncenter size-large\"><img loading=\"lazy\" decoding=\"async\" width=\"730\" height=\"257\" src=\"http:\/\/infoecos.com.ar\/wp-content\/uploads\/2021\/05\/reportemtriodesalud.png\" alt=\"\" class=\"wp-image-77730\" srcset=\"https:\/\/infoecos.com.ar\/wp-content\/uploads\/2021\/05\/reportemtriodesalud.png 730w, https:\/\/infoecos.com.ar\/wp-content\/uploads\/2021\/05\/reportemtriodesalud-460x162.png 460w\" sizes=\"auto, (max-width: 730px) 100vw, 730px\" \/><\/figure><\/div>\n","protected":false},"excerpt":{"rendered":"<p>Casi el 50% de los nuevos casos corresponden a la provincia de Buenos Aires: 10.739 hisopados resultaron positivos solo en territorio bonaerense, lo que denota una tendencia cada vez m\u00e1s establecida sobre la situaci\u00f3n epidemiol\u00f3gica de la provincia<\/p>\n","protected":false},"author":2,"featured_media":64947,"comment_status":"closed","ping_status":"open","sticky":false,"template":"","format":"standard","meta":{"footnotes":""},"categories":[45],"tags":[1785],"class_list":["post-77729","post","type-post","status-publish","format-standard","has-post-thumbnail","hentry","category-c1nota2","tag-coronavirus"],"featured_image_urls":{"full":["https:\/\/infoecos.com.ar\/wp-content\/uploads\/5f089401ace0a_1004x565-1.jpg",1004,565,false],"thumbnail":["https:\/\/infoecos.com.ar\/wp-content\/uploads\/5f089401ace0a_1004x565-1-150x150.jpg",150,150,true],"medium":["https:\/\/infoecos.com.ar\/wp-content\/uploads\/5f089401ace0a_1004x565-1-460x259.jpg",460,259,true],"medium_large":["https:\/\/infoecos.com.ar\/wp-content\/uploads\/5f089401ace0a_1004x565-1-768x432.jpg",640,360,true],"large":["https:\/\/infoecos.com.ar\/wp-content\/uploads\/5f089401ace0a_1004x565-1-920x518.jpg",640,360,true],"1536x1536":["https:\/\/infoecos.com.ar\/wp-content\/uploads\/5f089401ace0a_1004x565-1.jpg",1004,565,false],"2048x2048":["https:\/\/infoecos.com.ar\/wp-content\/uploads\/5f089401ace0a_1004x565-1.jpg",1004,565,false],"covernews-slider-full":["https:\/\/infoecos.com.ar\/wp-content\/uploads\/5f089401ace0a_1004x565-1.jpg",1004,565,false],"covernews-slider-center":["https:\/\/infoecos.com.ar\/wp-content\/uploads\/5f089401ace0a_1004x565-1-936x565.jpg",800,483,true],"covernews-featured":["https:\/\/infoecos.com.ar\/wp-content\/uploads\/5f089401ace0a_1004x565-1.jpg",1004,565,false],"covernews-medium":["https:\/\/infoecos.com.ar\/wp-content\/uploads\/5f089401ace0a_1004x565-1-720x380.jpg",540,285,true],"covernews-medium-square":["https:\/\/infoecos.com.ar\/wp-content\/uploads\/5f089401ace0a_1004x565-1-675x450.jpg",375,250,true]},"author_info":{"info":["Jorge Matheus"]},"category_info":"<a href=\"https:\/\/infoecos.com.ar\/index.php\/category\/c1nota2\/\" rel=\"category tag\">C1 N2<\/a>","tag_info":"C1 N2","comment_count":"0","_links":{"self":[{"href":"https:\/\/infoecos.com.ar\/index.php\/wp-json\/wp\/v2\/posts\/77729","targetHints":{"allow":["GET"]}}],"collection":[{"href":"https:\/\/infoecos.com.ar\/index.php\/wp-json\/wp\/v2\/posts"}],"about":[{"href":"https:\/\/infoecos.com.ar\/index.php\/wp-json\/wp\/v2\/types\/post"}],"author":[{"embeddable":true,"href":"https:\/\/infoecos.com.ar\/index.php\/wp-json\/wp\/v2\/users\/2"}],"replies":[{"embeddable":true,"href":"https:\/\/infoecos.com.ar\/index.php\/wp-json\/wp\/v2\/comments?post=77729"}],"version-history":[{"count":1,"href":"https:\/\/infoecos.com.ar\/index.php\/wp-json\/wp\/v2\/posts\/77729\/revisions"}],"predecessor-version":[{"id":77731,"href":"https:\/\/infoecos.com.ar\/index.php\/wp-json\/wp\/v2\/posts\/77729\/revisions\/77731"}],"wp:featuredmedia":[{"embeddable":true,"href":"https:\/\/infoecos.com.ar\/index.php\/wp-json\/wp\/v2\/media\/64947"}],"wp:attachment":[{"href":"https:\/\/infoecos.com.ar\/index.php\/wp-json\/wp\/v2\/media?parent=77729"}],"wp:term":[{"taxonomy":"category","embeddable":true,"href":"https:\/\/infoecos.com.ar\/index.php\/wp-json\/wp\/v2\/categories?post=77729"},{"taxonomy":"post_tag","embeddable":true,"href":"https:\/\/infoecos.com.ar\/index.php\/wp-json\/wp\/v2\/tags?post=77729"}],"curies":[{"name":"wp","href":"https:\/\/api.w.org\/{rel}","templated":true}]}}