{"id":77732,"date":"2021-05-06T18:29:15","date_gmt":"2021-05-06T21:29:15","guid":{"rendered":"http:\/\/infoecos.com.ar\/?p=77732"},"modified":"2021-05-08T00:29:30","modified_gmt":"2021-05-08T03:29:30","slug":"kicillof-en-bahia-blanca-nuestra-idea-es-cuidar-a-la-gente-no-complicarle-ni-molestarle-la-vida-a-nadie","status":"publish","type":"post","link":"https:\/\/infoecos.com.ar\/index.php\/kicillof-en-bahia-blanca-nuestra-idea-es-cuidar-a-la-gente-no-complicarle-ni-molestarle-la-vida-a-nadie\/","title":{"rendered":"Kicillof en Bah\u00eda Blanca: \u00abnuestra idea es cuidar a la gente, no complicarle ni molestarle la vida a nadie\u00bb"},"content":{"rendered":"\n<p class=\"wp-block-paragraph\">En su visita a Bah\u00eda Blanca concretada este jueves, el gobernador bonaerense Axel Kicillof habl\u00f3 sobre la suspensi\u00f3n de las clases presenciales y sostuvo que \u00abnuestra idea es cuidar a la gente, no complicarle ni molestarle la vida a nadie\u00bb.<\/p>\n\n\n\n<p class=\"wp-block-paragraph\">Reconoci\u00f3 que \u00absuspender&nbsp;la presencialidad en las escuelas hay que evitarlo de todas las maneras posibles, pero es una forma clara para bajar la circulaci\u00f3n\u00bb.<\/p>\n\n\n\n<div class=\"wp-block-image\"><figure class=\"aligncenter size-medium\"><img loading=\"lazy\" decoding=\"async\" width=\"460\" height=\"312\" src=\"http:\/\/infoecos.com.ar\/wp-content\/uploads\/2021\/05\/2021_05_06-AK-Bahia-Blanca0010-460x312.jpg\" alt=\"\" class=\"wp-image-77733\" srcset=\"https:\/\/infoecos.com.ar\/wp-content\/uploads\/2021\/05\/2021_05_06-AK-Bahia-Blanca0010-460x312.jpg 460w, https:\/\/infoecos.com.ar\/wp-content\/uploads\/2021\/05\/2021_05_06-AK-Bahia-Blanca0010-920x623.jpg 920w, https:\/\/infoecos.com.ar\/wp-content\/uploads\/2021\/05\/2021_05_06-AK-Bahia-Blanca0010-768x520.jpg 768w, https:\/\/infoecos.com.ar\/wp-content\/uploads\/2021\/05\/2021_05_06-AK-Bahia-Blanca0010-1536x1041.jpg 1536w, https:\/\/infoecos.com.ar\/wp-content\/uploads\/2021\/05\/2021_05_06-AK-Bahia-Blanca0010-2048x1388.jpg 2048w, https:\/\/infoecos.com.ar\/wp-content\/uploads\/2021\/05\/2021_05_06-AK-Bahia-Blanca0010-1024x694.jpg 1024w\" sizes=\"auto, (max-width: 460px) 100vw, 460px\" \/><\/figure><\/div>\n\n\n\n<p class=\"wp-block-paragraph\">\u00abLo aplicaron todos:&nbsp;Alemania, Espa\u00f1a, Italia, Uruguay, Chile. No es s\u00f3lo lo que ocurre dentro del aula. Bajar la circulaci\u00f3n es algo que dijeron los&nbsp;epidemi\u00f3logos en todo el mundo e&nbsp;implica en algunos casos suspender la presencialidad. Me duele, que quede claro\u00bb, ampli\u00f3.<\/p>\n\n\n\n<p class=\"wp-block-paragraph\">El gobernador de la provincia de Buenos Aires lleg\u00f3&nbsp;a Bah\u00eda&nbsp;con la misi\u00f3n de oficializar&nbsp;<a rel=\"noreferrer noopener\" href=\"https:\/\/www.lanueva.com\/nota\/2021-5-6-12-11-0-con-la-presencia-de-kicillof-se-hizo-oficial-la-entrega-de-72-patrulleros-para-bahia-y-la-zona\" target=\"_blank\">la entrega de 72 patrulleros<\/a>&nbsp;para la ciudad y la zona y para&nbsp;<a rel=\"noreferrer noopener\" href=\"https:\/\/www.lanueva.com\/nota\/2021-5-6-14-15-0-kicillof-anuncio-obras-hidricas-para-bahia-y-cuestiono-a-la-exgobernadora-vidal\" target=\"_blank\">anunciar las realizaci\u00f3n de nuevas obras h\u00eddricas<\/a>. Luego recibi\u00f3 a<strong>&nbsp;<em>La Nueva.<\/em><\/strong>&nbsp;y habl\u00f3 de varios temas.<\/p>\n\n\n\n<p class=\"wp-block-paragraph\">\u00abLa recomendaci\u00f3n es &#8216;quedate en tu casa&#8217; y eso abarca a todas las actividades. Ninguna en s\u00ed es el foco primero y \u00fanico de contagio, pero bajar la circulaci\u00f3n y bajar la obligaci\u00f3n de tener que salir es algo que necesit\u00e1bamos hacer r\u00e1pidamente\u00bb, subray\u00f3.<\/p>\n\n\n\n<p class=\"wp-block-paragraph\">En di\u00e1logo con el periodista Maximiliano Allica, Kicillof cont\u00f3 que \u00abel presidente lo resolvi\u00f3&nbsp;a trav\u00e9s de un decreto que afecta a la provincia de Buenos Aires y obviamente nosotros lo aceptamos porque es ley. Lo que logramos es muy bueno, porque estabilizamos la suba de contagios aunque las camas de terapia siguen llen\u00e1ndose porque entran casos anteriores\u00bb.<\/p>\n\n\n\n<div class=\"wp-block-image\"><figure class=\"aligncenter size-medium\"><img loading=\"lazy\" decoding=\"async\" width=\"460\" height=\"307\" src=\"http:\/\/infoecos.com.ar\/wp-content\/uploads\/2021\/05\/2021_05_06-AK-Bahia-Blanca0006-460x307.jpg\" alt=\"\" class=\"wp-image-77734\" srcset=\"https:\/\/infoecos.com.ar\/wp-content\/uploads\/2021\/05\/2021_05_06-AK-Bahia-Blanca0006-460x307.jpg 460w, https:\/\/infoecos.com.ar\/wp-content\/uploads\/2021\/05\/2021_05_06-AK-Bahia-Blanca0006-920x614.jpg 920w, https:\/\/infoecos.com.ar\/wp-content\/uploads\/2021\/05\/2021_05_06-AK-Bahia-Blanca0006-768x513.jpg 768w, https:\/\/infoecos.com.ar\/wp-content\/uploads\/2021\/05\/2021_05_06-AK-Bahia-Blanca0006-1536x1025.jpg 1536w, https:\/\/infoecos.com.ar\/wp-content\/uploads\/2021\/05\/2021_05_06-AK-Bahia-Blanca0006-2048x1367.jpg 2048w, https:\/\/infoecos.com.ar\/wp-content\/uploads\/2021\/05\/2021_05_06-AK-Bahia-Blanca0006-1024x683.jpg 1024w, https:\/\/infoecos.com.ar\/wp-content\/uploads\/2021\/05\/2021_05_06-AK-Bahia-Blanca0006-675x450.jpg 675w\" sizes=\"auto, (max-width: 460px) 100vw, 460px\" \/><\/figure><\/div>\n\n\n\n<p class=\"wp-block-paragraph\">En otro segmento de la extensa entrevista, el gobernador manifest\u00f3 que \u00abtodo lo que tiene que ver con negocios y actividades habilitadas es de control municipal; las multas son claramente municipales\u00bb.<\/p>\n\n\n\n<p class=\"wp-block-paragraph\">\u00abEso&nbsp;no quiere decir que la polic\u00eda provincial no pueda asistir, pero nunca un polic\u00eda entra a un negocio a ver qu\u00e9&nbsp;permiso tiene porque no es su funci\u00f3n. S\u00ed lo hemos hecho con respecto a la circulaci\u00f3n, con los agentes de calle, pero la polic\u00eda al mismo tiempo tiene que dedicarse a combatir el delito\u00bb, se\u00f1al\u00f3.<\/p>\n\n\n\n<p class=\"wp-block-paragraph\">\u00abA uno le gustar\u00eda que no exista el virus \u2014continu\u00f3\u2014, estar\u00edamos haciendo un mont\u00f3n de cosas que no podemos hacer. Pero existe, negarlo solo lleva a m\u00e1s muertes\u00bb, remarc\u00f3.<\/p>\n\n\n\n<div class=\"wp-block-image\"><figure class=\"aligncenter size-medium\"><img loading=\"lazy\" decoding=\"async\" width=\"460\" height=\"307\" src=\"http:\/\/infoecos.com.ar\/wp-content\/uploads\/2021\/05\/2021_05_06-AK-Bahia-Blanca0001-460x307.jpg\" alt=\"\" class=\"wp-image-77735\" srcset=\"https:\/\/infoecos.com.ar\/wp-content\/uploads\/2021\/05\/2021_05_06-AK-Bahia-Blanca0001-460x307.jpg 460w, https:\/\/infoecos.com.ar\/wp-content\/uploads\/2021\/05\/2021_05_06-AK-Bahia-Blanca0001-920x614.jpg 920w, https:\/\/infoecos.com.ar\/wp-content\/uploads\/2021\/05\/2021_05_06-AK-Bahia-Blanca0001-768x513.jpg 768w, https:\/\/infoecos.com.ar\/wp-content\/uploads\/2021\/05\/2021_05_06-AK-Bahia-Blanca0001-1536x1025.jpg 1536w, https:\/\/infoecos.com.ar\/wp-content\/uploads\/2021\/05\/2021_05_06-AK-Bahia-Blanca0001-2048x1367.jpg 2048w, https:\/\/infoecos.com.ar\/wp-content\/uploads\/2021\/05\/2021_05_06-AK-Bahia-Blanca0001-1024x683.jpg 1024w, https:\/\/infoecos.com.ar\/wp-content\/uploads\/2021\/05\/2021_05_06-AK-Bahia-Blanca0001-675x450.jpg 675w\" sizes=\"auto, (max-width: 460px) 100vw, 460px\" \/><\/figure><\/div>\n\n\n\n<p class=\"wp-block-paragraph\">&nbsp;Volviendo al tema crucial de las clases presenciales, prohibidas en Bah\u00eda Blanca mientras dura la fase 2 del distanciamiento por el avance de la segunda ola de coronavirus, Kicillof dijo que \u00ablo que hacemos es lo que hizo todo el planeta y est\u00e1 claro que baja la circulaci\u00f3n\u00bb.<\/p>\n\n\n\n<p class=\"wp-block-paragraph\">\u00abAhora, si me pregunt\u00e1s si me gusta, si est\u00e1 bueno, si no me importa\u2026 Todo lo contrario. Soy pap\u00e1, s\u00e9 lo que es la virtualidad o la distancia y lo que significa el costo psicol\u00f3gico en los chicos. Pero de un lado tenemos eso y del otro, muertos, y gente joven\u00bb, contest\u00f3.<\/p>\n\n\n\n<p class=\"wp-block-paragraph\"><strong>Fuente textual: lanueva.com<\/strong><\/p>\n","protected":false},"excerpt":{"rendered":"<p>El gobernador lleg\u00f3 a Bah\u00eda con la misi\u00f3n de oficializar la entrega de 72 patrulleros para la ciudad y la zona y anunciar las realizaci\u00f3n de nuevas obras h\u00eddricas. Luego recibi\u00f3 a La Nueva. y habl\u00f3 de varios temas<\/p>\n","protected":false},"author":2,"featured_media":77733,"comment_status":"closed","ping_status":"open","sticky":false,"template":"","format":"standard","meta":{"footnotes":""},"categories":[1323],"tags":[3607],"class_list":["post-77732","post","type-post","status-publish","format-standard","has-post-thumbnail","hentry","category-c2nota5","tag-declaraciones-a-lanueva-com"],"featured_image_urls":{"full":["https:\/\/infoecos.com.ar\/wp-content\/uploads\/2021\/05\/2021_05_06-AK-Bahia-Blanca0010-scaled.jpg",2560,1735,false],"thumbnail":["https:\/\/infoecos.com.ar\/wp-content\/uploads\/2021\/05\/2021_05_06-AK-Bahia-Blanca0010-150x150.jpg",150,150,true],"medium":["https:\/\/infoecos.com.ar\/wp-content\/uploads\/2021\/05\/2021_05_06-AK-Bahia-Blanca0010-460x312.jpg",460,312,true],"medium_large":["https:\/\/infoecos.com.ar\/wp-content\/uploads\/2021\/05\/2021_05_06-AK-Bahia-Blanca0010-768x520.jpg",640,433,true],"large":["https:\/\/infoecos.com.ar\/wp-content\/uploads\/2021\/05\/2021_05_06-AK-Bahia-Blanca0010-920x623.jpg",640,433,true],"1536x1536":["https:\/\/infoecos.com.ar\/wp-content\/uploads\/2021\/05\/2021_05_06-AK-Bahia-Blanca0010-1536x1041.jpg",1536,1041,true],"2048x2048":["https:\/\/infoecos.com.ar\/wp-content\/uploads\/2021\/05\/2021_05_06-AK-Bahia-Blanca0010-2048x1388.jpg",2048,1388,true],"covernews-slider-full":["https:\/\/infoecos.com.ar\/wp-content\/uploads\/2021\/05\/2021_05_06-AK-Bahia-Blanca0010-1536x1020.jpg",1077,715,true],"covernews-slider-center":["https:\/\/infoecos.com.ar\/wp-content\/uploads\/2021\/05\/2021_05_06-AK-Bahia-Blanca0010-936x897.jpg",522,500,true],"covernews-featured":["https:\/\/infoecos.com.ar\/wp-content\/uploads\/2021\/05\/2021_05_06-AK-Bahia-Blanca0010-1024x694.jpg",1024,694,true],"covernews-medium":["https:\/\/infoecos.com.ar\/wp-content\/uploads\/2021\/05\/2021_05_06-AK-Bahia-Blanca0010-720x380.jpg",540,285,true],"covernews-medium-square":["https:\/\/infoecos.com.ar\/wp-content\/uploads\/2021\/05\/2021_05_06-AK-Bahia-Blanca0010-675x450.jpg",375,250,true]},"author_info":{"info":["Jorge Matheus"]},"category_info":"<a href=\"https:\/\/infoecos.com.ar\/index.php\/category\/c2nota5\/\" rel=\"category tag\">C2 N5<\/a>","tag_info":"C2 N5","comment_count":"0","_links":{"self":[{"href":"https:\/\/infoecos.com.ar\/index.php\/wp-json\/wp\/v2\/posts\/77732","targetHints":{"allow":["GET"]}}],"collection":[{"href":"https:\/\/infoecos.com.ar\/index.php\/wp-json\/wp\/v2\/posts"}],"about":[{"href":"https:\/\/infoecos.com.ar\/index.php\/wp-json\/wp\/v2\/types\/post"}],"author":[{"embeddable":true,"href":"https:\/\/infoecos.com.ar\/index.php\/wp-json\/wp\/v2\/users\/2"}],"replies":[{"embeddable":true,"href":"https:\/\/infoecos.com.ar\/index.php\/wp-json\/wp\/v2\/comments?post=77732"}],"version-history":[{"count":2,"href":"https:\/\/infoecos.com.ar\/index.php\/wp-json\/wp\/v2\/posts\/77732\/revisions"}],"predecessor-version":[{"id":77737,"href":"https:\/\/infoecos.com.ar\/index.php\/wp-json\/wp\/v2\/posts\/77732\/revisions\/77737"}],"wp:featuredmedia":[{"embeddable":true,"href":"https:\/\/infoecos.com.ar\/index.php\/wp-json\/wp\/v2\/media\/77733"}],"wp:attachment":[{"href":"https:\/\/infoecos.com.ar\/index.php\/wp-json\/wp\/v2\/media?parent=77732"}],"wp:term":[{"taxonomy":"category","embeddable":true,"href":"https:\/\/infoecos.com.ar\/index.php\/wp-json\/wp\/v2\/categories?post=77732"},{"taxonomy":"post_tag","embeddable":true,"href":"https:\/\/infoecos.com.ar\/index.php\/wp-json\/wp\/v2\/tags?post=77732"}],"curies":[{"name":"wp","href":"https:\/\/api.w.org\/{rel}","templated":true}]}}